{"id":631448,"date":"2025-12-31T05:56:14","date_gmt":"2025-12-31T05:56:14","guid":{"rendered":"https:\/\/www.europesays.com\/fr\/631448\/"},"modified":"2025-12-31T05:56:14","modified_gmt":"2025-12-31T05:56:14","slug":"le-top-5-des-plus-gros-clashs-a-la-television","status":"publish","type":"post","link":"https:\/\/www.europesays.com\/fr\/631448\/","title":{"rendered":"le top 5 des plus gros clashs \u00e0 la t\u00e9l\u00e9vision"},"content":{"rendered":"<p>\n    <strong>VID\u00c9OS &#8211;\u00a0<\/strong> De Cyril Hanouna \u00e0 Rapha\u00ebl Glucksmann, en passant par Rachida Dati, l\u2019ann\u00e9e aura \u00e9t\u00e9 riche en s\u00e9quences marquantes. Retour en images sur ces \u00e9changes sous tension.<\/p>\n<p class=\"fig-paragraph\">Politiques, chroniqueurs ou com\u00e9diens, tous ont, cette ann\u00e9e encore, offert un v\u00e9ritable spectacle m\u00e9diatique. Entre clashs en direct, d\u00e9bats enflamm\u00e9s et d\u00e9rapages, les plateaux se sont souvent transform\u00e9s en ar\u00e8nes. \u00c0 l\u2019occasion de cette fin d\u2019ann\u00e9e, retour sur cinq s\u00e9quences marquantes.<\/p>\n<p>                                                                \u00c9ric Zemmour et Rapha\u00ebl Glucksmann<\/p>\n<p class=\"fig-paragraph\">La premi\u00e8re s\u00e9quence marquante de 2025 est celle offerte par les deux hommes politiques sur le plateau de \u00abLa Grande Confrontation\u00bb sur LCI au mois de novembre. Le principal point de tension est n\u00e9 d\u2019une question pos\u00e9e par\u00a0<a href=\"http:\/\/tvmag.lefigaro.fr\/programme-tv\/actu-tele\/arretez-david-pujadas-oblige-de-se-lever-pour-calmer-les-echanges-entre-eric-zemmour-et-raphael-glucksmann-20251119\" data-fig-type=\"Article\" data-gtm-custom-categorie=\"navigation\" data-gtm-custom-action=\"crossclick\" data-gtm-custom-label=\"Contextuel\" data-gtm-event=\"customEventSPE\" data-fig-domain=\"TVMAG\" target=\"_blank\" rel=\"noopener\">David Pujadas<\/a>\u00a0\u00e0 l\u2019eurod\u00e9put\u00e9 socialiste, lui demandant si la diversit\u00e9 \u00e9tait, selon lui, \u00absource d\u2019\u00e9quilibre et de bonheur\u00bb, contrairement \u00e0 ce que pense son adversaire. \u00abC\u2019est cette diversit\u00e9 que vous condamnez qui a fait de notre pays une grande nation qui a un destin. Moi, je ne r\u00eave pas pour la France d\u2019un destin \u00e0 la hongroise, \u00e0 la Orb\u00e1n&#8230;\u00a0\u00bb a r\u00e9pondu le compagnon de L\u00e9a Salam\u00e9.<\/p>\n<p>                                                                <a class=\"fig-a11y-skip\" href=\"#fig-a11y-skip-main-inarticle\" data-module=\"a11y-skip\" data-context=\"was @visible\"><br \/>\n    Passer la publicit\u00e9<br \/>\n<\/a>            <\/p>\n<p class=\"fig-paragraph\">Le leader de Reconqu\u00eate s\u2019est aussit\u00f4t \u00e9lev\u00e9 contre ces propos, citant les morts de la petite Lola, de Thomas Perotto \u00e0 Cr\u00e9pol, ou encore de Philippine Le Noir de Carlan pour appuyer son point de vue. Le ton est alors rapidement mont\u00e9 entre les deux hommes. \u00abEn Hongrie, vous ob\u00e9iriez \u00e0 Xi Jinping et \u00e0 Vladimir Poutine\u00a0\u00bb, a r\u00e9pliqu\u00e9 Rapha\u00ebl Glucksmann, tandis que leurs attaques rendaient l\u2019\u00e9change de plus en plus inaudible. \u00abC\u2019est indigne\u00a0! Vous vous moquez de ces gens\u00a0\u00bb, a r\u00e9pondu \u00c9ric Zemmour, provoquant \u00e0 son tour la col\u00e8re de son opposant. Face \u00e0 ce tumulte, David Pujadas, debout sur le plateau, a tent\u00e9 de calmer la situation, rappelant ses invit\u00e9s\u00a0: \u00abVous ne donnez pas le bon exemple.\u00bb<\/p>\n<p>                                                                Paul de Saint Sernin et Nicolas Bedos<\/p>\n<p class=\"fig-paragraph\">Le plateau de\u00a0<a href=\"http:\/\/tvmag.lefigaro.fr\/programme-tv\/actu-tele\/une-maniere-de-te-montrer-que-c-est-important-le-consentement-paul-de-saint-sernin-s-en-prend-a-nicolas-bedos-20250504\" data-fig-type=\"Article\" data-gtm-custom-categorie=\"navigation\" data-gtm-custom-action=\"crossclick\" data-gtm-custom-label=\"Contextuel\" data-gtm-event=\"customEventSPE\" data-fig-domain=\"TVMAG\" target=\"_blank\" rel=\"noopener\">\u00abQuelle \u00e9poque\u00a0!\u00bb<\/a>\u00a0a \u00e9t\u00e9, cette ann\u00e9e encore, t\u00e9moin de nombreux affrontements m\u00e9diatiques. L\u2019une des s\u00e9quences les plus comment\u00e9es a eu lieu au printemps, entre Nicolas Bedos et le chroniqueur de l\u2019\u00e9mission Paul de Saint Sernin. Le samedi 3 mai, le com\u00e9dien \u00e9tait l\u2019invit\u00e9 de L\u00e9a Salam\u00e9 pour pr\u00e9senter son dernier livre intitul\u00e9 La soif de honte, paru aux \u00e9ditions de L\u2019Observatoire. Dans cet ouvrage, le r\u00e9alisateur de Mascarade revient sur sa condamnation \u00e0 un an de prison, dont six mois avec sursis sous bracelet \u00e9lectronique pour agressions sexuelles sur deux femmes en 2023.<\/p>\n<p class=\"fig-paragraph\">Ce soir-l\u00e0, seul face \u00e0 la journaliste, Nicolas Bedos a d\u00fb encaisser une pique de\u00a0<a href=\"http:\/\/tvmag.lefigaro.fr\/programme-tv\/actu-tele\/je-n-avais-pas-envie-de-participer-paul-de-saint-sernin-revient-sur-sa-pique-a-nicolas-bedos-dans-quelle-epoque-20250923\" data-fig-type=\"Article\" data-gtm-custom-categorie=\"navigation\" data-gtm-custom-action=\"crossclick\" data-gtm-custom-label=\"Contextuel\" data-gtm-event=\"customEventSPE\" data-fig-domain=\"TVMAG\" target=\"_blank\" rel=\"noopener\">Paul de\u202fSaint Sernin<\/a>, fid\u00e8le \u00e0 son humour provocateur\u00a0: \u00abTout l\u2019argent r\u00e9colt\u00e9 gr\u00e2ce \u00e0 la vente de ce livre va \u00eatre revers\u00e9 \u00e0 une association de victimes. Tu ne le sais pas, je viens de le d\u00e9cider\u00bb. Apr\u00e8s un l\u00e9ger sourire, Nicolas Bedos s\u2019est finalement crisp\u00e9\u00a0: \u00abC\u2019est s\u00e9rieux ce qu\u2019on dit, l\u00e0\u00bb. Imperturbable, le sniper a imm\u00e9diatement r\u00e9pliqu\u00e9\u00a0: \u00abC\u2019\u00e9tait une mani\u00e8re de te rappeler que le consentement compte\u00a0: je d\u00e9cide \u00e0 ta place, sans te demander ton avis\u00bb. Une ultime punchline qui a jet\u00e9 un froid sur le plateau de L\u00e9a\u202fSalam\u00e9, sous les rires g\u00ean\u00e9s du public.<\/p>\n<p class=\"fig-body-link\">\n            \u00c0 lire aussi<br \/>\n        <a class=\"fig-body-link__link\" href=\"http:\/\/tvmag.lefigaro.fr\/programme-tv\/actu-tele\/mon-taf-c-est-de-faire-une-vanne-paul-de-saint-sernin-revient-sur-son-echange-tendu-avec-louis-sarkozy-20250929\" data-fig-type=\"Article\" data-gtm-custom-categorie=\"navigation\" data-gtm-custom-action=\"crossclick\" data-gtm-custom-label=\"Contextuel\" data-gtm-event=\"customEventSPE\" data-fig-domain=\"TVMAG\" target=\"_blank\" rel=\"noopener\"><\/p>\n<p>        \u00abMon taf, c\u2019est de faire une vanne\u00bb\u00a0: Paul de Saint Sernin revient sur son \u00e9change tendu avec Louis Sarkozy<br \/>\n    <\/a>\n<\/p>\n<p>                                                                Pascal Praud et Shannon Seban<\/p>\n<p class=\"fig-paragraph\">Habitu\u00e9 des d\u00e9bats agit\u00e9s,\u00a0<a href=\"http:\/\/tvmag.lefigaro.fr\/programme-tv\/actu-tele\/ca-ne-veut-rien-dire-ce-que-vous-dites-vif-echange-entre-pascal-praud-et-shannon-seban-sur-cnews-20250610\" data-fig-type=\"Article\" data-gtm-custom-categorie=\"navigation\" data-gtm-custom-action=\"crossclick\" data-gtm-custom-label=\"Contextuel\" data-gtm-event=\"customEventSPE\" data-fig-domain=\"TVMAG\" target=\"_blank\" rel=\"noopener\">Pascal\u202fPraud<\/a>\u00a0recevait le 10 juin Shannon\u202fSeban, pr\u00e9sidente du groupe Renaissance en Seine-Saint-Denis, venue pr\u00e9senter son livre Fran\u00e7aise, juive et alors\u00a0? publi\u00e9 aux \u00e9ditions de L\u2019observatoire. \u00abDepuis l\u2019attaque du 7\u202foctobre, j\u2019ai le sentiment que le Rassemblement national d\u00e9fend les Fran\u00e7ais juifs tandis que LFI les attaque\u00a0\u00bb, a lanc\u00e9 le journaliste avant d\u2019interpeller son invit\u00e9e\u00a0: \u00abVous qui \u00eates juive, consid\u00e9rez-vous que c\u2019est bonnet blanc et blanc bonnet\u00a0?\u00bb\u202fCe \u00e0 quoi l\u2019\u00e9lue Renaissance lui a r\u00e9pondu\u00a0: \u00abCe que veut le Rassemblement national, c\u2019est l\u2019effacement des identit\u00e9s. Moi, je crois en la richesse de la diversit\u00e9.\u00bb<\/p>\n<p class=\"fig-paragraph\">Une prise de position qui a fait bondir l\u2019\u00e9ditorialiste de CNews, d\u00e9taillant la critique de son livre\u00a0: \u00abJe ne comprends rien \u00e0 ce que vous dites, c\u2019est un m\u00e9li-m\u00e9lo de poncifs et de phrases creuses\u2026 une bouillie intellectuelle\u00a0!\u00bb Avant d\u2019ajouter\u00a0: \u00abJe ne comprends pas que vous refusiez de choisir entre le RN et LFI\u00a0!\u00bb Agac\u00e9e, Shannon Seban a tent\u00e9 de recentrer le propos\u202f.\u00abOn ne va pas faire trente minutes sur le RN\u00a0! Ce n\u2019est que trois pages sur deux cent\u00a0!\u00bb a-t-elle finalement conclu.<\/p>\n<p>                                                                <a class=\"fig-a11y-skip\" href=\"#fig-a11y-skip-main-inarticle_mtf\" data-module=\"a11y-skip\" data-context=\"was @visible\"><br \/>\n    Passer la publicit\u00e9<br \/>\n<\/a>            <\/p>\n<p>                                                                Rachida Dati et Patrick Cohen<\/p>\n<p class=\"fig-paragraph\">Une semaine plus tard, c\u2019est sur le plateau de \u00abC \u00e0 vous\u00bb que l\u2019ambiance \u00e9tait \u00e9lectrique. Invit\u00e9e par Anne-\u00c9lisabeth Lemoine, la ministre de la Culture intervenait quelques jours seulement apr\u00e8s la diffusion d\u2019un\u00a0<a href=\"https:\/\/tvmag.lefigaro.fr\/programme-tv\/actu-tele\/complement-d-enquete-le-numero-sur-rachida-dati-bat-des-records-d-audience-en-replay-20250616?tblci=GiDGCpADP60zMCA5FKyc6RC8hUD9SLup3WJLaF8drJ34ayDwzEYondK95f_PuoQ9\" target=\"_blank\" data-fig-type=\"Article\" rel=\"sponsored noopener\" data-gtm-custom-categorie=\"navigation\" data-gtm-custom-action=\"crossclick\" data-gtm-custom-label=\"Contextuel\" data-gtm-event=\"customEventSPE\" data-fig-domain=\"TVMAG\">\u00abCompl\u00e9ment d\u2019enqu\u00eate\u00bb<\/a>\u00a0l\u2019accusant d\u2019avoir per\u00e7u 299.000 euros d\u2019honoraires non d\u00e9clar\u00e9s de GDF Suez, alors qu\u2019elle exer\u00e7ait \u00e0 la fois comme eurod\u00e9put\u00e9e et avocate. Interrog\u00e9e par\u00a0<a href=\"http:\/\/tvmag.lefigaro.fr\/programme-tv\/actu-tele\/je-ne-suis-pas-une-serpilliere-rachida-dati-revient-sur-son-clash-avec-patrick-cohen-20250628\" data-fig-type=\"Article\" data-gtm-custom-categorie=\"navigation\" data-gtm-custom-action=\"crossclick\" data-gtm-custom-label=\"Contextuel\" data-gtm-event=\"customEventSPE\" data-fig-domain=\"TVMAG\" target=\"_blank\" rel=\"noopener\">Patrick Cohen<\/a>\u00a0sur ces faits, Rachida Dati a r\u00e9pliqu\u00e9 en retournant la question au journaliste, en r\u00e9f\u00e9rence \u00e0 une enqu\u00eate de Mediapart le visant\u00a0: \u00abEst-ce que c\u2019est vrai, Monsieur Cohen\u00a0? Est-ce que vous harcelez vos collaborateurs\u00a0? Est-ce que vous \u00eates d\u00e9sagr\u00e9able avec les gens avec lesquels vous travaillez\u00a0?\u00bb<\/p>\n<p class=\"fig-paragraph\">\u00ab\u202fCe n\u2019est pas tr\u00e8s reluisant ce que vous faites, Madame Dati. C\u2019est d\u00e9shonorant\u00a0\u00bb, lui a r\u00e9pondu le chroniqueur. La s\u00e9quence, largement relay\u00e9e sur les r\u00e9seaux sociaux, avait provoqu\u00e9 la r\u00e9action de France T\u00e9l\u00e9visions, qui avait rappel\u00e9 que \u00ables attaques personnelles contre les journalistes ne sont pas acceptables\u00bb.<\/p>\n<p class=\"fig-body-link\">\n<p>        Regarder la vid\u00e9o<br \/>\n        <a class=\"fig-body-link__link\" href=\"https:\/\/video.lefigaro.fr\/figaro\/politique\/moi-je-fais-vous-vous-commentez-jordan-bardella-tacle-patrick-cohen-20251120\" data-fig-type=\"Video\" data-gtm-custom-categorie=\"navigation\" data-gtm-custom-action=\"crossclick\" data-gtm-custom-label=\"Contextuel\" data-gtm-event=\"customEventSPE\" data-fig-domain=\"LEFIGARO\" target=\"_blank\" rel=\"noopener\"><\/p>\n<p>        \u00abMoi je fais, vous, vous commentez&#8230;\u00bb\u00a0: Jordan Bardella tacle Patrick Cohen<br \/>\n    <\/a>\n<\/p>\n<p>                                                                Cyril Hanouna et Thomas Gu\u00e9nol\u00e9<\/p>\n<p class=\"fig-paragraph\">Parmi les \u00e9changes les plus explosifs de 2025, impossible d\u2019oublier ce d\u00e9bat enflamm\u00e9 qui a eu lieu sur le plateau de\u00a0<a href=\"http:\/\/tvmag.lefigaro.fr\/programme-tv\/actu-tele\/vous-arretez-de-me-parler-comme-a-une-merde-enorme-clash-entre-cyril-hanouna-et-thomas-guenole-dans-tpmp-20250307\" data-fig-type=\"Article\" data-gtm-custom-categorie=\"navigation\" data-gtm-custom-action=\"crossclick\" data-gtm-custom-label=\"Contextuel\" data-gtm-event=\"customEventSPE\" data-fig-domain=\"TVMAG\" target=\"_blank\" rel=\"noopener\">\u00abTouche pas \u00e0 mon poste\u00a0!\u00bb<\/a>. Tout \u00e9tait parti d\u2019une d\u00e9claration de Thomas Gu\u00e9nol\u00e9, invit\u00e9 quelques jours plus t\u00f4t dans l\u2019\u00e9mission de C8\u00a0: \u00ab\u202fSi on est ath\u00e9e ou agnostique, une \u00e9glise est un b\u00e2timent comme un autre, c\u2019est normal de la vendre\u00bb . Une semaine plus tard, le politologue rench\u00e9rissait en direct : \u00ab\u202fAller \u00e0 l\u2019\u00e9glise, \u00e0 la mosqu\u00e9e ou \u00e0 la synagogue, c\u2019est aller rendre visite \u00e0 son ami imaginaire\u00a0!\u00a0\u00bb Une r\u00e9ponse qui n\u2019a pas vraiment plu \u00e0 l\u2019animateur lui r\u00e9pondant\u00a0: \u00abLa ferme!\u00bb.<\/p>\n<p class=\"fig-paragraph\">Thomas Gu\u00e9nol\u00e9, vex\u00e9, s\u2019est lev\u00e9 pour quitter le plateau en pointant du doigt son interlocuteur\u00a0: \u00abVous ne me parlez pas comme \u00e7a\u00bb. \u00abQu\u2019est-ce qui t\u2019arrive\u00a0?\u00a0\u00bb, s\u2019est \u00e9tonn\u00e9 son h\u00f4te. \u00abVous venez de me dire \u201cla ferme\u201d, c\u2019est grossier. Il y a des jeunes qui nous regardent\u00a0\u00bb, a r\u00e9pliqu\u00e9 Thomas Gu\u00e9nol\u00e9. \u00abParce que la ferme, c\u2019est insupportable. Quand je dis stop, c\u2019est stop\u00a0\u00bb, s\u2019est ensuite d\u00e9fendu Hanouna. \u00abC\u2019est le KO le plus rapide de l\u2019histoire\u00bb, avait conclu Jean-Michel Maire, sous les rires du public.<\/p>\n<p>                                                                Mention sp\u00e9ciale: Manuel Bompard et Bruno Jeudy<\/p>\n<p class=\"fig-paragraph\">Enfin, en dehors de ce top 5, une mention sp\u00e9ciale s\u2019impose pour l\u2019\u00e9change entre Manuel Bompard et Bruno Jeudy, sur\u00a0<a href=\"http:\/\/tvmag.lefigaro.fr\/programme-tv\/actu-tele\/vous-faites-a-chaque-fois-le-coup-du-mepris-vif-echange-entre-manuel-bompard-et-bruno-jeudy-sur-bfmtv-20250716\" data-fig-type=\"Article\" data-gtm-custom-categorie=\"navigation\" data-gtm-custom-action=\"crossclick\" data-gtm-custom-label=\"Contextuel\" data-gtm-event=\"customEventSPE\" data-fig-domain=\"TVMAG\" target=\"_blank\" rel=\"noopener\">BFMTV<\/a>. Invit\u00e9s \u00e0 commenter les propositions \u00e9conomiques de Fran\u00e7ois Bayrou pour \u00e9tablir un budget, l\u2019\u00e9ditorialiste et le d\u00e9put\u00e9 des Bouches-du-Rh\u00f4ne s\u2019\u00e9taient rapidement \u00e9charp\u00e9s autour de la fameuse \u00abtaxe des plus riches\u00a0\u00bb propos\u00e9e par La France Insoumise. \u00abCe sont des gens riches, tr\u00e8s ais\u00e9s, qui quitteront la France\u00a0\u00bb, pr\u00e9venait Bruno\u202fJeudy. Une affirmation qui a fait bondir son adversaire\u00a0: \u00abLe probl\u00e8me, Monsieur\u202fJeudy, c\u2019est que vous n\u2019avez pas travaill\u00e9 avant l\u2019interview\u00a0!\u00a0\u00bb<\/p>\n<p>                                                                <a class=\"fig-a11y-skip\" href=\"#fig-a11y-skip-main-inarticle_btf\" data-module=\"a11y-skip\" data-context=\"was @visible\"><br \/>\n    Passer la publicit\u00e9<br \/>\n<\/a>            <\/p>\n<p class=\"fig-paragraph\">Visiblement agac\u00e9 par cette remarque, le journaliste a alors r\u00e9pliqu\u00e9 aussit\u00f4t\u00a0: \u00ab Vous faites \u00e0 chaque fois le coup du m\u00e9pris. Vous \u00eates toujours d\u00e9sagr\u00e9able\u00a0!\u00a0\u00bbManuel\u202fBompard, loin de se d\u00e9monter, a continu\u00e9 d\u2019argumenter: \u00ab\u202fLa taxe\u202fZucman pr\u00e9voit un dispositif anti\u2011exil fiscal pour que ceux qui partent continuent \u00e0 payer leurs imp\u00f4ts pendant cinq\u202fans. Ce d\u00e9tail\u2011l\u00e0 vous avait manifestement \u00e9chapp\u00e9&#8230;\u00a0\u00bb Un \u00e9pisode que la cha\u00eene d\u2019information n\u2019est pas pr\u00e8s d\u2019oublier, ayant r\u00e9uni ce soir\u2011la plus de 660.000\u202ft\u00e9l\u00e9spectateurs en moyenne.<\/p>\n","protected":false},"excerpt":{"rendered":"VID\u00c9OS &#8211;\u00a0 De Cyril Hanouna \u00e0 Rapha\u00ebl Glucksmann, en passant par Rachida Dati, l\u2019ann\u00e9e aura \u00e9t\u00e9 riche en&hellip;\n","protected":false},"author":2,"featured_media":631449,"comment_status":"","ping_status":"","sticky":false,"template":"","format":"standard","meta":{"footnotes":""},"categories":[1356],"tags":[58,59,3220,1011,27,17798,417,15923,252,1364],"class_list":{"0":"post-631448","1":"post","2":"type-post","3":"status-publish","4":"format-standard","5":"has-post-thumbnail","7":"category-television","8":"tag-divertissement","9":"tag-entertainment","10":"tag-eric-zemmour","11":"tag-fr","12":"tag-france","13":"tag-paul-de-saint-sernin","14":"tag-rachida-dati","15":"tag-raphael-glucksmann","16":"tag-television","17":"tag-tv"},"share_on_mastodon":{"url":"https:\/\/pubeurope.com\/@fr\/115812642685028496","error":""},"_links":{"self":[{"href":"https:\/\/www.europesays.com\/fr\/wp-json\/wp\/v2\/posts\/631448","targetHints":{"allow":["GET"]}}],"collection":[{"href":"https:\/\/www.europesays.com\/fr\/wp-json\/wp\/v2\/posts"}],"about":[{"href":"https:\/\/www.europesays.com\/fr\/wp-json\/wp\/v2\/types\/post"}],"author":[{"embeddable":true,"href":"https:\/\/www.europesays.com\/fr\/wp-json\/wp\/v2\/users\/2"}],"replies":[{"embeddable":true,"href":"https:\/\/www.europesays.com\/fr\/wp-json\/wp\/v2\/comments?post=631448"}],"version-history":[{"count":0,"href":"https:\/\/www.europesays.com\/fr\/wp-json\/wp\/v2\/posts\/631448\/revisions"}],"wp:featuredmedia":[{"embeddable":true,"href":"https:\/\/www.europesays.com\/fr\/wp-json\/wp\/v2\/media\/631449"}],"wp:attachment":[{"href":"https:\/\/www.europesays.com\/fr\/wp-json\/wp\/v2\/media?parent=631448"}],"wp:term":[{"taxonomy":"category","embeddable":true,"href":"https:\/\/www.europesays.com\/fr\/wp-json\/wp\/v2\/categories?post=631448"},{"taxonomy":"post_tag","embeddable":true,"href":"https:\/\/www.europesays.com\/fr\/wp-json\/wp\/v2\/tags?post=631448"}],"curies":[{"name":"wp","href":"https:\/\/api.w.org\/{rel}","templated":true}]}}