{"id":631452,"date":"2025-12-31T05:58:18","date_gmt":"2025-12-31T05:58:18","guid":{"rendered":"https:\/\/www.europesays.com\/fr\/631452\/"},"modified":"2025-12-31T05:58:18","modified_gmt":"2025-12-31T05:58:18","slug":"pourquoi-le-troisieme-opus-davatar-pourrait-rester-a-laffiche-plusieurs-semaines-a-cine32","status":"publish","type":"post","link":"https:\/\/www.europesays.com\/fr\/631452\/","title":{"rendered":"Pourquoi le troisi\u00e8me opus d\u2019Avatar pourrait rester \u00e0 l\u2019affiche plusieurs semaines \u00e0 Cin\u00e932\u00a0?"},"content":{"rendered":"<p>\n                                                                    l&rsquo;essentiel<br \/>\n                                                                Sorti depuis quelques jours seulement, le nouveau volet d\u2019Avatar cartonne \u00e0 Auch, dans le Gers. Avec des milliers d\u2019entr\u00e9es \u00e0 Cin\u00e9 32, le film de James Cameron redonne de l\u2019\u00e9lan \u00e0 une fr\u00e9quentation fragilis\u00e9e au niveau national.\n                            <\/p>\n<p>Cinq jours seulement apr\u00e8s sa sortie dans les salles fran\u00e7aises, Avatar\u00a0: De feu et de cendres avait d\u00e9j\u00e0 rassembl\u00e9 pr\u00e8s de 1,8\u00a0million de spectateurs. Le film signe ainsi le meilleur d\u00e9marrage de l\u2019ann\u00e9e 2025 et s\u2019impose au box-office mondial. Ce troisi\u00e8me volet de la saga de science-fiction r\u00e9alis\u00e9e par James Cameron semble \u00e9galement avoir conquis le public gersois.<\/p>\n<p>Avec pr\u00e8s de 5\u00a0500 entr\u00e9es enregistr\u00e9es en quelques jours, le long-m\u00e9trage rencontre un vif succ\u00e8s dans les salles de Cin\u00e9 32. Un engouement bienvenu dans un contexte national pourtant fragile pour le secteur. \u00ab\u00a0C\u2019est une ann\u00e9e globalement en baisse au niveau national. Il y a eu pas mal d\u2019inqui\u00e9tudes dans la profession. On se demande toujours s\u2019il s\u2019agit d\u2019un vrai changement des pratiques ou simplement d\u2019ann\u00e9es plus faibles selon les propositions de films\u00a0\u00bb, analyse Sylvie Buscail, directrice de Cin\u00e9 32, rencontr\u00e9 ce mardi 30\u00a0d\u00e9cembre.<\/p>\n<p class=\"std-elt__inline\">\n        <strong>\u00c0 lire aussi :<\/strong><br \/>\n        <a href=\"https:\/\/www.ladepeche.fr\/2023\/09\/22\/auch-une-journee-de-debats-a-cine32-autour-de-la-transition-alimentaire-11471363.php\" target=\"_blank\" rel=\"noopener\">Auch : une journ\u00e9e de d\u00e9bats \u00e0 Cin\u00e932 autour de la transition alimentaire<\/a>\n    <\/p>\n<p>Les vacances de No\u00ebl apportent toutefois un r\u00e9el souffle d\u2019optimisme. \u00ab\u00a0Elles sont tr\u00e8s rassurantes parce que la fr\u00e9quentation est tr\u00e8s forte. Il y a Avatar, bien \u00e9videmment. Il y a aussi Zootopia, qui fonctionne tr\u00e8s bien aupr\u00e8s des enfants, La Femme de m\u00e9nage, sorti en d\u00e9but de semaine, qui marche tr\u00e8s fort \u00e9galement. M\u00eame sur des films plus art et essai comme La Petite Cuisine de Mehdi, Dossier 137 ou L\u2019Agent secret, les r\u00e9sultats sont tr\u00e8s bons\u00a0\u00bb, se r\u00e9jouit-elle. Cette semaine, le cin\u00e9ma auscitain devrait enregistrer entre\u00a08\u00a0000 et 8\u00a0500 entr\u00e9es.<\/p>\n<p>Un film qui pourrait rester \u00e0 l\u2019affiche plus longtemps<\/p>\n<p>Le film Avatar\u00a0: De feu et de cendres devrait d\u2019ailleurs rester \u00e0 l\u2019affiche encore plusieurs semaines. \u00ab\u00a0J\u2019ai des obligations commerciales avec les distributeurs, avec un minimum de six semaines \u00e0 l\u2019affiche. Ensuite, tout d\u00e9pendra du maintien des entr\u00e9es\u00a0: cela peut durer plus longtemps\u00a0\u00bb, pr\u00e9cise la directrice.<\/p>\n<p>Pendant ces vacances de fin d\u2019ann\u00e9e, les salles ne d\u00e9semplissent pas. Profitant de cet engouement hivernal, Cin\u00e9 32 a multipli\u00e9 les animations pour tous les publics. \u00ab\u00a0Il y a vraiment tous les profils qui viennent. Hier, nous avons organis\u00e9 une grosse journ\u00e9e d\u00e9di\u00e9e aux enfants. Cela faisait un moment que nous ne l\u2019avions pas fait\u00a0: deux films le matin suivis d\u2019ateliers, un petit-d\u00e9jeuner offert, un repas sur place avec une ouverture exceptionnelle le midi, puis une conteuse \u00e0 14\u00a0heures, avant deux nouveaux films avec animations et le go\u00fbter offert.\u00a0\u00bb<\/p>\n<p>Un large panel de films propos\u00e9s<\/p>\n<p>Reste une question centrale\u00a0: comment sont choisis les films projet\u00e9s\u00a0? En France, une quinzaine de films sortent chaque semaine, soit pr\u00e8s de 700 par an. \u00ab\u00a0\u00c9videmment, on ne peut pas tous les montrer. \u00c0 Cin\u00e9 32, nous en programmons un peu moins de 400\u00a0\u00bb, explique Sylvie Buscail.<\/p>\n<p class=\"std-elt__inline\">\n        <strong>\u00c0 lire aussi :<\/strong><br \/>\n        <a href=\"https:\/\/www.ladepeche.fr\/2021\/04\/09\/circa-cine32-loccupation-continue-9477200.php\" target=\"_blank\" rel=\"noopener\">A Auch, l\u2019occupation de CIRCa-Cin\u00e932 continue<\/a>\n    <\/p>\n<p>Cin\u00e9ma g\u00e9n\u00e9raliste, l\u2019\u00e9tablissement propose une large diversit\u00e9 de films. \u00ab\u00a0Nous sommes le seul cin\u00e9ma \u00e0 Auch et nous montrons tous les genres, pour tous les publics. Avec toutefois un vrai attachement au cin\u00e9ma art et essai. C\u2019est l\u2019amour du cin\u00e9ma comme art qui anime les \u00e9quipes ici\u00a0: des films qui proposent une vision du monde, un regard d\u2019auteur, qui permettent de s\u2019ouvrir et de comprendre. Le cin\u00e9ma est aussi une fen\u00eatre sur le monde.\u00a0\u00bb Du pur divertissement aux \u0153uvres plus exigeantes, la programmation se veut \u00e9clectique.<\/p>\n","protected":false},"excerpt":{"rendered":"l&rsquo;essentiel Sorti depuis quelques jours seulement, le nouveau volet d\u2019Avatar cartonne \u00e0 Auch, dans le Gers. Avec des&hellip;\n","protected":false},"author":2,"featured_media":631453,"comment_status":"","ping_status":"","sticky":false,"template":"","format":"standard","meta":{"footnotes":""},"categories":[1354],"tags":[16802,7196,872,58,59,1346,1011,27,11328,1360],"class_list":{"0":"post-631452","1":"post","2":"type-post","3":"status-publish","4":"format-standard","5":"has-post-thumbnail","7":"category-films","8":"tag-auch","9":"tag-cinu00e9ma","10":"tag-culture-et-loisirs","11":"tag-divertissement","12":"tag-entertainment","13":"tag-films","14":"tag-fr","15":"tag-france","16":"tag-gers","17":"tag-movies"},"share_on_mastodon":{"url":"https:\/\/pubeurope.com\/@fr\/115812650974420285","error":""},"_links":{"self":[{"href":"https:\/\/www.europesays.com\/fr\/wp-json\/wp\/v2\/posts\/631452","targetHints":{"allow":["GET"]}}],"collection":[{"href":"https:\/\/www.europesays.com\/fr\/wp-json\/wp\/v2\/posts"}],"about":[{"href":"https:\/\/www.europesays.com\/fr\/wp-json\/wp\/v2\/types\/post"}],"author":[{"embeddable":true,"href":"https:\/\/www.europesays.com\/fr\/wp-json\/wp\/v2\/users\/2"}],"replies":[{"embeddable":true,"href":"https:\/\/www.europesays.com\/fr\/wp-json\/wp\/v2\/comments?post=631452"}],"version-history":[{"count":0,"href":"https:\/\/www.europesays.com\/fr\/wp-json\/wp\/v2\/posts\/631452\/revisions"}],"wp:featuredmedia":[{"embeddable":true,"href":"https:\/\/www.europesays.com\/fr\/wp-json\/wp\/v2\/media\/631453"}],"wp:attachment":[{"href":"https:\/\/www.europesays.com\/fr\/wp-json\/wp\/v2\/media?parent=631452"}],"wp:term":[{"taxonomy":"category","embeddable":true,"href":"https:\/\/www.europesays.com\/fr\/wp-json\/wp\/v2\/categories?post=631452"},{"taxonomy":"post_tag","embeddable":true,"href":"https:\/\/www.europesays.com\/fr\/wp-json\/wp\/v2\/tags?post=631452"}],"curies":[{"name":"wp","href":"https:\/\/api.w.org\/{rel}","templated":true}]}}