{"id":631454,"date":"2025-12-31T05:59:12","date_gmt":"2025-12-31T05:59:12","guid":{"rendered":"https:\/\/www.europesays.com\/fr\/631454\/"},"modified":"2025-12-31T05:59:12","modified_gmt":"2025-12-31T05:59:12","slug":"encore-plus-coriace-que-la-grippe-ce-virus-tres-contagieux-resiste-au-gel-hydroalcoolique-et-inquiete-les-medecins","status":"publish","type":"post","link":"https:\/\/www.europesays.com\/fr\/631454\/","title":{"rendered":"Encore plus coriace que la grippe, ce virus tr\u00e8s contagieux r\u00e9siste au gel hydroalcoolique et inqui\u00e8te les m\u00e9decins"},"content":{"rendered":"<p>Alors que <a href=\"https:\/\/www.mariefrance.fr\/equilibre\/annee-different-pic-super-grippe-sabattre-france-1229591.html\" rel=\"noopener\" target=\"_blank\">l&rsquo;\u00e9pid\u00e9mie de grippe bat son plein<\/a>, profitant des<br \/>\nr\u00e9unions de famille pour contaminer de plus en plus de Fran\u00e7ais,<br \/>\n<strong>un autre virus<\/strong> \u0153uvre dans l&rsquo;ombre. Moins connu, il<br \/>\nest surtout beaucoup <strong>plus virulent<\/strong> comme l&rsquo;ont<br \/>\nexpliqu\u00e9 des m\u00e9decins. Et il peut rester actif longtemps sur des<br \/>\nsurfaces inertes.<\/p>\n<p>\u00ab\u00a0En semaine 51, les indicateurs <strong>infections<br \/>\nrespiratoires aig\u00fces<\/strong> (IRA) demeuraient en nette<br \/>\naugmentation en ville et \u00e0 l&rsquo;h\u00f4pital, et ce, dans toutes les<br \/>\nclasses d&rsquo;\u00e2ge.\u00a0\u00bb, r\u00e9sume le site Sant\u00e9 Publique France <a href=\"https:\/\/www.santepubliquefrance.fr\/maladies-et-traumatismes\/maladies-et-infections-respiratoires\/grippe\/documents\/bulletin-national\/infections-respiratoires-aigues-grippe-bronchiolite-covid-19-.-bulletin-du-24-decembre-2025\" target=\"_blank\" rel=\"nofollow noopener\">dans son dernier<br \/>\nbulletin<\/a>. Depuis plusieurs semaines, la France est touch\u00e9e par<br \/>\nune <strong>\u00e9pid\u00e9mie<\/strong> de grippe qui n&rsquo;\u00e9pargne aucune<br \/>\nr\u00e9gion. Il ne reste en fait plus que La R\u00e9union, qui est pass\u00e9e en<br \/>\npr\u00e9-\u00e9pid\u00e9mie lors de l&rsquo;avant-derni\u00e8re semaine de l&rsquo;ann\u00e9e.<\/p>\n<p>Au milieu de l&rsquo;\u00e9pid\u00e9mie de grippe, ce virus tr\u00e8s contagieux<br \/>\npasse inaper\u00e7u<\/p>\n<p><a href=\"https:\/\/www.mariefrance.fr\/equilibre\/bronchiolite-retour-cas-explosent-2-regions-selon-sante-publique-france-1216534.html\" rel=\"noopener\" target=\"_blank\">La bronchiolite fait \u00e9galement parler d&rsquo;elle<\/a> et de la<br \/>\nm\u00eame fa\u00e7on l&rsquo;ensemble de l&rsquo;Hexagone est en rouge, couleur indiquant<br \/>\nque l&rsquo;\u00e9pid\u00e9mie est bien install\u00e9e. Seul le covid est un peu moins<br \/>\npr\u00e9sent avec des \u00ab\u00a0indicateurs syndromiques globalement stables<br \/>\net \u00e0 des niveaux faibles.\u00a0\u00bb Et avec les d\u00e9placements et les<br \/>\nr\u00e9unions lors des f\u00eates, nul doute que ces maladies ont encore de<br \/>\nbeaux jours devant elle.<\/p>\n<p>Mais un autre virus beaucoup moins connu inqui\u00e8te aussi les<br \/>\n<strong>m\u00e9decins<\/strong>, comme l&rsquo;a expliqu\u00e9 le site du journal<br \/>\n<a href=\"https:\/\/www.express.co.uk\/life-style\/health\/2148905\/mystery-virus-sweeping-world-health-expert\" target=\"_blank\" rel=\"nofollow noopener\">Express<\/a>. En<br \/>\neffet, le Dr Eric Sachinwalla, directeur m\u00e9dical du service de<br \/>\npr\u00e9vention et de contr\u00f4le des infections au Jefferson Health, un<br \/>\nc\u00e9l\u00e8bre h\u00f4pital am\u00e9ricain situ\u00e9 dans le New Jersey, a <strong>lanc\u00e9<br \/>\nl&rsquo;alerte<\/strong> au sujet d&rsquo;une recrudescence des infections \u00e0<br \/>\n<strong>ad\u00e9novirus<\/strong>.<\/p>\n<p><img loading=\"lazy\" decoding=\"async\" aria-describedby=\"caption-attachment-913827\" itemprop=\"thumbnailUrl\" class=\"size-full wp-image-913827 img-responsive\" src=\"https:\/\/www.europesays.com\/fr\/wp-content\/uploads\/2025\/12\/1-401.jpg\" alt=\"Femme malade\u00a0\" width=\"1200\" height=\"630\"\/><br \/>\n\u00a9<br \/>\nShutterstock<\/p>\n<p id=\"caption-attachment-913827\" class=\"wp-caption-text\">Difficile<br \/>\nde le diff\u00e9rencier de la grippe.<\/p>\n<p>Ce virus r\u00e9siste aux d\u00e9sinfectants courants<\/p>\n<p>Surtout, l&rsquo;ad\u00e9novirus \u00ab\u00a0est <strong>tr\u00e8s contagieux<\/strong>,<br \/>\ncar il est plus r\u00e9sistant que d&rsquo;autres virus ; l&rsquo;eau et le savon,<br \/>\nou les d\u00e9sinfectants courants, ne suffisent pas \u00e0 l&rsquo;\u00e9liminer, ce<br \/>\nqui lui permet de survivre plus longtemps dans<br \/>\nl&rsquo;environnement.\u00a0\u00bb, comme l&rsquo;a racont\u00e9 le sp\u00e9cialiste. Il ne<br \/>\nsuffit pas de se nettoyer r\u00e9guli\u00e8rement les mains et m\u00eame si vous<br \/>\nprenez vos pr\u00e9cautions, vous n&rsquo;\u00eates pas \u00e0 l&rsquo;abri.<\/p>\n<p>\u00ab\u00a0La transmission d&rsquo;un ad\u00e9novirus se fait par\u00a0un<br \/>\n<strong>contact direct<\/strong> ou plus rarement par voie<br \/>\nmanuport\u00e9e\u00a0(par l&rsquo;interm\u00e9diaire des mains en contact avec un<br \/>\nobjet\u00a0ou un aliment contamin\u00e9) avec\u00a0les<br \/>\n<strong>s\u00e9cr\u00e9tions nasopharyng\u00e9es<\/strong> (salive, gouttelettes<br \/>\nrespiratoires\u2026)\u00a0ou les selles d&rsquo;une personne infect\u00e9e\u00a0\u00bb, a<br \/>\nsoulign\u00e9 la Dr Fabienne Kochert, p\u00e9diatre et Pr\u00e9sidente de<br \/>\nl&rsquo;Association fran\u00e7aise de p\u00e9diatrie ambulatoire (AFPA), interrog\u00e9e<br \/>\npar <a href=\"https:\/\/sante.journaldesfemmes.fr\/fiches-sante-du-quotidien\/2806771-adenovirus-definition-symptome-bebe-transmission-yeux-vaccin-traitement\/\" target=\"_blank\" rel=\"nofollow noopener\">Le Journal des<br \/>\nFemmes<\/a>.<\/p>\n<p><img loading=\"lazy\" decoding=\"async\" aria-describedby=\"caption-attachment-1212906\" class=\"size-full wp-image-1212906 img-responsive\" src=\"https:\/\/www.europesays.com\/fr\/wp-content\/uploads\/2025\/12\/illu-2025-10-17t153057.851.jpg\" alt=\"Poign\u00e9es de porte\" width=\"1280\" height=\"720\"\/><br \/>\n\u00a9<br \/>\nshutterstock<\/p>\n<p id=\"caption-attachment-1212906\" class=\"wp-caption-text\">Il<br \/>\nr\u00e9siste aux d\u00e9sinfectants classiques.<\/p>\n<p>Il n&rsquo;existe pas de traitement<br \/>\nsp\u00e9cifique pour ce virus<\/p>\n<p>Bien souvent, <a href=\"https:\/\/www.mariefrance.fr\/actualite\/societe\/variant-k-grippe-symptomes-surveiller-personnes-55-ans-1227357.html\" target=\"_blank\" rel=\"nofollow noopener\">les sympt\u00f4mes ressemblent \u00e0<br \/>\nceux de la grippe<\/a> ou du covid avec fi\u00e8vre, toux et \u00e9coulement<br \/>\nnasal notamment. Toutefois, \u00ab\u00a0la<br \/>\n<strong>k\u00e9ratoconjonctivite<\/strong> est le signe le plus typique<br \/>\nd&rsquo;une infection \u00e0 ad\u00e9novirus, mais reste peu fr\u00e9quente\u00a0\u00bb, a<br \/>\najout\u00e9 l&rsquo;experte. Mais, il arrive aussi que la maladie engendre des<br \/>\nprobl\u00e8mes gastriques avec des diarrh\u00e9es, en particulier chez les<br \/>\njeunes enfants.<\/p>\n<blockquote class=\"twitter-tweet\"><p><a class=\"twitter-link\" rel=\"noindex, nofollow noopener\" href=\"http:\/\/twitter.com\/mariefrancemag\/status\/1823578866998247912\" target=\"_blank\"><\/p><\/blockquote>\n<p>Contrairement \u00e0 d&rsquo;autres pathologies plus r\u00e9pandues, il n&rsquo;existe<br \/>\n<strong>pas de traitement<\/strong> sp\u00e9cifique et il faut prendre<br \/>\nson mal en patience. Il faut compter entre une et deux semaines<br \/>\npour se remettre avec des sympt\u00f4mes qui peuvent \u00eatre plus ou moins<br \/>\ngraves en fonction de l&rsquo;\u00e9tat de sant\u00e9 du malade. C&rsquo;est ainsi que la<br \/>\nvigilance est de mise chez les personnes \u00e2g\u00e9es, les jeunes enfants<br \/>\net les personnes immunod\u00e9prim\u00e9es.<\/p>\n<p><script async src=\"https:\/\/platform.twitter.com\/widgets.js\" charset=\"utf-8\"><\/script><\/p>\n","protected":false},"excerpt":{"rendered":"Alors que l&rsquo;\u00e9pid\u00e9mie de grippe bat son plein, profitant des r\u00e9unions de famille pour contaminer de plus en&hellip;\n","protected":false},"author":2,"featured_media":631455,"comment_status":"","ping_status":"","sticky":false,"template":"","format":"standard","meta":{"footnotes":""},"categories":[10],"tags":[1011,27,72,71],"class_list":{"0":"post-631454","1":"post","2":"type-post","3":"status-publish","4":"format-standard","5":"has-post-thumbnail","7":"category-sante","8":"tag-fr","9":"tag-france","10":"tag-health","11":"tag-sante"},"share_on_mastodon":{"url":"https:\/\/pubeurope.com\/@fr\/115812654450849793","error":""},"_links":{"self":[{"href":"https:\/\/www.europesays.com\/fr\/wp-json\/wp\/v2\/posts\/631454","targetHints":{"allow":["GET"]}}],"collection":[{"href":"https:\/\/www.europesays.com\/fr\/wp-json\/wp\/v2\/posts"}],"about":[{"href":"https:\/\/www.europesays.com\/fr\/wp-json\/wp\/v2\/types\/post"}],"author":[{"embeddable":true,"href":"https:\/\/www.europesays.com\/fr\/wp-json\/wp\/v2\/users\/2"}],"replies":[{"embeddable":true,"href":"https:\/\/www.europesays.com\/fr\/wp-json\/wp\/v2\/comments?post=631454"}],"version-history":[{"count":0,"href":"https:\/\/www.europesays.com\/fr\/wp-json\/wp\/v2\/posts\/631454\/revisions"}],"wp:featuredmedia":[{"embeddable":true,"href":"https:\/\/www.europesays.com\/fr\/wp-json\/wp\/v2\/media\/631455"}],"wp:attachment":[{"href":"https:\/\/www.europesays.com\/fr\/wp-json\/wp\/v2\/media?parent=631454"}],"wp:term":[{"taxonomy":"category","embeddable":true,"href":"https:\/\/www.europesays.com\/fr\/wp-json\/wp\/v2\/categories?post=631454"},{"taxonomy":"post_tag","embeddable":true,"href":"https:\/\/www.europesays.com\/fr\/wp-json\/wp\/v2\/tags?post=631454"}],"curies":[{"name":"wp","href":"https:\/\/api.w.org\/{rel}","templated":true}]}}