{"id":631458,"date":"2025-12-31T06:01:20","date_gmt":"2025-12-31T06:01:20","guid":{"rendered":"https:\/\/www.europesays.com\/fr\/631458\/"},"modified":"2025-12-31T06:01:20","modified_gmt":"2025-12-31T06:01:20","slug":"isiah-whitlock-jr-acteur-dans-la-serie-the-wire-est-mort","status":"publish","type":"post","link":"https:\/\/www.europesays.com\/fr\/631458\/","title":{"rendered":"Isiah Whitlock Jr., acteur dans la s\u00e9rie \u00ab\u00a0The Wire\u00a0\u00bb, est mort"},"content":{"rendered":"<p>Les fans de <a href=\"https:\/\/www.20minutes.fr\/arts-stars\/culture\/4192641-20251221-james-ransone-acteur-the-wire-ca-chapitre-2-mort-46-ans\" target=\"_blank\" class=\"c-link c-link--is-underlined\" rel=\"noopener\">la s\u00e9rie The Wire<\/a> sont en deuil. L\u2019acteur am\u00e9ricain Isiah Whitlock Jr. est d\u00e9c\u00e9d\u00e9 \u00e0 l\u2019\u00e2ge de 71 ans, a annonc\u00e9 mardi son agent sur Instagram.<\/p>\n<p>\u00ab\u00a0C\u2019est avec une immense tristesse que je vous annonce le d\u00e9c\u00e8s de mon cher ami et client Isiah Whitlock Jr.\u00a0\u00bb, a expliqu\u00e9 le manager Brian Liebman, saluant \u00ab\u00a0un acteur brillant et une personne encore plus remarquable\u00a0\u00bb.<\/p>\n<p>Une expression devenue culte<\/p>\n<p>Son r\u00f4le le plus m\u00e9morable reste celui de Clay Davis, un politique pourri qu\u2019il jouait dans The Wire, le chef-d\u2019\u0153uvre diffus\u00e9 sur <a href=\"https:\/\/www.20minutes.fr\/arts-stars\/serie\/4187126-20251121-game-of-thrones-hbo-prolonge-house-of-the-dragon-knight-of-the-seven-kingdoms\" target=\"_blank\" class=\"c-link c-link--is-underlined\" rel=\"noopener\">HBO<\/a> dans les ann\u00e9es\u00a02000, souvent consid\u00e9r\u00e9 comme l\u2019une des meilleures s\u00e9ries jamais tourn\u00e9es. Ses man\u0153uvres dans la ville de Baltimore reliaient l\u2019argent sale du trafic de drogue aux hautes sph\u00e8res du pouvoir.<\/p>\n<\/p>\n<p>Le personnage a marqu\u00e9 les esprits d\u2019une g\u00e9n\u00e9ration de t\u00e9l\u00e9spectateurs avec son humour noir et une exclamation bien \u00e0 lui, \u00ab\u00a0sheeeeee-it\u00a0\u00bb, une prononciation allong\u00e9e du mot \u00ab\u00a0shit\u00a0\u00bb \u2013 \u00ab\u00a0merde\u00a0\u00bb en anglais. Selon Variety, l\u2019acteur \u00e9tait r\u00e9guli\u00e8rement arr\u00eat\u00e9 dans la rue par des fans qui lui demandaient de r\u00e9p\u00e9ter cette interjection.<\/p>\n<p>Des collaborations avec Pixar<\/p>\n<p>N\u00e9 dans l\u2019Indiana, Isiah Whitlock Jr. a \u00e9galement fr\u00e9quemment travaill\u00e9 avec Spike Lee. Il appara\u00eet dans plusieurs films du r\u00e9alisateur afro-am\u00e9ricain, dont BlacKkKlansman, Da 5 Bloods, She Hate Me et Chi-Raq. Au cours d\u2019une carri\u00e8re qui a dur\u00e9 plus de trois d\u00e9cennies, l\u2019acteur a notamment jou\u00e9 un petit r\u00f4le de m\u00e9decin dans Les Affranchis de <a href=\"https:\/\/www.20minutes.fr\/arts-stars\/people\/4178329-20251011-martin-scorsese-bien-parti-devenir-pretre-avant-faire-virer-seminaire\" target=\"_blank\" class=\"c-link c-link--is-underlined\" rel=\"noopener\">Martin Scorsese<\/a>, et un second r\u00f4le dans Il \u00e9tait une fois de Disney. Il a aussi pr\u00eat\u00e9 sa voix pour certains dessins anim\u00e9s Pixar, dont Buzz l\u2019\u00e9clair et Cars 3.<\/p>\n<p><a href=\"https:\/\/www.20minutes.fr\/arts-stars\/cinema\/\" target=\"_blank\" class=\"c-link c-btn c-btn--primary\" rel=\"noopener\">Notre dossier Cin\u00e9ma<\/a><\/p>\n<p>Isiah Whitlock Jr. est \u00e9galement apparu dans la s\u00e9rie Veep, satire sur la fonction de vice-pr\u00e9sidente des Etats-Unis, o\u00f9 il incarnait le secr\u00e9taire am\u00e9ricain \u00e0 la D\u00e9fense.<\/p>\n","protected":false},"excerpt":{"rendered":"Les fans de la s\u00e9rie The Wire sont en deuil. L\u2019acteur am\u00e9ricain Isiah Whitlock Jr. est d\u00e9c\u00e9d\u00e9 \u00e0&hellip;\n","protected":false},"author":2,"featured_media":631459,"comment_status":"","ping_status":"","sticky":false,"template":"","format":"standard","meta":{"footnotes":""},"categories":[8],"tags":[253,650,251,58,59,73,1011,27,5547,521,133],"class_list":{"0":"post-631458","1":"post","2":"type-post","3":"status-publish","4":"format-standard","5":"has-post-thumbnail","7":"category-divertissement","8":"tag-acteur","9":"tag-cinema","10":"tag-culture","11":"tag-divertissement","12":"tag-entertainment","13":"tag-etats-unis","14":"tag-fr","15":"tag-france","16":"tag-hbo","17":"tag-serie","18":"tag-video"},"share_on_mastodon":{"url":"https:\/\/pubeurope.com\/@fr\/115812662294130056","error":""},"_links":{"self":[{"href":"https:\/\/www.europesays.com\/fr\/wp-json\/wp\/v2\/posts\/631458","targetHints":{"allow":["GET"]}}],"collection":[{"href":"https:\/\/www.europesays.com\/fr\/wp-json\/wp\/v2\/posts"}],"about":[{"href":"https:\/\/www.europesays.com\/fr\/wp-json\/wp\/v2\/types\/post"}],"author":[{"embeddable":true,"href":"https:\/\/www.europesays.com\/fr\/wp-json\/wp\/v2\/users\/2"}],"replies":[{"embeddable":true,"href":"https:\/\/www.europesays.com\/fr\/wp-json\/wp\/v2\/comments?post=631458"}],"version-history":[{"count":0,"href":"https:\/\/www.europesays.com\/fr\/wp-json\/wp\/v2\/posts\/631458\/revisions"}],"wp:featuredmedia":[{"embeddable":true,"href":"https:\/\/www.europesays.com\/fr\/wp-json\/wp\/v2\/media\/631459"}],"wp:attachment":[{"href":"https:\/\/www.europesays.com\/fr\/wp-json\/wp\/v2\/media?parent=631458"}],"wp:term":[{"taxonomy":"category","embeddable":true,"href":"https:\/\/www.europesays.com\/fr\/wp-json\/wp\/v2\/categories?post=631458"},{"taxonomy":"post_tag","embeddable":true,"href":"https:\/\/www.europesays.com\/fr\/wp-json\/wp\/v2\/tags?post=631458"}],"curies":[{"name":"wp","href":"https:\/\/api.w.org\/{rel}","templated":true}]}}