{"id":631466,"date":"2025-12-31T06:05:13","date_gmt":"2025-12-31T06:05:13","guid":{"rendered":"https:\/\/www.europesays.com\/fr\/631466\/"},"modified":"2025-12-31T06:05:13","modified_gmt":"2025-12-31T06:05:13","slug":"le-corps-du-psychologue-retrouve-dans-son-jardin-son-fils-mis-en-examen-a-nimes","status":"publish","type":"post","link":"https:\/\/www.europesays.com\/fr\/631466\/","title":{"rendered":"Le corps du psychologue retrouv\u00e9 dans son jardin, son fils mis en examen \u00e0 N\u00eemes"},"content":{"rendered":"<p>Dimanche, le fils du <a href=\"https:\/\/www.laprovence.com\/article\/sante\/1690466091263614\/chatgpt-ne-me-juge-pas-pourquoi-de-plus-en-plus-de-jeunes-confient-leur-mal-etre-a-l-ia-plutot-qu-a-un-psychologue\" target=\"_blank\" rel=\"noopener\">psychologue <\/a>Salah Bouabdallah, alors signal\u00e9 disparu depuis quelques jours, s&rsquo;est pr\u00e9sent\u00e9 au commissariat de N\u00eemes o\u00f9 \u00ab\u00a0il aurait confi\u00e9 \u00eatre l&rsquo;auteur du meurtre de ce dernier et avoir dissimul\u00e9 la d\u00e9pouille de la victime\u00a0\u00bb, avait indiqu\u00e9 la procureure dans un communiqu\u00e9.<\/p>\n<p>L&rsquo;homme de 27 ans a d\u00e9clar\u00e9 que son p\u00e8re \u00e9tait d\u00e9c\u00e9d\u00e9 \u00ab\u00a0\u00e0 la suite de coups port\u00e9s lors d&rsquo;un diff\u00e9rend familial entre eux le 21 d\u00e9cembre 2025\u00a0\u00bb, avait ajout\u00e9 cette m\u00eame source lundi dans un second communiqu\u00e9.<\/p>\n<p>Le corps de la victime, \u00ab\u00a0d\u00e9c\u00e9d\u00e9e des suites de violences\u00a0\u00bb selon <a href=\"https:\/\/www.laprovence.com\/article\/faits-divers-justice\/60813606118913\/mort-suspecte-d-un-homme-chez-lui-a-carpentras-pas-un-meurtre-mais-une-hemorragie-interne-revele-l-autopsie\" target=\"_blank\" rel=\"noopener\">l&rsquo;autopsie <\/a>r\u00e9alis\u00e9e lundi, a \u00e9t\u00e9 d\u00e9couvert \u00ab\u00a0sur indications du fils, enterr\u00e9 dans la partie arri\u00e8re du jardin, v\u00eatu et \u00e0 m\u00eame le sol\u00a0\u00bb.<\/p>\n<p>Le fils de Salah Bouabdallah, jusqu&rsquo;alors inconnu des services de police, a \u00e9t\u00e9 mis en examen et plac\u00e9 en d\u00e9tention provisoire mardi, selon le parquet.<\/p>\n<p>La victime \u00e9tait un<a href=\"https:\/\/www.laprovence.com\/actu\/en-direct\/6850717\/marseille-fiche-s-il-menace-des-passants-et-la-police-avec-un-couteau.html\" target=\"_blank\" rel=\"noopener\"> fich\u00e9 S<\/a> et devait prochainement compara\u00eetre devant le tribunal correctionnel pour des faits d&rsquo;apologie du terrorisme.\u00a0<\/p>\n","protected":false},"excerpt":{"rendered":"Dimanche, le fils du psychologue Salah Bouabdallah, alors signal\u00e9 disparu depuis quelques jours, s&rsquo;est pr\u00e9sent\u00e9 au commissariat de&hellip;\n","protected":false},"author":2,"featured_media":631467,"comment_status":"","ping_status":"","sticky":false,"template":"","format":"standard","meta":{"footnotes":""},"categories":[4],"tags":[17,11,6725,1446,274,1011,27,3354,12,5557,25,4256,3711],"class_list":{"0":"post-631466","1":"post","2":"type-post","3":"status-publish","4":"format-standard","5":"has-post-thumbnail","7":"category-france","8":"tag-17","9":"tag-actualites","10":"tag-corps","11":"tag-dans","12":"tag-faits-divers-justice","13":"tag-fr","14":"tag-france","15":"tag-jardin","16":"tag-news","17":"tag-psychologue","18":"tag-republique-francaise","19":"tag-retrouve","20":"tag-son"},"share_on_mastodon":{"url":"https:\/\/pubeurope.com\/@fr\/115812678034675632","error":""},"_links":{"self":[{"href":"https:\/\/www.europesays.com\/fr\/wp-json\/wp\/v2\/posts\/631466","targetHints":{"allow":["GET"]}}],"collection":[{"href":"https:\/\/www.europesays.com\/fr\/wp-json\/wp\/v2\/posts"}],"about":[{"href":"https:\/\/www.europesays.com\/fr\/wp-json\/wp\/v2\/types\/post"}],"author":[{"embeddable":true,"href":"https:\/\/www.europesays.com\/fr\/wp-json\/wp\/v2\/users\/2"}],"replies":[{"embeddable":true,"href":"https:\/\/www.europesays.com\/fr\/wp-json\/wp\/v2\/comments?post=631466"}],"version-history":[{"count":0,"href":"https:\/\/www.europesays.com\/fr\/wp-json\/wp\/v2\/posts\/631466\/revisions"}],"wp:featuredmedia":[{"embeddable":true,"href":"https:\/\/www.europesays.com\/fr\/wp-json\/wp\/v2\/media\/631467"}],"wp:attachment":[{"href":"https:\/\/www.europesays.com\/fr\/wp-json\/wp\/v2\/media?parent=631466"}],"wp:term":[{"taxonomy":"category","embeddable":true,"href":"https:\/\/www.europesays.com\/fr\/wp-json\/wp\/v2\/categories?post=631466"},{"taxonomy":"post_tag","embeddable":true,"href":"https:\/\/www.europesays.com\/fr\/wp-json\/wp\/v2\/tags?post=631466"}],"curies":[{"name":"wp","href":"https:\/\/api.w.org\/{rel}","templated":true}]}}