{"id":631470,"date":"2025-12-31T06:08:14","date_gmt":"2025-12-31T06:08:14","guid":{"rendered":"https:\/\/www.europesays.com\/fr\/631470\/"},"modified":"2025-12-31T06:08:14","modified_gmt":"2025-12-31T06:08:14","slug":"le-coach-du-red-star-donne-son-favori-pour-la-montee","status":"publish","type":"post","link":"https:\/\/www.europesays.com\/fr\/631470\/","title":{"rendered":"Le coach du Red Star donne son favori pour la mont\u00e9e"},"content":{"rendered":"<p><strong>Deux points devant AS Saint-\u00c9tienne \u00e0 la tr\u00eave, le Red Star FC r\u00e9alise une premi\u00e8re partie de saison qui d\u00e9passe largement les attentes. Son entra\u00eeneur, Gr\u00e9gory Poirier, s\u2019est exprim\u00e9 au micro de <a href=\"https:\/\/www.youtube.com\/channel\/UCvahPKdJhfMHDN0PbJ3nSNg\" target=\"_blank\" rel=\"noopener\">la cha\u00eene Youtube officielle de la Ligue 2<\/a>, livrant une analyse lucide de la performance de son \u00e9quipe, mais aussi un regard appuy\u00e9 sur les forces du championnat\u2026 et sur l\u2019ASSE.<\/strong><\/p>\n<p>\u00c0 l\u2019heure de faire le bilan, Gr\u00e9gory Poirier ne cache pas sa satisfaction. Le technicien audonien reconna\u00eet que cette deuxi\u00e8me place \u00e0 la tr\u00eave n\u2019\u00e9tait pas forc\u00e9ment envisag\u00e9e au d\u00e9part.<\/p>\n<p>\u00ab C\u2019est tr\u00e8s satisfaisant, on est super contents, super fiers. C\u2019est beaucoup de travail, c\u2019est une super r\u00e9compense mais ce n\u2019est pas une finalit\u00e9 \u00bb, explique-t-il, avant d\u2019insister sur la progression r\u00e9alis\u00e9e par son groupe. \u00ab Il y a eu beaucoup de moments difficiles la saison derni\u00e8re en voulant se maintenir, et aujourd\u2019hui on est bien positionn\u00e9s. Je dois \u00eatre honn\u00eate, je ne l\u2019avais pas imagin\u00e9 \u00e0 ce point-l\u00e0. \u00bb<\/p>\n<p>Le bond statistique est parlant. \u00ab Si on regarde la moyenne de points, c\u2019est exceptionnel : on est pass\u00e9 de pratiquement un point de moyenne la saison pass\u00e9e \u00e0 deux maintenant \u00bb, souligne Poirier, qui voit dans cette dynamique la mat\u00e9rialisation d\u2019un travail de fond.<\/p>\n<p>Ligue 2 : un championnat marqu\u00e9 par les rel\u00e9gu\u00e9s<\/p>\n<p>Interrog\u00e9 sur le niveau g\u00e9n\u00e9ral de la Ligue 2, l\u2019entra\u00eeneur du Red Star met en avant un facteur d\u00e9terminant pour lui : la pr\u00e9sence massive des clubs rel\u00e9gu\u00e9s de Ligue 1 en haut de tableau.<\/p>\n<p>\u00ab Cette ann\u00e9e il y a la particularit\u00e9 d\u2019y avoir dans les premiers les trois \u00e9quipes qui descendent de Ligue 1 \u00bb, analyse-t-il. \u00ab Il y a une telle diff\u00e9rence entre le joueur de Ligue 1 et le joueur de Ligue 2. Sur le papier, elles seront favorites. \u00bb<\/p>\n<p>Dans cette analyse, Gr\u00e9gory Poirier cite notamment Troyes, qu\u2019il consid\u00e8re comme la r\u00e9f\u00e9rence rencontr\u00e9e cette saison. \u00ab Je suis d\u2019accord pour dire que Troyes est la meilleure \u00e9quipe que nous avons affront\u00e9e, que ce soit \u00e0 domicile ou \u00e0 l\u2019ext\u00e9rieur \u00bb, explique-t-il, en \u00e9voquant leur qualit\u00e9 dans la transition.<\/p>\n<p>Poirier : un regard franc sur l\u2019ASSE<\/p>\n<p>L\u2019ASSE n\u2019\u00e9chappe pas \u00e0 son analyse. Si Poirier reconna\u00eet le potentiel st\u00e9phanois, il n\u2019h\u00e9site pas \u00e0 pointer une prestation rat\u00e9e lors de leur confrontation directe. \u00ab M\u00eame si je pense que Saint-\u00c9tienne a fait un non-match contre nous, il faut le reconna\u00eetre \u00bb, l\u00e2che-t-il sans d\u00e9tour.<\/p>\n<p>Un constat que ne d\u00e9mentiront pas les supporters st\u00e9phanois, conscients que la marge de progression existe encore malgr\u00e9 une position solide au classement.<\/p>\n<p>Enfin, Gr\u00e9gory Poirier refuse toute pr\u00e9cipitation dans les objectifs. \u00ab On a avanc\u00e9 dans nos objectifs presque plus vite \u00bb, admet-il, tout en restant prudent. \u00ab On ne le mat\u00e9rialise pas par de nouveaux objectifs pour ne pas \u00eatre d\u00e9\u00e7us. \u00bb<\/p>\n<p>Il met surtout en garde contre un changement de statut. \u00ab Les matchs deviennent plus difficiles, on nous lit beaucoup. Il y a un aspect mental qui entre en jeu \u00bb, conclut-il. Un discours lucide, qui illustre parfaitement les enjeux de cette Ligue 2 dense et exigeante, o\u00f9 l\u2019ASSE devra r\u00e9pondre pr\u00e9sent d\u00e8s la reprise pour rester dans la course.<\/p>\n","protected":false},"excerpt":{"rendered":"Deux points devant AS Saint-\u00c9tienne \u00e0 la tr\u00eave, le Red Star FC r\u00e9alise une premi\u00e8re partie de saison&hellip;\n","protected":false},"author":2,"featured_media":504810,"comment_status":"","ping_status":"","sticky":false,"template":"","format":"standard","meta":{"footnotes":""},"categories":[9653],"tags":[1111,11,2430,1777,674,1011,27,12,25,4001],"class_list":{"0":"post-631470","1":"post","2":"type-post","3":"status-publish","4":"format-standard","5":"has-post-thumbnail","7":"category-saint-etienne","8":"tag-actu","9":"tag-actualites","10":"tag-auvergne-rhone-alpes","11":"tag-eu","12":"tag-europe","13":"tag-fr","14":"tag-france","15":"tag-news","16":"tag-republique-francaise","17":"tag-saint-etienne"},"share_on_mastodon":{"url":"https:\/\/pubeurope.com\/@fr\/115812689712746178","error":""},"_links":{"self":[{"href":"https:\/\/www.europesays.com\/fr\/wp-json\/wp\/v2\/posts\/631470","targetHints":{"allow":["GET"]}}],"collection":[{"href":"https:\/\/www.europesays.com\/fr\/wp-json\/wp\/v2\/posts"}],"about":[{"href":"https:\/\/www.europesays.com\/fr\/wp-json\/wp\/v2\/types\/post"}],"author":[{"embeddable":true,"href":"https:\/\/www.europesays.com\/fr\/wp-json\/wp\/v2\/users\/2"}],"replies":[{"embeddable":true,"href":"https:\/\/www.europesays.com\/fr\/wp-json\/wp\/v2\/comments?post=631470"}],"version-history":[{"count":0,"href":"https:\/\/www.europesays.com\/fr\/wp-json\/wp\/v2\/posts\/631470\/revisions"}],"wp:featuredmedia":[{"embeddable":true,"href":"https:\/\/www.europesays.com\/fr\/wp-json\/wp\/v2\/media\/504810"}],"wp:attachment":[{"href":"https:\/\/www.europesays.com\/fr\/wp-json\/wp\/v2\/media?parent=631470"}],"wp:term":[{"taxonomy":"category","embeddable":true,"href":"https:\/\/www.europesays.com\/fr\/wp-json\/wp\/v2\/categories?post=631470"},{"taxonomy":"post_tag","embeddable":true,"href":"https:\/\/www.europesays.com\/fr\/wp-json\/wp\/v2\/tags?post=631470"}],"curies":[{"name":"wp","href":"https:\/\/api.w.org\/{rel}","templated":true}]}}