{"id":631477,"date":"2025-12-31T06:13:10","date_gmt":"2025-12-31T06:13:10","guid":{"rendered":"https:\/\/www.europesays.com\/fr\/631477\/"},"modified":"2025-12-31T06:13:10","modified_gmt":"2025-12-31T06:13:10","slug":"nathalie-moteur-discret-des-camions-du-coeur-2-4","status":"publish","type":"post","link":"https:\/\/www.europesays.com\/fr\/631477\/","title":{"rendered":"Nathalie, moteur discret des Camions du C\u0153ur (2\/4)"},"content":{"rendered":"<p>                    Par<br \/>\n        <strong><br \/>\n            <a href=\"https:\/\/actu.fr\/auteur\/lea-pippinato\" title=\"Consulter tous les articles de L\u00e9a Pippinato\" target=\"_blank\" rel=\"noopener\">L\u00e9a Pippinato<\/a><br \/>\n                    <\/strong><\/p>\n<p>        Publi\u00e9 le<\/p>\n<p>            31 d\u00e9c. 2025 \u00e0 5h06        <\/p>\n<p>\u00c0 Mudaison, <strong>au d\u00e9but des ann\u00e9es 2000<\/strong>, Nathalie cherche un souffle hors de la maison. Mari souvent mut\u00e9, cartons \u00e0 refaire, villages \u00e0 quitter. Elle rejoint des associations de danse et de musique. Un jour, une amie propose : \u00ab\u00a0Et si on aidait aux Restos cet hiver ?\u00a0\u00bb L\u2019id\u00e9e para\u00eet courte, raisonnable. Elles s\u2019inscrivent pour la campagne de novembre \u00e0 mars. Le jeudi matin, elles chargent les conserves au centre de S\u00e8te. Pas de points, juste des familles inscrites : six personnes, six bo\u00eetes de haricots. Leurs enfants vont \u00e0 la cantine, leurs maris travaillent, elles distribuent en riant un peu, en d\u00e9couvrant beaucoup. \u00ab\u00a0On a trouv\u00e9 notre place. On s\u2019est r\u00e9gal\u00e9es\u00a0\u00bb, sourit Nathalie.<\/p>\n<p class=\" wall-content\">Apr\u00e8s quelques ann\u00e9es, une responsable signale un besoin de bras pour les camions, au march\u00e9-gare de Montpellier. Avec son amie, elle se laisse convaincre pour trois mois. Elles n\u2019en repartiront plus. \u00c0 6h, elles \u00e9talent le thon, la sardine, le camembert. Pas de cuisine, juste un four de r\u00e9chauffage. Deux cents sandwiches align\u00e9s dans des caisses. Soupe chaude, quelques l\u00e9gumes, et d\u00e9part vers les Arceaux. L\u00e0, elles servent des personnes sans abri, sacs \u00e0 dos, chiens au pied. Pas de papiers, pas de justificatif : celui qui se met dans la file mange. M\u00eame des touristes, l\u2019\u00e9t\u00e9, s\u2019y trompent.<\/p>\n<p>Monter, coordonner, d\u00e9cider<\/p>\n<p class=\" wall-content\">Les ann\u00e9es passent. Nathalie devient responsable de jour, puis des camions. Il faut organiser<strong> entre 110 et 120 b\u00e9n\u00e9voles<\/strong>, g\u00e9rer les stocks, les plannings, les accrochages. \u00ab\u00a0C\u2019\u00e9tait dur, mais logique. Je connaissais le camion par c\u0153ur.\u00a0\u00bb Puis arrive le Covid. En trois jours, tout change. Fini les tables, fini la soupe servie \u00e0 la louche. Les \u00e9quipes cuisinent quand m\u00eame. Elles glissent des repas complets dans des barquettes plastiques, ajoutent pain et g\u00e2teau dans un sac, distribuent sans contact. \u00ab\u00a0On s\u2019est mis \u00e0 50 ou 60 b\u00e9n\u00e9voles. Beaucoup avaient peur de sortir. Ceux qui restaient n\u2019ont pas attrap\u00e9 le virus.\u00a0\u00bb Une parenth\u00e8se de solidarit\u00e9 dans le silence des rues confin\u00e9es.<\/p>\n<p>    <img   decoding=\"async\" loading=\"lazy\" src=\"https:\/\/www.europesays.com\/fr\/wp-content\/uploads\/2025\/12\/tempimage6i3kaq-960x640.jpg\" alt=\"Le camion des Restos du C\u0153ur s'appr\u00eate \u00e0 d\u00e9marrer de Vendargues.\" width=\"960\" height=\"640\"\/><br \/>\n    Le camion des Restos du C\u0153ur s\u2019appr\u00eate \u00e0 d\u00e9marrer de Vendargues. (\u00a9M\u00e9tropolitain \/ LP)<\/p>\n<p class=\" wall-content\">Apr\u00e8s des ann\u00e9es de sandwichs, la demande monte jusqu\u2019\u00e0 Paris : une cuisine professionnelle s\u2019impose. Elle obtient gain de cause. \u00c0 Vendargues, les camions disposent enfin d\u2019un lieu o\u00f9 cuire, mijoter, assaisonner. Soupe fra\u00eeche, poulet, p\u00e2tes, ratatouille, parfois pintade aux p\u00eaches lors d\u2019un don inattendu. Quinze b\u00e9n\u00e9voles par service, \u00e9plucheurs de carottes, pr\u00e9parateurs de sacs d\u2019hygi\u00e8ne, plongeurs. \u00ab\u00a0On aurait pu demander un local ferm\u00e9\u00a0\u00bb, raconte Nathalie. Elle refuse. \u00ab\u00a0Ceux de la rue ne franchiraient pas la porte. Il faut rester l\u00e0 o\u00f9 ils sont.\u00a0\u00bb<\/p>\n<p>Des visages, des saisons, des histoires<\/p>\n<p class=\" wall-content\">Dans la file se m\u00ealent squatteurs, retrait\u00e9s, jeunes sans petit boulot, familles ukrainiennes, \u00e9tudiants oubli\u00e9s. Une ancienne institutrice vient avec ses tupperwares. Elle a un toit, mais plus de quoi manger. Un vieil homme aussi. D\u2019autres n\u2019ont rien, ni chauffage ni eau chaude, mais un matelas sous un toit leur suffit. Les \u00e9t\u00e9s, les b\u00e9n\u00e9ficiaires changent. Des voyageurs de passage descendent vers l\u2019Espagne, s\u2019arr\u00eatent, mangent un ou deux jours puis repartent. En hiver, les habitu\u00e9s reviennent. \u00ab\u00a0Certains sont l\u00e0 depuis quinze ans.\u00a0\u00bb Avec le temps, les profils \u00e9voluent. Moins de sacs \u00e0 dos, plus de gens log\u00e9s mais sans ressources. Plus de jeunes aussi. Et davantage de violence. \u00ab\u00a0L\u2019alcool, on a toujours connu. Mais les nouvelles drogues, \u00e7a d\u00e9raille vite. Les chiens parfois mordent.\u00a0\u00bb<\/p>\n<p>Vid\u00e9os : en ce moment sur Actu<br \/>\n    <img   decoding=\"async\" loading=\"lazy\" src=\"https:\/\/www.europesays.com\/fr\/wp-content\/uploads\/2025\/12\/tempimagehbc4et-960x640.jpg\" alt=\"Les caisses de fruits et l\u00e9gumes sont tri\u00e9es avant d\u2019\u00eatre cuisin\u00e9es.\" width=\"960\" height=\"640\"\/><br \/>\n    Les caisses de fruits et l\u00e9gumes sont tri\u00e9es avant d\u2019\u00eatre cuisin\u00e9es. (\u00a9M\u00e9tropolitain \/ LP)<\/p>\n<p class=\" wall-content\">Le jeudi, les \u00e9quipes des Restos se retrouvent comme une tribu. \u00ab\u00a0On se voit en dehors. On mange ensemble. On se conna\u00eet depuis quinze ans, on a partag\u00e9 les maladies des parents, les mariages, les deuils.\u00a0\u00bb Jusqu\u2019\u00e0 marier sa propre fille avec le fils d\u2019une b\u00e9n\u00e9vole, apr\u00e8s une blague prise au s\u00e9rieux. Certaines entreprises viennent donner un coup de main. Joueurs de rugby, salari\u00e9s d\u2019Intersport ou de Dell, cadres et stagiaires au m\u00eame niveau, les mains dans la soupe. <strong>Depuis sept ans<\/strong>, des jeunes de la Cardabelle, handicap\u00e9s moteurs, pr\u00e9parent aussi les sacs d\u2019hygi\u00e8ne chaque jeudi matin.<\/p>\n<p>Votre r\u00e9gion, votre actu !<\/p>\n<p>Recevez chaque jour les infos qui comptent pour vous.<\/p>\n<p>\t<a href=\"https:\/\/actu.fr\/newsletter\" class=\"ac-btn ac-btn--corner ac-btn--medium ac-btn--blue800\" target=\"_blank\" rel=\"noopener\">S&rsquo;incrire<\/a><br \/>\nFatigue, col\u00e8re, mais toujours un retour<\/p>\n<p class=\" wall-content\">Le plus difficile ? \u00ab\u00a0Voir ceux qu\u2019on ne pourra jamais sortir de l\u00e0. Ceux qui refusent, ceux qu\u2019on enterre.\u00a0\u00bb Elle \u00e9voque un jeune qu\u2019ils ont voulu aider \u00e0 trouver un travail. Il ne s\u2019est jamais pr\u00e9sent\u00e9. D\u2019autres explosent de col\u00e8re. Une femme l\u2019a insult\u00e9e six mois chaque jeudi. \u00ab\u00a0Un jour, j\u2019ai failli craquer. Mais elle aussi venait chercher \u00e0 manger.\u00a0\u00bb Pourtant, Nathalie ne se lasse pas. Elle r\u00e9pond \u00e0 ceux qui h\u00e9sitent \u00e0 s\u2019engager : \u00ab\u00a0Il faut venir une fois. Ce n\u2019est pas facile, mais on repart diff\u00e9rent.\u00a0\u00bb Certains b\u00e9n\u00e9voles ne reviennent pas. D\u2019autres restent quinze ans.<\/p>\n<p class=\" wall-content\">Personnalisez votre actualit\u00e9 en ajoutant vos villes et m\u00e9dias en favori avec <a href=\"https:\/\/moncompte.actu.fr\" title=\"D\u00e9couvez Mon Actu\" rel=\"nofollow noopener\" data-trk=\"{&quot;cta&quot;:{&quot;action&quot;:&quot;https:\\\/\\\/moncompte.actu.fr&quot;,&quot;category&quot;:&quot;mon compte&quot;,&quot;from&quot;:&quot;article footer&quot;,&quot;name&quot;:&quot;Mon actu&quot;,&quot;type&quot;:&quot;cta&quot;}}\" target=\"_blank\">Mon Actu<\/a>.<\/p>\n","protected":false},"excerpt":{"rendered":"Par L\u00e9a Pippinato Publi\u00e9 le 31 d\u00e9c. 2025 \u00e0 5h06 \u00c0 Mudaison, au d\u00e9but des ann\u00e9es 2000, Nathalie&hellip;\n","protected":false},"author":2,"featured_media":631478,"comment_status":"","ping_status":"","sticky":false,"template":"","format":"standard","meta":{"footnotes":""},"categories":[9599],"tags":[1111,11,258,1777,674,1011,27,2208,12,2680,25,15710,104,3400],"class_list":{"0":"post-631477","1":"post","2":"type-post","3":"status-publish","4":"format-standard","5":"has-post-thumbnail","7":"category-montpellier","8":"tag-actu","9":"tag-actualites","10":"tag-alimentation","11":"tag-eu","12":"tag-europe","13":"tag-fr","14":"tag-france","15":"tag-montpellier","16":"tag-news","17":"tag-occitanie","18":"tag-republique-francaise","19":"tag-restos-du-coeur","20":"tag-societe","21":"tag-solidarite"},"share_on_mastodon":{"url":"https:\/\/pubeurope.com\/@fr\/115812709495167101","error":""},"_links":{"self":[{"href":"https:\/\/www.europesays.com\/fr\/wp-json\/wp\/v2\/posts\/631477","targetHints":{"allow":["GET"]}}],"collection":[{"href":"https:\/\/www.europesays.com\/fr\/wp-json\/wp\/v2\/posts"}],"about":[{"href":"https:\/\/www.europesays.com\/fr\/wp-json\/wp\/v2\/types\/post"}],"author":[{"embeddable":true,"href":"https:\/\/www.europesays.com\/fr\/wp-json\/wp\/v2\/users\/2"}],"replies":[{"embeddable":true,"href":"https:\/\/www.europesays.com\/fr\/wp-json\/wp\/v2\/comments?post=631477"}],"version-history":[{"count":0,"href":"https:\/\/www.europesays.com\/fr\/wp-json\/wp\/v2\/posts\/631477\/revisions"}],"wp:featuredmedia":[{"embeddable":true,"href":"https:\/\/www.europesays.com\/fr\/wp-json\/wp\/v2\/media\/631478"}],"wp:attachment":[{"href":"https:\/\/www.europesays.com\/fr\/wp-json\/wp\/v2\/media?parent=631477"}],"wp:term":[{"taxonomy":"category","embeddable":true,"href":"https:\/\/www.europesays.com\/fr\/wp-json\/wp\/v2\/categories?post=631477"},{"taxonomy":"post_tag","embeddable":true,"href":"https:\/\/www.europesays.com\/fr\/wp-json\/wp\/v2\/tags?post=631477"}],"curies":[{"name":"wp","href":"https:\/\/api.w.org\/{rel}","templated":true}]}}