{"id":631485,"date":"2025-12-31T06:18:57","date_gmt":"2025-12-31T06:18:57","guid":{"rendered":"https:\/\/www.europesays.com\/fr\/631485\/"},"modified":"2025-12-31T06:18:57","modified_gmt":"2025-12-31T06:18:57","slug":"en-images-ce-quil-faut-retenir-de-2025-a-grenoble-et-dans-le-sud-de-lisere","status":"publish","type":"post","link":"https:\/\/www.europesays.com\/fr\/631485\/","title":{"rendered":"En images. Ce qu&rsquo;il faut retenir de 2025 \u00e0 Grenoble et dans le sud de l&rsquo;Is\u00e8re"},"content":{"rendered":"<p>&#13;<br \/>\n              Le Dauphin\u00e9 Lib\u00e9r\u00e9  &#8211; &#13;<br \/>\n        &#13;<br \/>\n          Aujourd&rsquo;hui \u00e0 06:00&#13;<br \/>\n    &#13;<br \/>\n        &#8211; Temps de lecture : &#13;<br \/>\n  &#13;\n<\/p>\n<ul class=\"galerieContent carousel-wrapper__slides\" id=\"b047bcb3-0c10-47f8-a0b4-35426ba6d778\">        &#13;<\/p>\n<li class=\"carousel-wrapper__slides--slide item\" id=\"slide-1\">&#13;<br \/>\n                                    &#13;<br \/>\n                        <a class=\"chocolat-image GA-tracking\" data-ga_type=\"click\" data-ga_category=\"D\u00e9tail\" data-ga_action=\"zoomer\" data-ga_label=\"aggrandir image\" href=\"https:\/\/cdn-s-www.ledauphine.com\/images\/5D5B7510-8C96-49DE-9719-72E06A6D6F9D\/NW_raw\/une-attaque-a-la-grenade-de-nombreux-reglements-de-comptes-et-actes-d-intimidation-par-balles-sur-fond-de-narcotrafic-une-equipe-specialisee-dans-les-attaques-de-fourgon-blinde-qui-mord-la-poussiere-un-incendie-criminel-d-equipement-public-en-probables-represailles-a-l-arrestation-d-un-dealer-l-annee-2025-aura-comme-la-precedente-temoigne-de-l-omnipresence-de-la-criminalite-organisee-dans-la-region-grenobloise-selon-le-decompte-du-dauphine-libere-au-15-decembre-39-actes-de-violences-par-arme-a-feu-se-sont-produits-en-2025-contre-40-en-2024-quatre-personnes-sont-mortes-par-balles-(contre-sept-en-2024)-et-43-ont-ete-blessees-(dont-15-par-la-grenade)-contre-35-en-2024-lors-d-actes-de-violence-armee-1767094973.jpg\" title=\"Une attaque \u00e0 la grenade, de nombreux r\u00e9glements de comptes et actes d\u2019intimidation par balles sur fond de narcotrafic, une \u00e9quipe sp\u00e9cialis\u00e9e dans les attaques de fourgon blind\u00e9 qui mord la poussi\u00e8re, un incendie criminel d\u2019\u00e9quipement public en probables repr\u00e9sailles \u00e0 l\u2019arrestation d\u2019un dealer\u200a: l\u2019ann\u00e9e 2025 aura, comme la pr\u00e9c\u00e9dente, t\u00e9moign\u00e9 de l\u2019omnipr\u00e9sence de la criminalit\u00e9 organis\u00e9e dans la r\u00e9gion grenobloise. Selon le d\u00e9compte du Dauphin\u00e9 lib\u00e9r\u00e9, au 15\u00a0d\u00e9cembre, 39 actes de violences par arme \u00e0 feu se sont produits en 2025, contre 40 en 2024. Quatre personnes sont mortes par balles (contre sept en 2024) et 43 ont \u00e9t\u00e9 bless\u00e9es (dont 15 par la grenade), contre 35 en 2024, lors d\u2019actes de violence arm\u00e9e.\" target=\"_blank\" rel=\"noopener\">&#13;<br \/>\n                            <img decoding=\"async\" src=\"https:\/\/www.europesays.com\/fr\/wp-content\/uploads\/2025\/12\/une-attaque-a-la-grenade-de-nombreux-reglements-de-comptes-et-actes-d-intimidation-par-balles-sur-fo.jpeg\"   alt=\"Une attaque \u00e0 la grenade, de nombreux r\u00e9glements de comptes et actes d\u2019intimidation par balles sur fond de narcotrafic, une \u00e9quipe sp\u00e9cialis\u00e9e dans les attaques de fourgon blind\u00e9 qui mord la poussi\u00e8re, un incendie criminel d\u2019\u00e9quipement public en probables repr\u00e9sailles \u00e0 l\u2019arrestation d\u2019un dealer\u200a: l\u2019ann\u00e9e 2025 aura, comme la pr\u00e9c\u00e9dente, t\u00e9moign\u00e9 de l\u2019omnipr\u00e9sence de la criminalit\u00e9 organis\u00e9e dans la r\u00e9gion grenobloise. Selon le d\u00e9compte du Dauphin\u00e9 lib\u00e9r\u00e9, au 15\u00a0d\u00e9cembre, 39 actes de violences par arme \u00e0 feu se sont produits en 2025, contre 40 en 2024. Quatre personnes sont mortes par balles (contre sept en 2024) et 43 ont \u00e9t\u00e9 bless\u00e9es (dont 15 par la grenade), contre 35 en 2024, lors d\u2019actes de violence arm\u00e9e.\" fetchpriority=\"high\" data-mobile=\"NW_detail_M|1767094973\" data-base=\"NW_detail|1767094973\"\/>&#13;<br \/>\n                        <\/a>&#13;<\/p>\n<p>Une attaque \u00e0 la grenade, de nombreux r\u00e9glements de comptes et actes d\u2019intimidation par balles sur fond de narcotrafic, une \u00e9quipe sp\u00e9cialis\u00e9e dans les attaques de fourgon blind\u00e9 qui mord la poussi\u00e8re, un incendie criminel d\u2019\u00e9quipement public en probables repr\u00e9sailles \u00e0 l\u2019arrestation d\u2019un dealer\u200a: l\u2019ann\u00e9e 2025 aura, comme la pr\u00e9c\u00e9dente, t\u00e9moign\u00e9 de l\u2019omnipr\u00e9sence de la criminalit\u00e9 organis\u00e9e dans la r\u00e9gion grenobloise. Selon le d\u00e9compte du Dauphin\u00e9 lib\u00e9r\u00e9, au 15\u00a0d\u00e9cembre, 39 actes de violences par arme \u00e0 feu se sont produits en 2025, contre 40 en 2024. Quatre personnes sont mortes par balles (contre sept en 2024) et 43 ont \u00e9t\u00e9 bless\u00e9es (dont 15 par la grenade), contre 35 en 2024, lors d\u2019actes de violence arm\u00e9e.<\/p>\n<p>                        &#13;<br \/>\n                                           &#13;\n                <\/li>\n<p>&#13;<br \/>\n            &#13;<\/p>\n<li class=\"carousel-wrapper__slides--slide item slideWithPub\" id=\"slide-2\">&#13;<br \/>\n                        &#13;<br \/>\n                            <a class=\"chocolat-image\" title=\"Publicit\u00e9\" href=\"data:image\/gif;base64,R0lGODlhAQABAAD\/ACwAAAAAAQABAAACADs=\">&#13;<br \/>\n                                <img decoding=\"async\" src=\"data:image\/gif;base64,R0lGODlhAQABAAD\/ACwAAAAAAQABAAACADs=\" alt=\"Publicit\u00e9\" loading=\"lazy\" fetchpriority=\"low\"\/>&#13;<br \/>\n                            <\/a>&#13;<br \/>\n                        &#13;\n                    <\/li>\n<p>&#13;<\/p>\n<li class=\"carousel-wrapper__slides--slide item\" id=\"slide-3\">&#13;<br \/>\n                                    &#13;<br \/>\n                        <a class=\"chocolat-image GA-tracking\" data-ga_type=\"click\" data-ga_category=\"D\u00e9tail\" data-ga_action=\"zoomer\" data-ga_label=\"aggrandir image\" href=\"https:\/\/cdn-s-www.ledauphine.com\/images\/CE2FA216-41A0-47EF-8B92-93C525305719\/NW_raw\/12-fevrier-attaque-a-la-grenade-dans-un-bar-associatif-l-un-des-faits-marquants-de-l-annee-2025-a-grenoble-survient-dans-la-soiree-du-12-fevrier-lorsqu-un-homme-arme-d-une-kalachnikov-lance-une-grenade-dans-un-bar-associatif-du-village-olympique-a-grenoble-l-attaque-la-premiere-de-ce-type-en-france-va-faire-15-blesses-dont-six-seront-gravement-atteints-un-medecin-declarera-avoir-ete-confronte-a-des-blessures-que-l-on-voit-habituellement-sur-des-terrains-de-conflit-un-suspect-de-17-ans-a-ete-mis-en-examen-depuis-et-est-soupconne-de-trois-autres-tentatives-de-meurtre-l-ensemble-de-ces-dossiers-s-inscrivant-dans-un-contexte-de-guerre-pour-le-controle-de-l-economie-parallele-dans-l-agglomeration-grenobloise-photo-le-dl-vanessa-laime-1767114387.jpg\" title=\"12\u00a0f\u00e9vrier. Attaque \u00e0 la grenade dans un bar associatif. L\u2019un des faits marquants de l\u2019ann\u00e9e 2025 \u00e0 Grenoble survient dans la soir\u00e9e du 12\u00a0f\u00e9vrier lorsqu\u2019un homme arm\u00e9 d\u2019une kalachnikov lance une grenade dans un bar associatif du Village olympique \u00e0 Grenoble. L\u2019attaque, la premi\u00e8re de ce type en France, va faire 15\u00a0bless\u00e9s dont six seront gravement atteints. Un m\u00e9decin d\u00e9clarera avoir \u00e9t\u00e9 confront\u00e9 \u00e0 \u00ab\u200ades blessures que l\u2019on voit habituellement sur des terrains de conflit\u200a\u00bb. Un suspect de 17\u00a0ans a \u00e9t\u00e9 mis en examen depuis, et est soup\u00e7onn\u00e9 de trois autres tentatives de meurtre, l\u2019ensemble de ces dossiers s\u2019inscrivant dans un contexte de guerre pour le contr\u00f4le de l\u2019\u00e9conomie parall\u00e8le dans l\u2019agglom\u00e9ration grenobloise.\u00a0Photo Le DL\/Vanessa Laime\" target=\"_blank\" rel=\"noopener\">&#13;<br \/>\n                            <img decoding=\"async\" src=\"https:\/\/www.europesays.com\/fr\/wp-content\/uploads\/2025\/12\/12-fevrier-attaque-a-la-grenade-dans-un-bar-associatif-l-un-des-faits-marquants-de-l-annee-2025-a-gr.jpeg\"   alt=\"12\u00a0f\u00e9vrier. Attaque \u00e0 la grenade dans un bar associatif. L\u2019un des faits marquants de l\u2019ann\u00e9e 2025 \u00e0 Grenoble survient dans la soir\u00e9e du 12\u00a0f\u00e9vrier lorsqu\u2019un homme arm\u00e9 d\u2019une kalachnikov lance une grenade dans un bar associatif du Village olympique \u00e0 Grenoble. L\u2019attaque, la premi\u00e8re de ce type en France, va faire 15\u00a0bless\u00e9s dont six seront gravement atteints. Un m\u00e9decin d\u00e9clarera avoir \u00e9t\u00e9 confront\u00e9 \u00e0 \u00ab\u200ades blessures que l\u2019on voit habituellement sur des terrains de conflit\u200a\u00bb. Un suspect de 17\u00a0ans a \u00e9t\u00e9 mis en examen depuis, et est soup\u00e7onn\u00e9 de trois autres tentatives de meurtre, l\u2019ensemble de ces dossiers s\u2019inscrivant dans un contexte de guerre pour le contr\u00f4le de l\u2019\u00e9conomie parall\u00e8le dans l\u2019agglom\u00e9ration grenobloise.\u00a0Photo Le DL\/Vanessa Laime\" loading=\"lazy\" fetchpriority=\"low\" data-mobile=\"NW_detail_M|1767114387\" data-base=\"NW_detail|1767114387\"\/>&#13;<br \/>\n                        <\/a>&#13;<\/p>\n<p><strong>12\u00a0f\u00e9vrier. Attaque \u00e0 la grenade dans un bar associatif.<\/strong> L\u2019un des faits marquants de l\u2019ann\u00e9e 2025 \u00e0 Grenoble survient dans la soir\u00e9e du 12\u00a0f\u00e9vrier lorsqu\u2019un homme arm\u00e9 d\u2019une kalachnikov lance une grenade dans un bar associatif du Village olympique \u00e0 Grenoble. L\u2019attaque, la premi\u00e8re de ce type en France, va faire 15\u00a0bless\u00e9s dont six seront gravement atteints. Un m\u00e9decin d\u00e9clarera avoir \u00e9t\u00e9 confront\u00e9 \u00e0 \u00ab\u200ades blessures que l\u2019on voit habituellement sur des terrains de conflit\u200a\u00bb. Un suspect de 17\u00a0ans a \u00e9t\u00e9 mis en examen depuis, et est soup\u00e7onn\u00e9 de trois autres tentatives de meurtre, l\u2019ensemble de ces dossiers s\u2019inscrivant dans un contexte de guerre pour le contr\u00f4le de l\u2019\u00e9conomie parall\u00e8le dans l\u2019agglom\u00e9ration grenobloise.\u00a0Photo Le DL\/Vanessa Laime<\/p>\n<p>                        &#13;<br \/>\n                                           &#13;\n                <\/li>\n<p>&#13;<br \/>\n            &#13;<\/p>\n<li class=\"carousel-wrapper__slides--slide item\" id=\"slide-4\">&#13;<br \/>\n                                    &#13;<br \/>\n                        <a class=\"chocolat-image GA-tracking\" data-ga_type=\"click\" data-ga_category=\"D\u00e9tail\" data-ga_action=\"zoomer\" data-ga_label=\"aggrandir image\" href=\"https:\/\/cdn-s-www.ledauphine.com\/images\/742F64DF-1731-46A7-8932-758DB87D7D88\/NW_raw\/18-fevrier-une-bibliotheque-incendiee-dans-la-nuit-du-18-au-19-fevrier-la-bibliotheque-chantal-mauduit-situee-a-proximite-du-quartier-mistral-a-grenoble-est-detruite-par-un-incendie-volontaire-apres-projection-d-une-voiture-belier-dans-la-facade-la-prefete-evoquera-une-action-de-represailles-de-la-part-de-voyous-cet-acte-de-vandalisme-etant-interprete-comme-une-vengeance-des-trafiquants-de-drogue-apres-l-arrestation-d-un-revendeur-sur-le-point-de-deal-quelques-heures-avant-photo-dr-1767114389.jpg\" title=\"18 f\u00e9vrier. Une biblioth\u00e8que incendi\u00e9e. Dans la nuit du 18 au 19\u00a0f\u00e9vrier, la biblioth\u00e8que Chantal-Mauduit, situ\u00e9e \u00e0 proximit\u00e9 du quartier Mistral \u00e0 Grenoble, est d\u00e9truite par un incendie volontaire apr\u00e8s projection d\u2019une voiture b\u00e9lier dans la fa\u00e7ade. La pr\u00e9f\u00e8te \u00e9voquera une \u00ab\u200aaction de repr\u00e9sailles de la part de voyous\u200a\u00bb, cet acte de vandalisme \u00e9tant interpr\u00e9t\u00e9 comme une vengeance des trafiquants de drogue apr\u00e8s l\u2019arrestation d\u2019un revendeur sur le point de deal, quelques heures avant.\u00a0Photo DR\" target=\"_blank\" rel=\"noopener\">&#13;<br \/>\n                            <img decoding=\"async\" src=\"https:\/\/www.europesays.com\/fr\/wp-content\/uploads\/2025\/12\/18-fevrier-une-bibliotheque-incendiee-dans-la-nuit-du-18-au-19-fevrier-la-bibliotheque-chantal-maudu.jpeg\"   alt=\"18 f\u00e9vrier. Une biblioth\u00e8que incendi\u00e9e. Dans la nuit du 18 au 19\u00a0f\u00e9vrier, la biblioth\u00e8que Chantal-Mauduit, situ\u00e9e \u00e0 proximit\u00e9 du quartier Mistral \u00e0 Grenoble, est d\u00e9truite par un incendie volontaire apr\u00e8s projection d\u2019une voiture b\u00e9lier dans la fa\u00e7ade. La pr\u00e9f\u00e8te \u00e9voquera une \u00ab\u200aaction de repr\u00e9sailles de la part de voyous\u200a\u00bb, cet acte de vandalisme \u00e9tant interpr\u00e9t\u00e9 comme une vengeance des trafiquants de drogue apr\u00e8s l\u2019arrestation d\u2019un revendeur sur le point de deal, quelques heures avant.\u00a0Photo DR\" loading=\"lazy\" fetchpriority=\"low\" data-mobile=\"NW_detail_M|1767114389\" data-base=\"NW_detail|1767114389\"\/>&#13;<br \/>\n                        <\/a>&#13;<\/p>\n<p><strong>18 f\u00e9vrier. Une biblioth\u00e8que incendi\u00e9e.<\/strong> Dans la nuit du 18 au 19\u00a0f\u00e9vrier, la biblioth\u00e8que Chantal-Mauduit, situ\u00e9e \u00e0 proximit\u00e9 du quartier Mistral \u00e0 Grenoble, est d\u00e9truite par un incendie volontaire apr\u00e8s projection d\u2019une voiture b\u00e9lier dans la fa\u00e7ade. La pr\u00e9f\u00e8te \u00e9voquera une \u00ab\u200aaction de repr\u00e9sailles de la part de voyous\u200a\u00bb, cet acte de vandalisme \u00e9tant interpr\u00e9t\u00e9 comme une vengeance des trafiquants de drogue apr\u00e8s l\u2019arrestation d\u2019un revendeur sur le point de deal, quelques heures avant.\u00a0Photo DR<\/p>\n<p>                        &#13;<br \/>\n                                           &#13;\n                <\/li>\n<p>&#13;<br \/>\n            &#13;<\/p>\n<li class=\"carousel-wrapper__slides--slide item\" id=\"slide-5\">&#13;<br \/>\n                                    &#13;<br \/>\n                        <a class=\"chocolat-image GA-tracking\" data-ga_type=\"click\" data-ga_category=\"D\u00e9tail\" data-ga_action=\"zoomer\" data-ga_label=\"aggrandir image\" href=\"https:\/\/cdn-s-www.ledauphine.com\/images\/97D3276D-84A1-48F2-8944-2BEFAAEA5A6E\/NW_raw\/12-mars-un-ancien-caid-abattu-en-pleine-autoroute-le-12-mars-jean-pierre-maldera-71-ans-l-ancien-grand-caid-de-la-pegre-grenobloise-de-la-fin-des-annees-80-au-milieu-des-annees-2000-est-tue-par-balles-sur-l-a41-a-la-hauteur-de-montbonnot-saint-martin-avec-son-frere-robert-disparu-en-2015-il-avait-place-sous-coupe-reglee-toutes-les-activites-illegales-racontait-un-policier-dans-nos-editions-du-13-mars-rien-ne-se-faisait-sans-leur-accord-ils-avaient-etabli-une-structure-pyramidale-elaboree-comme-cela-a-pu-etre-demontre-en-2004-tous-deux-etaient-a-la-tete-d-une-organisation-dont-les-activites-etaient-multiples-extorsion-de-fonds-proxenetisme-jeux-clandestins-stupefiants-etc-rien-n-echappait-a-leurs-quatre-ou-cinq-lieutenants-qui-donnaient-des-ordres-a-une-quinzaine-de-sous-lieutenants-et-a-plusieurs-dizaines-d-hommes-de-main-photo-le-dl-benoit-lagneux-1767114388.jpg\" title=\"12\u00a0mars. Un ancien ca\u00efd abattu en pleine autoroute.\u00a0Le 12\u00a0mars, Jean-Pierre Maldera, 71 ans, l\u2019ancien grand ca\u00efd de la p\u00e8gre grenobloise de la fin des ann\u00e9es 80 au milieu des ann\u00e9es 2000, est tu\u00e9 par balles sur l\u2019A41 \u00e0 la hauteur de Montbonnot-Saint-Martin. Avec son fr\u00e8re Robert, disparu en 2015, il avait \u00ab\u200aplac\u00e9 sous coupe r\u00e9gl\u00e9e toutes les activit\u00e9s ill\u00e9gales\u200a\u00bb, racontait un policier dans nos \u00e9ditions du 13\u00a0mars. \u00ab\u200aRien ne se faisait sans leur accord. Ils avaient \u00e9tabli une structure pyramidale \u00e9labor\u00e9e, comme cela a pu \u00eatre d\u00e9montr\u00e9 en 2004. Tous deux \u00e9taient \u00e0 la t\u00eate d\u2019une organisation dont les activit\u00e9s \u00e9taient multiples\u200a: extorsion de fonds, prox\u00e9n\u00e9tisme, jeux clandestins, stup\u00e9fiants,\u00a0etc. Rien n\u2019\u00e9chappait \u00e0 leurs quatre ou cinq lieutenants qui donnaient des ordres \u00e0 une quinzaine de sous-lieutenants et \u00e0 plusieurs dizaines d\u2019hommes de main.\u200a\u00bb\u00a0 Photo Le DL\/Beno\u00eet Lagneux\" target=\"_blank\" rel=\"noopener\">&#13;<br \/>\n                            <img decoding=\"async\" src=\"https:\/\/www.europesays.com\/fr\/wp-content\/uploads\/2025\/12\/12-mars-un-ancien-caid-abattu-en-pleine-autoroute-le-12-mars-jean-pierre-maldera-71-ans-l-ancien-gra.jpeg\"   alt=\"12\u00a0mars. Un ancien ca\u00efd abattu en pleine autoroute.\u00a0Le 12\u00a0mars, Jean-Pierre Maldera, 71 ans, l\u2019ancien grand ca\u00efd de la p\u00e8gre grenobloise de la fin des ann\u00e9es 80 au milieu des ann\u00e9es 2000, est tu\u00e9 par balles sur l\u2019A41 \u00e0 la hauteur de Montbonnot-Saint-Martin. Avec son fr\u00e8re Robert, disparu en 2015, il avait \u00ab\u200aplac\u00e9 sous coupe r\u00e9gl\u00e9e toutes les activit\u00e9s ill\u00e9gales\u200a\u00bb, racontait un policier dans nos \u00e9ditions du 13\u00a0mars. \u00ab\u200aRien ne se faisait sans leur accord. Ils avaient \u00e9tabli une structure pyramidale \u00e9labor\u00e9e, comme cela a pu \u00eatre d\u00e9montr\u00e9 en 2004. Tous deux \u00e9taient \u00e0 la t\u00eate d\u2019une organisation dont les activit\u00e9s \u00e9taient multiples\u200a: extorsion de fonds, prox\u00e9n\u00e9tisme, jeux clandestins, stup\u00e9fiants,\u00a0etc. Rien n\u2019\u00e9chappait \u00e0 leurs quatre ou cinq lieutenants qui donnaient des ordres \u00e0 une quinzaine de sous-lieutenants et \u00e0 plusieurs dizaines d\u2019hommes de main.\u200a\u00bb\u00a0 Photo Le DL\/Beno\u00eet Lagneux\" loading=\"lazy\" fetchpriority=\"low\" data-mobile=\"NW_detail_M|1767114388\" data-base=\"NW_detail|1767114388\"\/>&#13;<br \/>\n                        <\/a>&#13;<\/p>\n<p><strong>12\u00a0mars. Un ancien ca\u00efd abattu en pleine autoroute.\u00a0<\/strong>Le 12\u00a0mars, Jean-Pierre Maldera, 71 ans, l\u2019ancien grand ca\u00efd de la p\u00e8gre grenobloise de la fin des ann\u00e9es 80 au milieu des ann\u00e9es 2000, est tu\u00e9 par balles sur l\u2019A41 \u00e0 la hauteur de Montbonnot-Saint-Martin. Avec son fr\u00e8re Robert, disparu en 2015, il avait \u00ab\u200aplac\u00e9 sous coupe r\u00e9gl\u00e9e toutes les activit\u00e9s ill\u00e9gales\u200a\u00bb, racontait un policier dans nos \u00e9ditions du 13\u00a0mars. \u00ab\u200aRien ne se faisait sans leur accord. Ils avaient \u00e9tabli une structure pyramidale \u00e9labor\u00e9e, comme cela a pu \u00eatre d\u00e9montr\u00e9 en 2004. Tous deux \u00e9taient \u00e0 la t\u00eate d\u2019une organisation dont les activit\u00e9s \u00e9taient multiples\u200a: extorsion de fonds, prox\u00e9n\u00e9tisme, jeux clandestins, stup\u00e9fiants,\u00a0etc. Rien n\u2019\u00e9chappait \u00e0 leurs quatre ou cinq lieutenants qui donnaient des ordres \u00e0 une quinzaine de sous-lieutenants et \u00e0 plusieurs dizaines d\u2019hommes de main.\u200a\u00bb\u00a0 Photo Le DL\/Beno\u00eet Lagneux<\/p>\n<p>                        &#13;<br \/>\n                                           &#13;\n                <\/li>\n<p>&#13;<br \/>\n            &#13;<\/p>\n<li class=\"carousel-wrapper__slides--slide item\" id=\"slide-6\">&#13;<br \/>\n                                    &#13;<br \/>\n                        <a class=\"chocolat-image GA-tracking\" data-ga_type=\"click\" data-ga_category=\"D\u00e9tail\" data-ga_action=\"zoomer\" data-ga_label=\"aggrandir image\" href=\"https:\/\/cdn-s-www.ledauphine.com\/images\/05A91815-C43C-4F74-BFB8-9C38A51EA630\/NW_raw\/24-avril-braquage-avorte-d-un-fourgon-blinde-le-16-septembre-la-police-realise-un-coup-de-filet-dans-le-cadre-de-l-enquete-sur-la-tentative-de-braquage-d-un-transport-de-fonds-le-24-avril-a-la-banque-de-france-six-personnes-sont-mises-en-examen-pour-tentative-de-vol-en-bande-organisee-participation-a-une-association-de-malfaiteurs-le-jour-des-faits-l-equipe-s-appretait-a-attaquer-un-fourgon-sortant-de-la-banque-lorsque-des-temoins-ont-alerte-la-police-qui-a-mis-en-fuite-les-malfaiteurs-photo-le-dl-v-l-1767094973.jpg\" title=\"24\u00a0avril. Braquage avort\u00e9 d\u2019un fourgon blind\u00e9. Le 16\u00a0septembre, la police r\u00e9alise un coup de filet dans le cadre de l\u2019enqu\u00eate sur la tentative de braquage d\u2019un transport de fonds, le 24\u00a0avril, \u00e0 la Banque de France. Six personnes sont mises en examen pour \u201ctentative de vol en bande organis\u00e9e\u201d, \u201cparticipation \u00e0 une association de malfaiteurs\u201d. Le jour des faits, l\u2019\u00e9quipe s\u2019appr\u00eatait \u00e0 attaquer un fourgon sortant de la banque lorsque des t\u00e9moins ont alert\u00e9 la police, qui a mis en fuite les malfaiteurs.\u00a0Photo Le DL\/V.\u00a0L.\" target=\"_blank\" rel=\"noopener\">&#13;<br \/>\n                            <img decoding=\"async\" src=\"https:\/\/www.europesays.com\/fr\/wp-content\/uploads\/2025\/12\/24-avril-braquage-avorte-d-un-fourgon-blinde-le-16-septembre-la-police-realise-un-coup-de-filet-dans.jpeg\"   alt=\"24\u00a0avril. Braquage avort\u00e9 d\u2019un fourgon blind\u00e9. Le 16\u00a0septembre, la police r\u00e9alise un coup de filet dans le cadre de l\u2019enqu\u00eate sur la tentative de braquage d\u2019un transport de fonds, le 24\u00a0avril, \u00e0 la Banque de France. Six personnes sont mises en examen pour \u201ctentative de vol en bande organis\u00e9e\u201d, \u201cparticipation \u00e0 une association de malfaiteurs\u201d. Le jour des faits, l\u2019\u00e9quipe s\u2019appr\u00eatait \u00e0 attaquer un fourgon sortant de la banque lorsque des t\u00e9moins ont alert\u00e9 la police, qui a mis en fuite les malfaiteurs.\u00a0Photo Le DL\/V.\u00a0L.\" loading=\"lazy\" fetchpriority=\"low\" data-mobile=\"NW_detail_M|1767094973\" data-base=\"NW_detail|1767094973\"\/>&#13;<br \/>\n                        <\/a>&#13;<\/p>\n<p><strong>24\u00a0avril. Braquage avort\u00e9 d\u2019un fourgon blind\u00e9.<\/strong> Le 16\u00a0septembre, la police r\u00e9alise un coup de filet dans le cadre de l\u2019enqu\u00eate sur la tentative de braquage d\u2019un transport de fonds, le 24\u00a0avril, \u00e0 la Banque de France. Six personnes sont mises en examen pour \u201ctentative de vol en bande organis\u00e9e\u201d, \u201cparticipation \u00e0 une association de malfaiteurs\u201d. Le jour des faits, l\u2019\u00e9quipe s\u2019appr\u00eatait \u00e0 attaquer un fourgon sortant de la banque lorsque des t\u00e9moins ont alert\u00e9 la police, qui a mis en fuite les malfaiteurs.\u00a0Photo Le DL\/V.\u00a0L.<\/p>\n<p>                        &#13;<br \/>\n                                           &#13;\n                <\/li>\n<p>&#13;<br \/>\n            &#13;<\/p>\n<li class=\"carousel-wrapper__slides--slide item slideWithPub\" id=\"slide-7\">&#13;<br \/>\n                        &#13;<br \/>\n                            <a class=\"chocolat-image\" title=\"Publicit\u00e9\" href=\"data:image\/gif;base64,R0lGODlhAQABAAD\/ACwAAAAAAQABAAACADs=\">&#13;<br \/>\n                                <img decoding=\"async\" src=\"data:image\/gif;base64,R0lGODlhAQABAAD\/ACwAAAAAAQABAAACADs=\" alt=\"Publicit\u00e9\" loading=\"lazy\" fetchpriority=\"low\"\/>&#13;<br \/>\n                            <\/a>&#13;<br \/>\n                        &#13;\n                    <\/li>\n<p>&#13;<\/p>\n<li class=\"carousel-wrapper__slides--slide item\" id=\"slide-8\">&#13;<br \/>\n                                    &#13;<br \/>\n                        <a class=\"chocolat-image GA-tracking\" data-ga_type=\"click\" data-ga_category=\"D\u00e9tail\" data-ga_action=\"zoomer\" data-ga_label=\"aggrandir image\" href=\"https:\/\/cdn-s-www.ledauphine.com\/images\/D454E96B-4F54-421E-90F9-AB85DA31AF71\/NW_raw\/5-juillet-le-spectre-d-un-acte-antisemite-ce-jour-la-dans-le-quartier-hoche-a-grenoble-un-incendie-criminel-detruit-l-appartement-d-un-rabbin-et-de-sa-famille-ainsi-que-plusieurs-autres-logements-et-fait-12-blesses-les-analyses-du-laboratoire-de-police-scientifique-feront-apparaitre-la-presence-de-traces-d-accelerateur-de-combustion-l-enquete-est-toujours-en-cours-photo-le-dl-denis-masliah-1767094973.jpg\" title=\"5 juillet. Le spectre d\u2019un acte antis\u00e9mite. Ce jour-l\u00e0, dans le quartier Hoche \u00e0 Grenoble, un incendie criminel d\u00e9truit l\u2019appartement d\u2019un rabbin et de sa famille ainsi que plusieurs autres logements, et fait 12\u00a0bless\u00e9s. Les analyses du laboratoire de police scientifique feront appara\u00eetre la pr\u00e9sence de traces d\u2019acc\u00e9l\u00e9rateur de combustion. L\u2019enqu\u00eate est toujours en cours. Photo Le DL\/Denis Masliah\" target=\"_blank\" rel=\"noopener\">&#13;<br \/>\n                            <img decoding=\"async\" src=\"https:\/\/www.europesays.com\/fr\/wp-content\/uploads\/2025\/12\/5-juillet-le-spectre-d-un-acte-antisemite-ce-jour-la-dans-le-quartier-hoche-a-grenoble-un-incendie-c.jpeg\"   alt=\"5 juillet. Le spectre d\u2019un acte antis\u00e9mite. Ce jour-l\u00e0, dans le quartier Hoche \u00e0 Grenoble, un incendie criminel d\u00e9truit l\u2019appartement d\u2019un rabbin et de sa famille ainsi que plusieurs autres logements, et fait 12\u00a0bless\u00e9s. Les analyses du laboratoire de police scientifique feront appara\u00eetre la pr\u00e9sence de traces d\u2019acc\u00e9l\u00e9rateur de combustion. L\u2019enqu\u00eate est toujours en cours. Photo Le DL\/Denis Masliah\" loading=\"lazy\" fetchpriority=\"low\" data-mobile=\"NW_detail_M|1767094973\" data-base=\"NW_detail|1767094973\"\/>&#13;<br \/>\n                        <\/a>&#13;<\/p>\n<p><strong>5 juillet. Le spectre d\u2019un acte antis\u00e9mite.<\/strong> Ce jour-l\u00e0, dans le quartier Hoche \u00e0 Grenoble, un incendie criminel d\u00e9truit l\u2019appartement d\u2019un rabbin et de sa famille ainsi que plusieurs autres logements, et fait 12\u00a0bless\u00e9s. Les analyses du laboratoire de police scientifique feront appara\u00eetre la pr\u00e9sence de traces d\u2019acc\u00e9l\u00e9rateur de combustion. L\u2019enqu\u00eate est toujours en cours. Photo Le DL\/Denis Masliah<\/p>\n<p>                        &#13;<br \/>\n                                           &#13;\n                <\/li>\n<p>&#13;<br \/>\n            &#13;<\/p>\n<li class=\"carousel-wrapper__slides--slide item\" id=\"slide-9\">&#13;<br \/>\n                                    &#13;<br \/>\n                        <a class=\"chocolat-image GA-tracking\" data-ga_type=\"click\" data-ga_category=\"D\u00e9tail\" data-ga_action=\"zoomer\" data-ga_label=\"aggrandir image\" href=\"https:\/\/cdn-s-www.ledauphine.com\/images\/886FDFEA-733A-4F9A-AC4D-9F6ADB8127D5\/NW_raw\/6-decembre-une-rixe-deux-morts-le-samedi-6-decembre-une-rixe-eclate-a-echirolles-a-la-suite-de-laquelle-un-jeune-homme-de-22-ans-qui-a-tente-de-s-interposer-est-tue-par-balles-le-lendemain-matin-le-corps-d-un-jeune-de-18-ans-enleve-sur-les-lieux-de-la-rixe-est-retrouve-a-la-villeneuve-de-grenoble-photo-le-dl-vanessa-laime-1767094973.jpg\" title=\"6\u00a0d\u00e9cembre. Une rixe, deux morts.\u00a0Le samedi 6\u00a0d\u00e9cembre, une rixe \u00e9clate \u00e0 \u00c9chirolles, \u00e0 la suite de laquelle un jeune homme de 22 ans qui a tent\u00e9 de s\u2019interposer est tu\u00e9 par balles. Le lendemain matin, le corps d\u2019un jeune de 18\u00a0ans enlev\u00e9 sur les lieux de la rixe est retrouv\u00e9 \u00e0 La Villeneuve de Grenoble. Photo Le DL\/Vanessa Laime\" target=\"_blank\" rel=\"noopener\">&#13;<br \/>\n                            <img decoding=\"async\" src=\"https:\/\/www.europesays.com\/fr\/wp-content\/uploads\/2025\/12\/6-decembre-une-rixe-deux-morts-le-samedi-6-decembre-une-rixe-eclate-a-echirolles-a-la-suite-de-laque.jpeg\"   alt=\"6\u00a0d\u00e9cembre. Une rixe, deux morts.\u00a0Le samedi 6\u00a0d\u00e9cembre, une rixe \u00e9clate \u00e0 \u00c9chirolles, \u00e0 la suite de laquelle un jeune homme de 22 ans qui a tent\u00e9 de s\u2019interposer est tu\u00e9 par balles. Le lendemain matin, le corps d\u2019un jeune de 18\u00a0ans enlev\u00e9 sur les lieux de la rixe est retrouv\u00e9 \u00e0 La Villeneuve de Grenoble. Photo Le DL\/Vanessa Laime\" loading=\"lazy\" fetchpriority=\"low\" data-mobile=\"NW_detail_M|1767094973\" data-base=\"NW_detail|1767094973\"\/>&#13;<br \/>\n                        <\/a>&#13;<\/p>\n<p><strong>6\u00a0d\u00e9cembre. Une rixe, deux morts.<\/strong>\u00a0Le samedi 6\u00a0d\u00e9cembre, une rixe \u00e9clate \u00e0 \u00c9chirolles, \u00e0 la suite de laquelle un jeune homme de 22 ans qui a tent\u00e9 de s\u2019interposer est tu\u00e9 par balles. Le lendemain matin, le corps d\u2019un jeune de 18\u00a0ans enlev\u00e9 sur les lieux de la rixe est retrouv\u00e9 \u00e0 La Villeneuve de Grenoble. Photo Le DL\/Vanessa Laime<\/p>\n<p>                        &#13;<br \/>\n                                           &#13;\n                <\/li>\n<p>&#13;<br \/>\n            &#13;<\/p>\n<li class=\"carousel-wrapper__slides--slide item\" id=\"slide-10\">&#13;<br \/>\n                                    &#13;<br \/>\n                        <a class=\"chocolat-image GA-tracking\" data-ga_type=\"click\" data-ga_category=\"D\u00e9tail\" data-ga_action=\"zoomer\" data-ga_label=\"aggrandir image\" href=\"https:\/\/cdn-s-www.ledauphine.com\/images\/D129725B-528A-4FD6-B42E-55E55CDE9F86\/NW_raw\/title-1767094973.jpg\" title=\"\" target=\"_blank\" rel=\"noopener\">&#13;<br \/>\n                            <img decoding=\"async\" src=\"https:\/\/www.europesays.com\/fr\/wp-content\/uploads\/2025\/12\/title-1767094973.jpg\"   alt=\"\" loading=\"lazy\" fetchpriority=\"low\" data-mobile=\"NW_detail_M|1767094973\" data-base=\"NW_detail|1767094973\"\/>&#13;<br \/>\n                        <\/a>&#13;<br \/>\n                        &#13;<br \/>\n                                           &#13;\n                <\/li>\n<p>&#13;<br \/>\n            &#13;<\/p>\n<li class=\"carousel-wrapper__slides--slide item\" id=\"slide-11\">&#13;<br \/>\n                                    &#13;<br \/>\n                        <a class=\"chocolat-image GA-tracking\" data-ga_type=\"click\" data-ga_category=\"D\u00e9tail\" data-ga_action=\"zoomer\" data-ga_label=\"aggrandir image\" href=\"https:\/\/cdn-s-www.ledauphine.com\/images\/082F4C7C-CCFE-46B3-BD6C-8F6251B35232\/NW_raw\/10-avril-vencorex-passe-sous-pavillon-chinois-ce-pilier-de-la-plateforme-chimique-du-pont-de-claix-avait-ete-place-en-redressement-le-tribunal-de-commerce-de-lyon-a-retenu-l-offre-du-concurrent-wanhua-et-ecarte-le-projet-de-scic-porte-par-des-salaries-et-des-collectivites-laissant-plus-de-400-employes-sans-solution-l-effet-domino-est-immediat-a-jarrie-arkema-privee-du-sel-fourni-par-vencorex-annonce-une-reorganisation-avec-80-suppressions-de-postes-mais-un-nouvel-espoir-emerge-pour-le-site-pontois-le-projet-exalia-soutenu-par-les-memes-acteurs-que-la-scic-vise-a-relancer-une-activite-chimique-decarbonee-et-pourrait-creer-250-emplois-d-ici-fin-2027-sous-reserve-de-l-aval-du-tribunal-1767103248.jpg\" title=\"10\u00a0avril. Vencorex passe sous pavillon chinois. Ce pilier de la plateforme chimique du Pont-de-Claix avait \u00e9t\u00e9 plac\u00e9 en redressement. Le tribunal de commerce de Lyon a retenu l\u2019offre du concurrent Wanhua et \u00e9cart\u00e9 le projet de SCIC port\u00e9 par des salari\u00e9s et des collectivit\u00e9s, laissant plus de 400 employ\u00e9s sans solution. L\u2019effet domino est imm\u00e9diat\u200a: \u00e0 Jarrie, Arkema, priv\u00e9e du sel fourni par Vencorex, annonce une r\u00e9organisation avec 80 suppressions de postes. Mais un nouvel espoir \u00e9merge pour le site pontois\u200a: le projet Exalia, soutenu par les m\u00eames acteurs que la SCIC, vise \u00e0 relancer une activit\u00e9 chimique d\u00e9carbon\u00e9e et pourrait cr\u00e9er 250 emplois d\u2019ici fin 2027, sous r\u00e9serve de l\u2019aval du tribunal.\" target=\"_blank\" rel=\"noopener\">&#13;<br \/>\n                            <img decoding=\"async\" src=\"https:\/\/www.europesays.com\/fr\/wp-content\/uploads\/2025\/12\/10-avril-vencorex-passe-sous-pavillon-chinois-ce-pilier-de-la-plateforme-chimique-du-pont-de-claix-a.jpeg\"   alt=\"10\u00a0avril. Vencorex passe sous pavillon chinois. Ce pilier de la plateforme chimique du Pont-de-Claix avait \u00e9t\u00e9 plac\u00e9 en redressement. Le tribunal de commerce de Lyon a retenu l\u2019offre du concurrent Wanhua et \u00e9cart\u00e9 le projet de SCIC port\u00e9 par des salari\u00e9s et des collectivit\u00e9s, laissant plus de 400 employ\u00e9s sans solution. L\u2019effet domino est imm\u00e9diat\u200a: \u00e0 Jarrie, Arkema, priv\u00e9e du sel fourni par Vencorex, annonce une r\u00e9organisation avec 80 suppressions de postes. Mais un nouvel espoir \u00e9merge pour le site pontois\u200a: le projet Exalia, soutenu par les m\u00eames acteurs que la SCIC, vise \u00e0 relancer une activit\u00e9 chimique d\u00e9carbon\u00e9e et pourrait cr\u00e9er 250 emplois d\u2019ici fin 2027, sous r\u00e9serve de l\u2019aval du tribunal.\" loading=\"lazy\" fetchpriority=\"low\" data-mobile=\"NW_detail_M|1767103248\" data-base=\"NW_detail|1767103248\"\/>&#13;<br \/>\n                        <\/a>&#13;<\/p>\n<p><strong>10\u00a0avril. Vencorex passe sous pavillon chinois.<\/strong> Ce pilier de la plateforme chimique du Pont-de-Claix avait \u00e9t\u00e9 plac\u00e9 en redressement. Le tribunal de commerce de Lyon a retenu l\u2019offre du concurrent Wanhua et \u00e9cart\u00e9 le projet de SCIC port\u00e9 par des salari\u00e9s et des collectivit\u00e9s, laissant plus de 400 employ\u00e9s sans solution. L\u2019effet domino est imm\u00e9diat\u200a: \u00e0 Jarrie, Arkema, priv\u00e9e du sel fourni par Vencorex, annonce une r\u00e9organisation avec 80 suppressions de postes. Mais un nouvel espoir \u00e9merge pour le site pontois\u200a: le projet Exalia, soutenu par les m\u00eames acteurs que la SCIC, vise \u00e0 relancer une activit\u00e9 chimique d\u00e9carbon\u00e9e et pourrait cr\u00e9er 250 emplois d\u2019ici fin 2027, sous r\u00e9serve de l\u2019aval du tribunal.<\/p>\n<p>                        &#13;<br \/>\n                                           &#13;\n                <\/li>\n<p>&#13;<br \/>\n            &#13;<\/p>\n<li class=\"carousel-wrapper__slides--slide item slideWithPub\" id=\"slide-12\">&#13;<br \/>\n                        &#13;<br \/>\n                            <a class=\"chocolat-image\" title=\"Publicit\u00e9\" href=\"data:image\/gif;base64,R0lGODlhAQABAAD\/ACwAAAAAAQABAAACADs=\">&#13;<br \/>\n                                <img decoding=\"async\" src=\"data:image\/gif;base64,R0lGODlhAQABAAD\/ACwAAAAAAQABAAACADs=\" alt=\"Publicit\u00e9\" loading=\"lazy\" fetchpriority=\"low\"\/>&#13;<br \/>\n                            <\/a>&#13;<br \/>\n                        &#13;\n                    <\/li>\n<p>&#13;<\/p>\n<li class=\"carousel-wrapper__slides--slide item\" id=\"slide-13\">&#13;<br \/>\n                                    &#13;<br \/>\n                        <a class=\"chocolat-image GA-tracking\" data-ga_type=\"click\" data-ga_category=\"D\u00e9tail\" data-ga_action=\"zoomer\" data-ga_label=\"aggrandir image\" href=\"https:\/\/cdn-s-www.ledauphine.com\/images\/B38907A5-E1ED-4496-859F-2FBB3AEE74D7\/NW_raw\/28-juillet-des-stations-en-transition-2025-restera-une-annee-charniere-pour-le-monde-du-ski-en-chartreuse-le-chantier-de-demantelement-du-telesiege-de-la-combe-de-l-ours-puis-le-demontage-des-autres-teleportes-de-saint-pierre-de-chartreuse-ont-engage-la-vraie-transition-de-la-station-le-ski-alpin-se-pratiquera-desormais-sur-un-perimetre-reduit-avec-la-vente-de-ses-equipements-l-intercommunalite-elle-a-pu-eponger-ses-dettes-a-l-alpe-du-grand-serre-en-matheysine-on-n-en-est-pas-encore-la-mais-pour-le-deuxieme-hiver-consecutif-la-station-a-obtenu-une-ouverture-a-l-arrache-a-quelques-semaines-seulement-de-l-hiver-le-domaine-accueillera-donc-des-skieurs-cet-hiver-mais-sans-garantie-d-ouverture-pour-le-prochain-faute-d-accord-sur-la-gestion-a-plus-long-terme-1767112791.jpg\" title=\"28\u00a0juillet. Des stations en transition. 2025 restera une ann\u00e9e charni\u00e8re pour le monde du ski en Chartreuse. Le chantier de d\u00e9mant\u00e8lement du t\u00e9l\u00e9si\u00e8ge de la Combe de l\u2019Ours, puis le d\u00e9montage des autres t\u00e9l\u00e9port\u00e9s de Saint-Pierre-de-Chartreuse, ont engag\u00e9 la vraie transition de la station\u200a: le ski alpin se pratiquera d\u00e9sormais sur un p\u00e9rim\u00e8tre r\u00e9duit. Avec la vente de ses \u00e9quipements, l\u2019intercommunalit\u00e9, elle, a pu \u00e9ponger ses dettes.\u00c0 l\u2019Alpe du Grand Serre, en Matheysine, on n\u2019en est pas encore l\u00e0, mais pour le deuxi\u00e8me hiver cons\u00e9cutif, la station a obtenu une ouverture \u00e0 l\u2019arrach\u00e9, \u00e0 quelques semaines seulement de l\u2019hiver. Le domaine accueillera donc des skieurs cet hiver, mais sans garantie d\u2019ouverture pour le prochain, faute d\u2019accord sur la gestion \u00e0 plus long terme.\" target=\"_blank\" rel=\"noopener\">&#13;<br \/>\n                            <img decoding=\"async\" src=\"https:\/\/www.europesays.com\/fr\/wp-content\/uploads\/2025\/12\/28-juillet-des-stations-en-transition-2025-restera-une-annee-charniere-pour-le-monde-du-ski-en-chart.jpeg\"   alt=\"28\u00a0juillet. Des stations en transition. 2025 restera une ann\u00e9e charni\u00e8re pour le monde du ski en Chartreuse. Le chantier de d\u00e9mant\u00e8lement du t\u00e9l\u00e9si\u00e8ge de la Combe de l\u2019Ours, puis le d\u00e9montage des autres t\u00e9l\u00e9port\u00e9s de Saint-Pierre-de-Chartreuse, ont engag\u00e9 la vraie transition de la station\u200a: le ski alpin se pratiquera d\u00e9sormais sur un p\u00e9rim\u00e8tre r\u00e9duit. Avec la vente de ses \u00e9quipements, l\u2019intercommunalit\u00e9, elle, a pu \u00e9ponger ses dettes.\u00c0 l\u2019Alpe du Grand Serre, en Matheysine, on n\u2019en est pas encore l\u00e0, mais pour le deuxi\u00e8me hiver cons\u00e9cutif, la station a obtenu une ouverture \u00e0 l\u2019arrach\u00e9, \u00e0 quelques semaines seulement de l\u2019hiver. Le domaine accueillera donc des skieurs cet hiver, mais sans garantie d\u2019ouverture pour le prochain, faute d\u2019accord sur la gestion \u00e0 plus long terme.\" loading=\"lazy\" fetchpriority=\"low\" data-mobile=\"NW_detail_M|1767112791\" data-base=\"NW_detail|1767112791\"\/>&#13;<br \/>\n                        <\/a>&#13;<\/p>\n<p><strong>28\u00a0juillet. Des stations en transition.<\/strong> 2025 restera une ann\u00e9e charni\u00e8re pour le monde du ski en Chartreuse. Le chantier de d\u00e9mant\u00e8lement du t\u00e9l\u00e9si\u00e8ge de la Combe de l\u2019Ours, puis le d\u00e9montage des autres t\u00e9l\u00e9port\u00e9s de Saint-Pierre-de-Chartreuse, ont engag\u00e9 la vraie transition de la station\u200a: le ski alpin se pratiquera d\u00e9sormais sur un p\u00e9rim\u00e8tre r\u00e9duit. Avec la vente de ses \u00e9quipements, l\u2019intercommunalit\u00e9, elle, a pu \u00e9ponger ses dettes.<\/p>\n<p>\u00c0 l\u2019Alpe du Grand Serre, en Matheysine, on n\u2019en est pas encore l\u00e0, mais pour le deuxi\u00e8me hiver cons\u00e9cutif, la station a obtenu une ouverture \u00e0 l\u2019arrach\u00e9, \u00e0 quelques semaines seulement de l\u2019hiver. Le domaine accueillera donc des skieurs cet hiver, mais sans garantie d\u2019ouverture pour le prochain, faute d\u2019accord sur la gestion \u00e0 plus long terme.<\/p>\n<p>                        &#13;<br \/>\n                                           &#13;\n                <\/li>\n<p>&#13;<br \/>\n            &#13;<\/p>\n<li class=\"carousel-wrapper__slides--slide item\" id=\"slide-14\">&#13;<br \/>\n                                    &#13;<br \/>\n                        <a class=\"chocolat-image GA-tracking\" data-ga_type=\"click\" data-ga_category=\"D\u00e9tail\" data-ga_action=\"zoomer\" data-ga_label=\"aggrandir image\" href=\"https:\/\/cdn-s-www.ledauphine.com\/images\/5A0C1F76-0159-4A52-B036-CE9DF978FC02\/NW_raw\/du-12-au-15-septembre-la-beaucroissant-sans-bovin-la-foire-de-beaucroissant-est-le-miroir-du-monde-agricole-et-quand-le-milieu-rural-boite-l-evenement-multicentenaire-vacille-aussi-cette-annee-2025-l-epizootie-de-dermatose-nodulaire-a-plonge-l-elevage-dans-le-marasme-en-septembre-les-vaches-n-ont-donc-pas-pu-etre-les-stars-de-la-foire-de-beaucroissant-une-804e-edition-differente-mais-qui-s-est-maintenue-avec-des-visiteurs-venus-en-nombre-1767112792.jpg\" title=\"Du 12 au 15 septembre. La Beaucroissant sans bovin. La Foire de Beaucroissant est le miroir du monde agricole. Et quand le milieu rural bo\u00eete, l\u2019\u00e9v\u00e9nement multicentenaire vacille aussi. Cette ann\u00e9e 2025, l\u2019\u00e9pizootie de dermatose nodulaire a plong\u00e9 l\u2019\u00e9levage dans le marasme\u200a; en septembre les vaches n\u2019ont donc pas pu \u00eatre les stars de la foire de Beaucroissant. Une 804e \u00e9dition diff\u00e9rente mais qui s\u2019est maintenue avec des visiteurs venus en nombre.\" target=\"_blank\" rel=\"noopener\">&#13;<br \/>\n                            <img decoding=\"async\" src=\"https:\/\/www.europesays.com\/fr\/wp-content\/uploads\/2025\/12\/du-12-au-15-septembre-la-beaucroissant-sans-bovin-la-foire-de-beaucroissant-est-le-miroir-du-monde-a.jpeg\"   alt=\"Du 12 au 15 septembre. La Beaucroissant sans bovin. La Foire de Beaucroissant est le miroir du monde agricole. Et quand le milieu rural bo\u00eete, l\u2019\u00e9v\u00e9nement multicentenaire vacille aussi. Cette ann\u00e9e 2025, l\u2019\u00e9pizootie de dermatose nodulaire a plong\u00e9 l\u2019\u00e9levage dans le marasme\u200a; en septembre les vaches n\u2019ont donc pas pu \u00eatre les stars de la foire de Beaucroissant. Une 804e \u00e9dition diff\u00e9rente mais qui s\u2019est maintenue avec des visiteurs venus en nombre.\" loading=\"lazy\" fetchpriority=\"low\" data-mobile=\"NW_detail_M|1767112792\" data-base=\"NW_detail|1767112792\"\/>&#13;<br \/>\n                        <\/a>&#13;<\/p>\n<p><strong>Du 12 au 15 septembre. La Beaucroissant sans bovin.<\/strong> La Foire de Beaucroissant est le miroir du monde agricole. Et quand le milieu rural bo\u00eete, l\u2019\u00e9v\u00e9nement multicentenaire vacille aussi. Cette ann\u00e9e 2025, l\u2019\u00e9pizootie de dermatose nodulaire a plong\u00e9 l\u2019\u00e9levage dans le marasme\u200a; en septembre les vaches n\u2019ont donc pas pu \u00eatre les stars de la foire de Beaucroissant. Une 804e \u00e9dition diff\u00e9rente mais qui s\u2019est maintenue avec des visiteurs venus en nombre.<\/p>\n<p>                        &#13;<br \/>\n                                           &#13;\n                <\/li>\n<p>&#13;<br \/>\n            &#13;<\/p>\n<li class=\"carousel-wrapper__slides--slide item\" id=\"slide-15\">&#13;<br \/>\n                                    &#13;<br \/>\n                        <a class=\"chocolat-image GA-tracking\" data-ga_type=\"click\" data-ga_category=\"D\u00e9tail\" data-ga_action=\"zoomer\" data-ga_label=\"aggrandir image\" href=\"https:\/\/cdn-s-www.ledauphine.com\/images\/BF488A26-9C73-4A31-B33C-AD5614B83700\/NW_raw\/15-septembre-coup-d-arret-au-projet-parker-ce-devait-etre-l-un-des-projets-phares-pour-la-station-de-villard-correncon-mais-six-ans-apres-la-presentation-de-l-ensemble-immobilier-ananda-resort-porte-par-l-ancien-basketteur-et-entrepreneur-tony-parker-le-prefet-coordonnateur-de-massif-des-alpes-y-met-un-coup-d-arret-le-15-septembre-jugeant-le-projet-manifestement-excessif-1767103248.jpg\" title=\"15\u00a0septembre. Coup d\u2019arr\u00eat au \u201cprojet Parker\u201d. Ce devait \u00eatre l\u2019un des projets phares pour la station de Villard-Corren\u00e7on. Mais, six ans apr\u00e8s la pr\u00e9sentation de l\u2019ensemble immobilier \u201cAnanda Resort\u201d port\u00e9 par l\u2019ancien basketteur et entrepreneur Tony Parker, le pr\u00e9fet coordonnateur de massif des Alpes y met un coup d\u2019arr\u00eat le 15\u00a0septembre, jugeant le projet \u00ab\u200amanifestement excessif\u200a\u00bb.\" target=\"_blank\" rel=\"noopener\">&#13;<br \/>\n                            <img decoding=\"async\" src=\"https:\/\/www.europesays.com\/fr\/wp-content\/uploads\/2025\/12\/15-septembre-coup-d-arret-au-projet-parker-ce-devait-etre-l-un-des-projets-phares-pour-la-station-de.jpeg\"   alt=\"15\u00a0septembre. Coup d\u2019arr\u00eat au \u201cprojet Parker\u201d. Ce devait \u00eatre l\u2019un des projets phares pour la station de Villard-Corren\u00e7on. Mais, six ans apr\u00e8s la pr\u00e9sentation de l\u2019ensemble immobilier \u201cAnanda Resort\u201d port\u00e9 par l\u2019ancien basketteur et entrepreneur Tony Parker, le pr\u00e9fet coordonnateur de massif des Alpes y met un coup d\u2019arr\u00eat le 15\u00a0septembre, jugeant le projet \u00ab\u200amanifestement excessif\u200a\u00bb.\" loading=\"lazy\" fetchpriority=\"low\" data-mobile=\"NW_detail_M|1767103248\" data-base=\"NW_detail|1767103248\"\/>&#13;<br \/>\n                        <\/a>&#13;<\/p>\n<p><strong>15\u00a0septembre. Coup d\u2019arr\u00eat au \u201cprojet Parker\u201d.<\/strong> Ce devait \u00eatre l\u2019un des projets phares pour la station de Villard-Corren\u00e7on. Mais, six ans apr\u00e8s la pr\u00e9sentation de l\u2019ensemble immobilier \u201cAnanda Resort\u201d port\u00e9 par l\u2019ancien basketteur et entrepreneur Tony Parker, le pr\u00e9fet coordonnateur de massif des Alpes y met un coup d\u2019arr\u00eat le 15\u00a0septembre, jugeant le projet \u00ab\u200amanifestement excessif\u200a\u00bb.<\/p>\n<p>                        &#13;<br \/>\n                                           &#13;\n                <\/li>\n<p>&#13;<br \/>\n            &#13;<\/p>\n<li class=\"carousel-wrapper__slides--slide item\" id=\"slide-16\">&#13;<br \/>\n                                    &#13;<br \/>\n                        <a class=\"chocolat-image GA-tracking\" data-ga_type=\"click\" data-ga_category=\"D\u00e9tail\" data-ga_action=\"zoomer\" data-ga_label=\"aggrandir image\" href=\"https:\/\/cdn-s-www.ledauphine.com\/images\/B7AE04B4-59AF-4616-941C-D10313F88F45\/NW_raw\/16-octobre-la-fermeture-de-l-usine-teisseire-de-crolles-est-annoncee-ancre-en-isere-depuis-305-ans-le-leader-francais-du-sirop-fermera-son-usine-de-crolles-en-avril-2026-entrainant-la-suppression-de-205-postes-(sur-318)-en-greve-depuis-les-salaries-denoncent-une-reorganisation-premeditee-par-le-brasseur-carlsberg-proprietaire-de-la-marque-depuis-2025-consequence-de-ce-plan-de-reorganisation-la-production-va-etre-delocalisee-chez-le-normand-slaur-sardet-les-salaries-vent-debout-etudient-toutes-les-alternatives-mais-sont-sous-pression-d-un-calendrier-serre-edicte-par-le-plan-de-sauvegarde-de-l-emploi-(pse)-1767107891.jpg\" title=\"16\u00a0octobre. La fermeture de l\u2019usine Teisseire de Crolles est annonc\u00e9e. Ancr\u00e9 en Is\u00e8re depuis 305 ans, le leader fran\u00e7ais du sirop fermera son usine de Crolles en avril\u00a02026, entra\u00eenant la suppression de 205 postes (sur 318). En gr\u00e8ve depuis, les salari\u00e9s d\u00e9noncent une \u00ab\u200ar\u00e9organisation\u200a\u00bb pr\u00e9m\u00e9dit\u00e9e par le brasseur Carlsberg, propri\u00e9taire de la marque depuis 2025. Cons\u00e9quence de ce \u00ab\u200aplan de r\u00e9organisation\u200a\u00bb, la production va \u00eatre d\u00e9localis\u00e9e chez le Normand Slaur-Sardet. Les salari\u00e9s, vent debout, \u00e9tudient toutes les alternatives, mais sont sous pression d\u2019un calendrier serr\u00e9 \u00e9dict\u00e9 par le Plan de sauvegarde de l\u2019emploi (PSE).\" target=\"_blank\" rel=\"noopener\">&#13;<br \/>\n                            <img decoding=\"async\" src=\"https:\/\/www.europesays.com\/fr\/wp-content\/uploads\/2025\/12\/16-octobre-la-fermeture-de-l-usine-teisseire-de-crolles-est-annoncee-ancre-en-isere-depuis-305-ans-l.jpeg\"   alt=\"16\u00a0octobre. La fermeture de l\u2019usine Teisseire de Crolles est annonc\u00e9e. Ancr\u00e9 en Is\u00e8re depuis 305 ans, le leader fran\u00e7ais du sirop fermera son usine de Crolles en avril\u00a02026, entra\u00eenant la suppression de 205 postes (sur 318). En gr\u00e8ve depuis, les salari\u00e9s d\u00e9noncent une \u00ab\u200ar\u00e9organisation\u200a\u00bb pr\u00e9m\u00e9dit\u00e9e par le brasseur Carlsberg, propri\u00e9taire de la marque depuis 2025. Cons\u00e9quence de ce \u00ab\u200aplan de r\u00e9organisation\u200a\u00bb, la production va \u00eatre d\u00e9localis\u00e9e chez le Normand Slaur-Sardet. Les salari\u00e9s, vent debout, \u00e9tudient toutes les alternatives, mais sont sous pression d\u2019un calendrier serr\u00e9 \u00e9dict\u00e9 par le Plan de sauvegarde de l\u2019emploi (PSE).\" loading=\"lazy\" fetchpriority=\"low\" data-mobile=\"NW_detail_M|1767107891\" data-base=\"NW_detail|1767107891\"\/>&#13;<br \/>\n                        <\/a>&#13;<\/p>\n<p><strong>16\u00a0octobre. La fermeture de l\u2019usine Teisseire de Crolles est annonc\u00e9e.<\/strong> Ancr\u00e9 en Is\u00e8re depuis 305 ans, le leader fran\u00e7ais du sirop fermera son usine de Crolles en avril\u00a02026, entra\u00eenant la suppression de 205 postes (sur 318). En gr\u00e8ve depuis, les salari\u00e9s d\u00e9noncent une \u00ab\u200ar\u00e9organisation\u200a\u00bb pr\u00e9m\u00e9dit\u00e9e par le brasseur Carlsberg, propri\u00e9taire de la marque depuis 2025. Cons\u00e9quence de ce \u00ab\u200aplan de r\u00e9organisation\u200a\u00bb, la production va \u00eatre d\u00e9localis\u00e9e chez le Normand Slaur-Sardet. Les salari\u00e9s, vent debout, \u00e9tudient toutes les alternatives, mais sont sous pression d\u2019un calendrier serr\u00e9 \u00e9dict\u00e9 par le Plan de sauvegarde de l\u2019emploi (PSE).<\/p>\n<p>                        &#13;<br \/>\n                                           &#13;\n                <\/li>\n<p>&#13;<br \/>\n            &#13;<\/p>\n<li class=\"carousel-wrapper__slides--slide item slideWithPub\" id=\"slide-17\">&#13;<br \/>\n                        &#13;<br \/>\n                            <a class=\"chocolat-image\" title=\"Publicit\u00e9\" href=\"data:image\/gif;base64,R0lGODlhAQABAAD\/ACwAAAAAAQABAAACADs=\">&#13;<br \/>\n                                <img decoding=\"async\" src=\"data:image\/gif;base64,R0lGODlhAQABAAD\/ACwAAAAAAQABAAACADs=\" alt=\"Publicit\u00e9\" loading=\"lazy\" fetchpriority=\"low\"\/>&#13;<br \/>\n                            <\/a>&#13;<br \/>\n                        &#13;\n                    <\/li>\n<p>&#13;<\/p>\n<li class=\"carousel-wrapper__slides--slide item\" id=\"slide-18\">&#13;<br \/>\n                                    &#13;<br \/>\n                        <a class=\"chocolat-image GA-tracking\" data-ga_type=\"click\" data-ga_category=\"D\u00e9tail\" data-ga_action=\"zoomer\" data-ga_label=\"aggrandir image\" href=\"https:\/\/cdn-s-www.ledauphine.com\/images\/35AF03D3-214A-4FCE-85AB-E78A280E4E22\/NW_raw\/13-novembre-une-enseigne-cede-sa-place-l-enseigne-des-galeries-lafayette-a-ete-retiree-mi-novembre-de-la-devanture-du-grand-magasin-de-la-place-grenette-a-grenoble-en-desaccord-avec-la-societe-des-grands-magasins-sur-l-arrivee-du-corner-du-geant-asiatique-shein-le-groupe-galeries-lafayette-a-rompu-l-accord-de-partenariat-qui-les-liait-depuis-2021-si-aucune-date-n-est-pour-l-instant-annoncee-pour-l-ouverture-de-shein-ce-sont-bien-les-lettres-du-bhv-qui-viendront-orner-la-facade-du-batiment-dans-les-prochains-mois-1767103248.jpg\" title=\"13 novembre. Une enseigne c\u00e8de sa place. L\u2019enseigne des Galeries Lafayette a \u00e9t\u00e9 retir\u00e9e mi-novembre de la devanture du grand magasin de la place Grenette \u00e0 Grenoble. En d\u00e9saccord avec la Soci\u00e9t\u00e9 des grands magasins sur l\u2019arriv\u00e9e du corner du g\u00e9ant asiatique Shein, le groupe Galeries Lafayette a rompu l\u2019accord de partenariat qui les liait depuis 2021. Si aucune date n\u2019est pour l\u2019instant annonc\u00e9e pour l\u2019ouverture de Shein, ce sont bien les lettres du BHV qui viendront orner la fa\u00e7ade du b\u00e2timent dans les prochains mois.\" target=\"_blank\" rel=\"noopener\">&#13;<br \/>\n                            <img decoding=\"async\" src=\"https:\/\/www.europesays.com\/fr\/wp-content\/uploads\/2025\/12\/13-novembre-une-enseigne-cede-sa-place-l-enseigne-des-galeries-lafayette-a-ete-retiree-mi-novembre-d.jpeg\"   alt=\"13 novembre. Une enseigne c\u00e8de sa place. L\u2019enseigne des Galeries Lafayette a \u00e9t\u00e9 retir\u00e9e mi-novembre de la devanture du grand magasin de la place Grenette \u00e0 Grenoble. En d\u00e9saccord avec la Soci\u00e9t\u00e9 des grands magasins sur l\u2019arriv\u00e9e du corner du g\u00e9ant asiatique Shein, le groupe Galeries Lafayette a rompu l\u2019accord de partenariat qui les liait depuis 2021. Si aucune date n\u2019est pour l\u2019instant annonc\u00e9e pour l\u2019ouverture de Shein, ce sont bien les lettres du BHV qui viendront orner la fa\u00e7ade du b\u00e2timent dans les prochains mois.\" loading=\"lazy\" fetchpriority=\"low\" data-mobile=\"NW_detail_M|1767103248\" data-base=\"NW_detail|1767103248\"\/>&#13;<br \/>\n                        <\/a>&#13;<\/p>\n<p><strong>13 novembre. Une enseigne c\u00e8de sa place.<\/strong> L\u2019enseigne des Galeries Lafayette a \u00e9t\u00e9 retir\u00e9e mi-novembre de la devanture du grand magasin de la place Grenette \u00e0 Grenoble. En d\u00e9saccord avec la Soci\u00e9t\u00e9 des grands magasins sur l\u2019arriv\u00e9e du corner du g\u00e9ant asiatique Shein, le groupe Galeries Lafayette a rompu l\u2019accord de partenariat qui les liait depuis 2021. Si aucune date n\u2019est pour l\u2019instant annonc\u00e9e pour l\u2019ouverture de Shein, ce sont bien les lettres du BHV qui viendront orner la fa\u00e7ade du b\u00e2timent dans les prochains mois.<\/p>\n<p>                        &#13;<br \/>\n                                           &#13;\n                <\/li>\n<p>&#13;<br \/>\n            &#13;<\/p>\n<li class=\"carousel-wrapper__slides--slide item\" id=\"slide-19\">&#13;<br \/>\n                                    &#13;<br \/>\n                        <a class=\"chocolat-image GA-tracking\" data-ga_type=\"click\" data-ga_category=\"D\u00e9tail\" data-ga_action=\"zoomer\" data-ga_label=\"aggrandir image\" href=\"https:\/\/cdn-s-www.ledauphine.com\/images\/EE54D92F-888C-4911-B3A8-CB9AE1CD5FE4\/NW_raw\/title-1767094973.jpg\" title=\"\" target=\"_blank\" rel=\"noopener\">&#13;<br \/>\n                            <img decoding=\"async\" src=\"https:\/\/www.europesays.com\/fr\/wp-content\/uploads\/2025\/12\/1767161914_840_title-1767094973.jpg\"   alt=\"\" loading=\"lazy\" fetchpriority=\"low\" data-mobile=\"NW_detail_M|1767094973\" data-base=\"NW_detail|1767094973\"\/>&#13;<br \/>\n                        <\/a>&#13;<br \/>\n                        &#13;<br \/>\n                                           &#13;\n                <\/li>\n<p>&#13;<br \/>\n            &#13;<\/p>\n<li class=\"carousel-wrapper__slides--slide item\" id=\"slide-20\">&#13;<br \/>\n                                    &#13;<br \/>\n                        <a class=\"chocolat-image GA-tracking\" data-ga_type=\"click\" data-ga_category=\"D\u00e9tail\" data-ga_action=\"zoomer\" data-ga_label=\"aggrandir image\" href=\"https:\/\/cdn-s-www.ledauphine.com\/images\/C7A578AB-54E1-4774-A92A-F879A9F18B94\/NW_raw\/cyclisme-(1)-le-tour-de-france-a-vif-plus-de-15-000-spectateurs-peut-etre-20-000-ont-envahi-vif-jeudi-24-juillet-pour-le-depart-de-la-18e-etape-du-tour-de-france-une-premiere-pour-la-ville-du-sud-de-l-agglomeration-et-pas-n-importe-laquelle-c-est-l-etape-reine-de-cette-grande-boucle-vers-courchevel-et-le-terrible-col-de-la-loze-qui-s-est-elancee-de-vif-animations-presentation-des-coureurs-caravane-publicitaire-ont-ravi-les-fans-de-velo-1767103248.jpg\" title=\"Cyclisme (1) : le Tour de France \u00e0 Vif. Plus de 15\u200a000 spectateurs, peut-\u00eatre 20\u200a000, ont envahi Vif jeudi 24\u00a0juillet, pour le d\u00e9part de la 18e \u00e9tape du Tour de France. Une premi\u00e8re pour la ville du sud de l\u2019agglom\u00e9ration, et pas n\u2019importe laquelle\u200a: c\u2019est l\u2019\u00e9tape reine de cette Grande Boucle, vers Courchevel et le terrible col de la Loze, qui s\u2019est \u00e9lanc\u00e9e de Vif. Animations, pr\u00e9sentation des coureurs, caravane publicitaire\u2026 ont ravi les fans de v\u00e9lo.\" target=\"_blank\" rel=\"noopener\">&#13;<br \/>\n                            <img decoding=\"async\" src=\"https:\/\/www.europesays.com\/fr\/wp-content\/uploads\/2025\/12\/cyclisme-(1)-le-tour-de-france-a-vif-plus-de-15-000-spectateurs-peut-etre-20-000-ont-envahi-vif-jeud.jpeg\"   alt=\"Cyclisme (1) : le Tour de France \u00e0 Vif. Plus de 15\u200a000 spectateurs, peut-\u00eatre 20\u200a000, ont envahi Vif jeudi 24\u00a0juillet, pour le d\u00e9part de la 18e \u00e9tape du Tour de France. Une premi\u00e8re pour la ville du sud de l\u2019agglom\u00e9ration, et pas n\u2019importe laquelle\u200a: c\u2019est l\u2019\u00e9tape reine de cette Grande Boucle, vers Courchevel et le terrible col de la Loze, qui s\u2019est \u00e9lanc\u00e9e de Vif. Animations, pr\u00e9sentation des coureurs, caravane publicitaire\u2026 ont ravi les fans de v\u00e9lo.\" loading=\"lazy\" fetchpriority=\"low\" data-mobile=\"NW_detail_M|1767103248\" data-base=\"NW_detail|1767103248\"\/>&#13;<br \/>\n                        <\/a>&#13;<\/p>\n<p><strong>Cyclisme (1) : le Tour de France \u00e0 Vif.<\/strong> Plus de 15\u200a000 spectateurs, peut-\u00eatre 20\u200a000, ont envahi Vif jeudi 24\u00a0juillet, pour le d\u00e9part de la 18e \u00e9tape du Tour de France. Une premi\u00e8re pour la ville du sud de l\u2019agglom\u00e9ration, et pas n\u2019importe laquelle\u200a: c\u2019est l\u2019\u00e9tape reine de cette Grande Boucle, vers Courchevel et le terrible col de la Loze, qui s\u2019est \u00e9lanc\u00e9e de Vif. Animations, pr\u00e9sentation des coureurs, caravane publicitaire\u2026 ont ravi les fans de v\u00e9lo.<\/p>\n<p>                        &#13;<br \/>\n                                           &#13;\n                <\/li>\n<p>&#13;<br \/>\n            &#13;<\/p>\n<li class=\"carousel-wrapper__slides--slide item\" id=\"slide-21\">&#13;<br \/>\n                                    &#13;<br \/>\n                        <a class=\"chocolat-image GA-tracking\" data-ga_type=\"click\" data-ga_category=\"D\u00e9tail\" data-ga_action=\"zoomer\" data-ga_label=\"aggrandir image\" href=\"https:\/\/cdn-s-www.ledauphine.com\/images\/5925301D-4D15-4385-BD79-566EF03ED722\/NW_raw\/patrimoine-saint-antoine-l-abbaye-creve-l-ecran-saint-antoine-l-abbaye-etait-deja-labellise-parmi-les-plus-beaux-villages-de-france-la-commune-iseroise-est-devenue-mercredi-2-juillet-village-prefere-des-francais-dans-l-emission-presentee-par-stephane-bern-face-a-de-serieux-concurrents-la-petite-commune-a-gagne-ce-prix-qui-lui-a-valu-un-attrait-touristique-majeur-cet-ete-la-hausse-de-frequentation-a-ete-estimee-a-60-mais-pas-de-surtourisme-non-plus-selon-la-maire-maryline-longis-qui-envisage-du-stationnement-payant-et-une-aire-de-camping-cars-pour-l-avenir-1767103248.jpg\" title=\"Patrimoine : Saint-Antoine-l\u2019Abbaye cr\u00e8ve l\u2019\u00e9cran. Saint-Antoine-l\u2019Abbaye \u00e9tait d\u00e9j\u00e0 labellis\u00e9 parmi les \u201cPlus beaux villages de France\u201d. La commune is\u00e9roise est devenue, mercredi 2\u00a0juillet, \u201cVillage pr\u00e9f\u00e9r\u00e9 des Fran\u00e7ais\u201d. Dans l\u2019\u00e9mission pr\u00e9sent\u00e9e par St\u00e9phane Bern, face \u00e0 de s\u00e9rieux concurrents, la petite commune a gagn\u00e9 ce prix qui lui a valu un attrait touristique majeur cet \u00e9t\u00e9. La hausse de fr\u00e9quentation a \u00e9t\u00e9 estim\u00e9e \u00e0 60\u00a0% mais \u201cpas de surtourisme\u201d non plus selon la maire Maryline Longis qui envisage du stationnement payant et une aire de camping-cars pour l\u2019avenir.\" target=\"_blank\" rel=\"noopener\">&#13;<br \/>\n                            <img decoding=\"async\" src=\"https:\/\/www.europesays.com\/fr\/wp-content\/uploads\/2025\/12\/patrimoine-saint-antoine-l-abbaye-creve-l-ecran-saint-antoine-l-abbaye-etait-deja-labellise-parmi-le.jpeg\"   alt=\"Patrimoine : Saint-Antoine-l\u2019Abbaye cr\u00e8ve l\u2019\u00e9cran. Saint-Antoine-l\u2019Abbaye \u00e9tait d\u00e9j\u00e0 labellis\u00e9 parmi les \u201cPlus beaux villages de France\u201d. La commune is\u00e9roise est devenue, mercredi 2\u00a0juillet, \u201cVillage pr\u00e9f\u00e9r\u00e9 des Fran\u00e7ais\u201d. Dans l\u2019\u00e9mission pr\u00e9sent\u00e9e par St\u00e9phane Bern, face \u00e0 de s\u00e9rieux concurrents, la petite commune a gagn\u00e9 ce prix qui lui a valu un attrait touristique majeur cet \u00e9t\u00e9. La hausse de fr\u00e9quentation a \u00e9t\u00e9 estim\u00e9e \u00e0 60\u00a0% mais \u201cpas de surtourisme\u201d non plus selon la maire Maryline Longis qui envisage du stationnement payant et une aire de camping-cars pour l\u2019avenir.\" loading=\"lazy\" fetchpriority=\"low\" data-mobile=\"NW_detail_M|1767103248\" data-base=\"NW_detail|1767103248\"\/>&#13;<br \/>\n                        <\/a>&#13;<\/p>\n<p><strong>Patrimoine : Saint-Antoine-l\u2019Abbaye cr\u00e8ve l\u2019\u00e9cran.<\/strong> Saint-Antoine-l\u2019Abbaye \u00e9tait d\u00e9j\u00e0 labellis\u00e9 parmi les \u201cPlus beaux villages de France\u201d. La commune is\u00e9roise est devenue, mercredi 2\u00a0juillet, \u201cVillage pr\u00e9f\u00e9r\u00e9 des Fran\u00e7ais\u201d. Dans l\u2019\u00e9mission pr\u00e9sent\u00e9e par St\u00e9phane Bern, face \u00e0 de s\u00e9rieux concurrents, la petite commune a gagn\u00e9 ce prix qui lui a valu un attrait touristique majeur cet \u00e9t\u00e9. La hausse de fr\u00e9quentation a \u00e9t\u00e9 estim\u00e9e \u00e0 60\u00a0% mais \u201cpas de surtourisme\u201d non plus selon la maire Maryline Longis qui envisage du stationnement payant et une aire de camping-cars pour l\u2019avenir.<\/p>\n<p>                        &#13;<br \/>\n                                           &#13;\n                <\/li>\n<p>&#13;<br \/>\n            &#13;<\/p>\n<li class=\"carousel-wrapper__slides--slide item slideWithPub\" id=\"slide-22\">&#13;<br \/>\n                        &#13;<br \/>\n                            <a class=\"chocolat-image\" title=\"Publicit\u00e9\" href=\"data:image\/gif;base64,R0lGODlhAQABAAD\/ACwAAAAAAQABAAACADs=\">&#13;<br \/>\n                                <img decoding=\"async\" src=\"data:image\/gif;base64,R0lGODlhAQABAAD\/ACwAAAAAAQABAAACADs=\" alt=\"Publicit\u00e9\" loading=\"lazy\" fetchpriority=\"low\"\/>&#13;<br \/>\n                            <\/a>&#13;<br \/>\n                        &#13;\n                    <\/li>\n<p>&#13;<\/p>\n<li class=\"carousel-wrapper__slides--slide item\" id=\"slide-23\">&#13;<br \/>\n                                    &#13;<br \/>\n                        <a class=\"chocolat-image GA-tracking\" data-ga_type=\"click\" data-ga_category=\"D\u00e9tail\" data-ga_action=\"zoomer\" data-ga_label=\"aggrandir image\" href=\"https:\/\/cdn-s-www.ledauphine.com\/images\/49422043-C9B4-43FD-A30E-E70E44FABAF9\/NW_raw\/cyclisme-(2)-la-vuelta-a-voiron-une-premiere-ce-fut-une-forme-de-repetition-generale-alors-qu-elle-va-accueillir-deux-fois-le-tour-de-france-en-2026-voiron-a-eu-l-opportunite-en-2025-d-organiser-la-seule-arrivee-dans-l-hexagone-du-tour-d-espagne-cycliste-qui-prenait-son-depart-d-italie-c-est-le-mardi-26-aout-que-la-ville-porte-de-chartreuse-a-recu-les-honneurs-iberiques-a-l-issue-d-une-etape-de-la-vuelta-remportee-par-le-britannique-ben-turner-pour-l-anecdote-c-est-le-francais-david-gaudu-qui-a-pris-ce-jour-la-le-maillot-rouge-de-leader-sous-les-applaudissements-des-dizaines-de-milliers-de-spectateurs-1767103248.jpg\" title=\"Cyclisme (2) : la Vuelta \u00e0 Voiron, une premi\u00e8re. Ce fut une forme de r\u00e9p\u00e9tition g\u00e9n\u00e9rale. Alors qu\u2019elle va accueillir deux fois le Tour de France en 2026, Voiron a eu l\u2019opportunit\u00e9, en 2025, d\u2019organiser la seule arriv\u00e9e dans l\u2019Hexagone du tour d\u2019Espagne cycliste qui prenait son d\u00e9part d\u2019Italie. C\u2019est le mardi\u00a026 ao\u00fbt que la ville porte de Chartreuse a re\u00e7u les honneurs ib\u00e9riques \u00e0 l\u2019issue d\u2019une \u00e9tape de la Vuelta remport\u00e9e par le Britannique Ben Turner. Pour l\u2019anecdote, c\u2019est le Fran\u00e7ais David Gaudu qui a pris ce jour-l\u00e0 le maillot rouge de leader sous les applaudissements des dizaines de milliers de spectateurs.\" target=\"_blank\" rel=\"noopener\">&#13;<br \/>\n                            <img decoding=\"async\" src=\"https:\/\/www.europesays.com\/fr\/wp-content\/uploads\/2025\/12\/cyclisme-(2)-la-vuelta-a-voiron-une-premiere-ce-fut-une-forme-de-repetition-generale-alors-qu-elle-v.jpeg\"   alt=\"Cyclisme (2) : la Vuelta \u00e0 Voiron, une premi\u00e8re. Ce fut une forme de r\u00e9p\u00e9tition g\u00e9n\u00e9rale. Alors qu\u2019elle va accueillir deux fois le Tour de France en 2026, Voiron a eu l\u2019opportunit\u00e9, en 2025, d\u2019organiser la seule arriv\u00e9e dans l\u2019Hexagone du tour d\u2019Espagne cycliste qui prenait son d\u00e9part d\u2019Italie. C\u2019est le mardi\u00a026 ao\u00fbt que la ville porte de Chartreuse a re\u00e7u les honneurs ib\u00e9riques \u00e0 l\u2019issue d\u2019une \u00e9tape de la Vuelta remport\u00e9e par le Britannique Ben Turner. Pour l\u2019anecdote, c\u2019est le Fran\u00e7ais David Gaudu qui a pris ce jour-l\u00e0 le maillot rouge de leader sous les applaudissements des dizaines de milliers de spectateurs.\" loading=\"lazy\" fetchpriority=\"low\" data-mobile=\"NW_detail_M|1767103248\" data-base=\"NW_detail|1767103248\"\/>&#13;<br \/>\n                        <\/a>&#13;<\/p>\n<p><strong>Cyclisme (2) : la Vuelta \u00e0 Voiron, une premi\u00e8re.<\/strong> Ce fut une forme de r\u00e9p\u00e9tition g\u00e9n\u00e9rale. Alors qu\u2019elle va accueillir deux fois le Tour de France en 2026, Voiron a eu l\u2019opportunit\u00e9, en 2025, d\u2019organiser la seule arriv\u00e9e dans l\u2019Hexagone du tour d\u2019Espagne cycliste qui prenait son d\u00e9part d\u2019Italie. C\u2019est le mardi\u00a026 ao\u00fbt que la ville porte de Chartreuse a re\u00e7u les honneurs ib\u00e9riques \u00e0 l\u2019issue d\u2019une \u00e9tape de la Vuelta remport\u00e9e par le Britannique Ben Turner. Pour l\u2019anecdote, c\u2019est le Fran\u00e7ais David Gaudu qui a pris ce jour-l\u00e0 le maillot rouge de leader sous les applaudissements des dizaines de milliers de spectateurs.<\/p>\n<p>                        &#13;<br \/>\n                                           &#13;\n                <\/li>\n<p>&#13;<br \/>\n            &#13;<\/p>\n<li class=\"carousel-wrapper__slides--slide item\" id=\"slide-24\">&#13;<br \/>\n                                    &#13;<br \/>\n                        <a class=\"chocolat-image GA-tracking\" data-ga_type=\"click\" data-ga_category=\"D\u00e9tail\" data-ga_action=\"zoomer\" data-ga_label=\"aggrandir image\" href=\"https:\/\/cdn-s-www.ledauphine.com\/images\/9F419F52-F0E5-4E08-9C14-CAE869D3F358\/NW_raw\/artisanat-la-ganterie-grenobloise-s-eteint-avec-la-fermeture-le-8-mars-de-la-ganterie-gant-lesdiguieres-grenoble-a-vu-partir-son-dernier-gantier-jean-strazzeri-meilleur-ouvrier-de-france-n-a-plus-pu-poursuivre-son-activite-faute-de-peaux-de-chevreau-et-de-transmission-possible-d-un-savoir-faire-unique-ce-depart-marque-la-fin-d-un-artisanat-qui-a-faconne-l-histoire-de-la-ville-pendant-plus-d-un-siecle-1767112912.jpg\" title=\"Artisanat : la ganterie grenobloise s\u2019\u00e9teint. Avec la fermeture, le 8 mars, de la ganterie Gant Lesdigui\u00e8res, Grenoble a vu partir son dernier gantier. Jean Strazzeri, Meilleur Ouvrier de France, n\u2019a plus pu poursuivre son activit\u00e9 faute de peaux de chevreau et de transmission possible d\u2019un savoir-faire unique. Ce d\u00e9part marque la fin d\u2019un artisanat qui a fa\u00e7onn\u00e9 l\u2019histoire de la ville pendant plus d\u2019un si\u00e8cle.\" target=\"_blank\" rel=\"noopener\">&#13;<br \/>\n                            <img decoding=\"async\" src=\"https:\/\/www.europesays.com\/fr\/wp-content\/uploads\/2025\/12\/artisanat-la-ganterie-grenobloise-s-eteint-avec-la-fermeture-le-8-mars-de-la-ganterie-gant-lesdiguie.jpeg\"   alt=\"Artisanat : la ganterie grenobloise s\u2019\u00e9teint. Avec la fermeture, le 8 mars, de la ganterie Gant Lesdigui\u00e8res, Grenoble a vu partir son dernier gantier. Jean Strazzeri, Meilleur Ouvrier de France, n\u2019a plus pu poursuivre son activit\u00e9 faute de peaux de chevreau et de transmission possible d\u2019un savoir-faire unique. Ce d\u00e9part marque la fin d\u2019un artisanat qui a fa\u00e7onn\u00e9 l\u2019histoire de la ville pendant plus d\u2019un si\u00e8cle.\" loading=\"lazy\" fetchpriority=\"low\" data-mobile=\"NW_detail_M|1767112912\" data-base=\"NW_detail|1767112912\"\/>&#13;<br \/>\n                        <\/a>&#13;<\/p>\n<p><strong>Artisanat : la ganterie grenobloise s\u2019\u00e9teint.<\/strong> Avec la fermeture, le 8 mars, de la ganterie Gant Lesdigui\u00e8res, Grenoble a vu partir son dernier gantier. Jean Strazzeri, Meilleur Ouvrier de France, n\u2019a plus pu poursuivre son activit\u00e9 faute de peaux de chevreau et de transmission possible d\u2019un savoir-faire unique. Ce d\u00e9part marque la fin d\u2019un artisanat qui a fa\u00e7onn\u00e9 l\u2019histoire de la ville pendant plus d\u2019un si\u00e8cle.<\/p>\n<p>                        &#13;<br \/>\n                                           &#13;\n                <\/li>\n<p>&#13;<br \/>\n            &#13;<\/p>\n<li class=\"carousel-wrapper__slides--slide item\" id=\"slide-25\">&#13;<br \/>\n                                    &#13;<br \/>\n                        <a class=\"chocolat-image GA-tracking\" data-ga_type=\"click\" data-ga_category=\"D\u00e9tail\" data-ga_action=\"zoomer\" data-ga_label=\"aggrandir image\" href=\"https:\/\/cdn-s-www.ledauphine.com\/images\/A07D82B7-F967-46CF-ADDA-3E3F3A78D303\/NW_raw\/gastronomie-l-isere-gagne-des-etoiles-le-departement-de-l-isere-compte-11-tables-etoilees-contre-neuf-auparavant-et-c-est-particulierement-le-vercors-qui-a-brille-cette-annee-avec-tout-d-abord-le-palegrie-chez-l-henri-situe-a-meaudre-guillaume-monjure-et-chrystel-barnier-ont-egalement-obtenu-une-etoile-verte-symbole-d-une-cuisine-locale-et-responsable-deuxieme-etablissement-recompense-le-restaurant-asterales-de-ludovic-nardozza-a-correncon-en-vercors-1767112913.jpg\" title=\"Gastronomie\u200a: l\u2019Is\u00e8re gagne des \u00e9toiles. Le d\u00e9partement de l\u2019Is\u00e8re compte 11 tables \u00e9toil\u00e9es contre neuf auparavant. Et c\u2019est particuli\u00e8rement le Vercors qui a brill\u00e9 cette ann\u00e9e avec tout d\u2019abord le Pal\u00e9gri\u00e9 chez l\u2019Henri situ\u00e9 \u00e0 M\u00e9audre. Guillaume Monjur\u00e9 et Chrystel Barnier ont \u00e9galement obtenu une \u00e9toile verte, symbole d\u2019une cuisine locale et responsable. Deuxi\u00e8me \u00e9tablissement r\u00e9compens\u00e9, le restaurant Asterales de Ludovic Nardozza \u00e0 Corren\u00e7on-en-Vercors.\" target=\"_blank\" rel=\"noopener\">&#13;<br \/>\n                            <img decoding=\"async\" src=\"https:\/\/www.europesays.com\/fr\/wp-content\/uploads\/2025\/12\/gastronomie-l-isere-gagne-des-etoiles-le-departement-de-l-isere-compte-11-tables-etoilees-contre-neu.jpeg\"   alt=\"Gastronomie\u200a: l\u2019Is\u00e8re gagne des \u00e9toiles. Le d\u00e9partement de l\u2019Is\u00e8re compte 11 tables \u00e9toil\u00e9es contre neuf auparavant. Et c\u2019est particuli\u00e8rement le Vercors qui a brill\u00e9 cette ann\u00e9e avec tout d\u2019abord le Pal\u00e9gri\u00e9 chez l\u2019Henri situ\u00e9 \u00e0 M\u00e9audre. Guillaume Monjur\u00e9 et Chrystel Barnier ont \u00e9galement obtenu une \u00e9toile verte, symbole d\u2019une cuisine locale et responsable. Deuxi\u00e8me \u00e9tablissement r\u00e9compens\u00e9, le restaurant Asterales de Ludovic Nardozza \u00e0 Corren\u00e7on-en-Vercors.\" loading=\"lazy\" fetchpriority=\"low\" data-mobile=\"NW_detail_M|1767112913\" data-base=\"NW_detail|1767112913\"\/>&#13;<br \/>\n                        <\/a>&#13;<\/p>\n<p><strong>Gastronomie\u200a: l\u2019Is\u00e8re gagne des \u00e9toiles.<\/strong> Le d\u00e9partement de l\u2019Is\u00e8re compte 11 tables \u00e9toil\u00e9es contre neuf auparavant. Et c\u2019est particuli\u00e8rement le Vercors qui a brill\u00e9 cette ann\u00e9e avec tout d\u2019abord le Pal\u00e9gri\u00e9 chez l\u2019Henri situ\u00e9 \u00e0 M\u00e9audre. Guillaume Monjur\u00e9 et Chrystel Barnier ont \u00e9galement obtenu une \u00e9toile verte, symbole d\u2019une cuisine locale et responsable. Deuxi\u00e8me \u00e9tablissement r\u00e9compens\u00e9, le restaurant Asterales de Ludovic Nardozza \u00e0 Corren\u00e7on-en-Vercors.<\/p>\n<p>                        &#13;<br \/>\n                                           &#13;\n                <\/li>\n<p>&#13;<br \/>\n            &#13;<\/p>\n<li class=\"carousel-wrapper__slides--slide item\" id=\"slide-26\">&#13;<br \/>\n                                    &#13;<br \/>\n                        <a class=\"chocolat-image GA-tracking\" data-ga_type=\"click\" data-ga_category=\"D\u00e9tail\" data-ga_action=\"zoomer\" data-ga_label=\"aggrandir image\" href=\"https:\/\/cdn-s-www.ledauphine.com\/images\/E4520F48-B066-4BE4-AC7A-FDAD070F3D3E\/NW_raw\/2025-l-adieu-aux-derniers-resistants-l-annee-2025-a-marque-la-disparition-de-plusieurs-grandes-figures-de-la-resistance-iseroise-vincent-malerba-(au-centre)-dernier-survivant-iserois-des-camps-nazis-s-est-eteint-a-100-ans-deporte-a-18-ans-apres-la-manifestation-du-11-novembre-1943-a-grenoble-il-avait-survecu-a-buchenwald-dora-un-mois-plus-tard-marc-serratrice-(a-gauche)-dernier-maquisard-du-vercors-est-decede-a-saint-ismier-a-103-ans-le-24-decembre-daniel-huillier-combattant-du-maquis-et-president-des-pionniers-du-vercors-est-mort-a-97-ans-laissant-derriere-lui-une-memoire-resistante-desormais-presque-eteinte-1767103249.jpg\" title=\"2025. L\u2019adieu aux derniers R\u00e9sistants.\u00a0L\u2019ann\u00e9e 2025 a marqu\u00e9 la disparition de plusieurs grandes figures de la R\u00e9sistance is\u00e9roise. Vincent Malerba (au centre), dernier survivant is\u00e9rois des camps nazis, s\u2019est \u00e9teint \u00e0 100 ans. D\u00e9port\u00e9 \u00e0 18 ans apr\u00e8s la manifestation du 11\u00a0novembre 1943 \u00e0 Grenoble, il avait surv\u00e9cu \u00e0 Buchenwald-Dora.Un mois plus tard, Marc Serratrice (\u00e0 gauche), dernier maquisard du Vercors, est d\u00e9c\u00e9d\u00e9 \u00e0 Saint-Ismier \u00e0 103 ans.Le 24\u00a0d\u00e9cembre, Daniel Huillier, combattant du maquis et pr\u00e9sident des Pionniers du Vercors, est mort \u00e0 97 ans, laissant derri\u00e8re lui une m\u00e9moire r\u00e9sistante d\u00e9sormais presque \u00e9teinte.\" target=\"_blank\" rel=\"noopener\">&#13;<br \/>\n                            <img decoding=\"async\" src=\"https:\/\/www.europesays.com\/fr\/wp-content\/uploads\/2025\/12\/2025-l-adieu-aux-derniers-resistants-l-annee-2025-a-marque-la-disparition-de-plusieurs-grandes-figur.jpeg\"   alt=\"2025. L\u2019adieu aux derniers R\u00e9sistants.\u00a0L\u2019ann\u00e9e 2025 a marqu\u00e9 la disparition de plusieurs grandes figures de la R\u00e9sistance is\u00e9roise. Vincent Malerba (au centre), dernier survivant is\u00e9rois des camps nazis, s\u2019est \u00e9teint \u00e0 100 ans. D\u00e9port\u00e9 \u00e0 18 ans apr\u00e8s la manifestation du 11\u00a0novembre 1943 \u00e0 Grenoble, il avait surv\u00e9cu \u00e0 Buchenwald-Dora.Un mois plus tard, Marc Serratrice (\u00e0 gauche), dernier maquisard du Vercors, est d\u00e9c\u00e9d\u00e9 \u00e0 Saint-Ismier \u00e0 103 ans.Le 24\u00a0d\u00e9cembre, Daniel Huillier, combattant du maquis et pr\u00e9sident des Pionniers du Vercors, est mort \u00e0 97 ans, laissant derri\u00e8re lui une m\u00e9moire r\u00e9sistante d\u00e9sormais presque \u00e9teinte.\" loading=\"lazy\" fetchpriority=\"low\" data-mobile=\"NW_detail_M|1767103249\" data-base=\"NW_detail|1767103249\"\/>&#13;<br \/>\n                        <\/a>&#13;<\/p>\n<p><strong>2025. L\u2019adieu aux derniers R\u00e9sistants.<\/strong>\u00a0L\u2019ann\u00e9e 2025 a marqu\u00e9 la disparition de plusieurs grandes figures de la R\u00e9sistance is\u00e9roise. Vincent Malerba (au centre), dernier survivant is\u00e9rois des camps nazis, s\u2019est \u00e9teint \u00e0 100 ans. D\u00e9port\u00e9 \u00e0 18 ans apr\u00e8s la manifestation du 11\u00a0novembre 1943 \u00e0 Grenoble, il avait surv\u00e9cu \u00e0 Buchenwald-Dora.<\/p>\n<p>Un mois plus tard, Marc Serratrice (\u00e0 gauche), dernier maquisard du Vercors, est d\u00e9c\u00e9d\u00e9 \u00e0 Saint-Ismier \u00e0 103 ans.<\/p>\n<p>Le 24\u00a0d\u00e9cembre, Daniel Huillier, combattant du maquis et pr\u00e9sident des Pionniers du Vercors, est mort \u00e0 97 ans, laissant derri\u00e8re lui une m\u00e9moire r\u00e9sistante d\u00e9sormais presque \u00e9teinte.<\/p>\n<p>                        &#13;<br \/>\n                                           &#13;\n                <\/li>\n<p>&#13;<br \/>\n            &#13;<\/p>\n<li class=\"carousel-wrapper__slides--slide item slideWithPub\" id=\"slide-27\">&#13;<br \/>\n                        &#13;<br \/>\n                            <a class=\"chocolat-image\" title=\"Publicit\u00e9\" href=\"data:image\/gif;base64,R0lGODlhAQABAAD\/ACwAAAAAAQABAAACADs=\">&#13;<br \/>\n                                <img decoding=\"async\" src=\"data:image\/gif;base64,R0lGODlhAQABAAD\/ACwAAAAAAQABAAACADs=\" alt=\"Publicit\u00e9\" loading=\"lazy\" fetchpriority=\"low\"\/>&#13;<br \/>\n                            <\/a>&#13;<br \/>\n                        &#13;\n                    <\/li>\n<p>&#13;<\/p>\n<li class=\"carousel-wrapper__slides--slide item\" id=\"slide-28\">&#13;<br \/>\n                                    &#13;<br \/>\n                        <a class=\"chocolat-image GA-tracking\" data-ga_type=\"click\" data-ga_category=\"D\u00e9tail\" data-ga_action=\"zoomer\" data-ga_label=\"aggrandir image\" href=\"https:\/\/cdn-s-www.ledauphine.com\/images\/8BDDEFB3-0A6A-41E7-B33E-11313BA63039\/NW_raw\/title-1767094973.jpg\" title=\"\" target=\"_blank\" rel=\"noopener\">&#13;<br \/>\n                            <img decoding=\"async\" src=\"https:\/\/www.europesays.com\/fr\/wp-content\/uploads\/2025\/12\/1767161926_516_title-1767094973.jpg\"   alt=\"\" loading=\"lazy\" fetchpriority=\"low\" data-mobile=\"NW_detail_M|1767094973\" data-base=\"NW_detail|1767094973\"\/>&#13;<br \/>\n                        <\/a>&#13;<br \/>\n                        &#13;<br \/>\n                                           &#13;\n                <\/li>\n<p>&#13;<br \/>\n            &#13;<\/p>\n<li class=\"carousel-wrapper__slides--slide item\" id=\"slide-29\">&#13;<br \/>\n                                    &#13;<br \/>\n                        <a class=\"chocolat-image GA-tracking\" data-ga_type=\"click\" data-ga_category=\"D\u00e9tail\" data-ga_action=\"zoomer\" data-ga_label=\"aggrandir image\" href=\"https:\/\/cdn-s-www.ledauphine.com\/images\/B4DD7277-A432-4F92-84E6-78823D20DBCC\/NW_raw\/18-janvier-double-sacre-deux-prix-d-interpretation-feminine-au-festival-du-film-de-comedie-de-l-alpe-d-huez-pour-deux-generations-mais-un-meme-long-metrage-helene-vincent-82-ans-et-juliette-gasquet-19-ans-primees-pour-leur-magnifique-role-dans-on-ira-d-enya-baroux-un-des-plus-beaux-films-de-cette-edition-recompense-par-plus-de-505-800-entrees-en-salles-1767113104.jpg\" title=\"18\u00a0janvier. Double sacre. Deux prix d\u2019interpr\u00e9tation f\u00e9minine au Festival du film de com\u00e9die de l\u2019Alpe d\u2019Huez pour deux g\u00e9n\u00e9rations, mais un m\u00eame long-m\u00e9trage. H\u00e9l\u00e8ne Vincent, 82 ans, et Juliette Gasquet, 19 ans, prim\u00e9es pour leur magnifique r\u00f4le dans On ira d\u2019Enya Baroux, un des plus beaux films de cette \u00e9dition, r\u00e9compens\u00e9 par plus de 505\u200a800 entr\u00e9es en salles.\" target=\"_blank\" rel=\"noopener\">&#13;<br \/>\n                            <img decoding=\"async\" src=\"https:\/\/www.europesays.com\/fr\/wp-content\/uploads\/2025\/12\/18-janvier-double-sacre-deux-prix-d-interpretation-feminine-au-festival-du-film-de-comedie-de-l-alpe.jpeg\"   alt=\"18\u00a0janvier. Double sacre. Deux prix d\u2019interpr\u00e9tation f\u00e9minine au Festival du film de com\u00e9die de l\u2019Alpe d\u2019Huez pour deux g\u00e9n\u00e9rations, mais un m\u00eame long-m\u00e9trage. H\u00e9l\u00e8ne Vincent, 82 ans, et Juliette Gasquet, 19 ans, prim\u00e9es pour leur magnifique r\u00f4le dans On ira d\u2019Enya Baroux, un des plus beaux films de cette \u00e9dition, r\u00e9compens\u00e9 par plus de 505\u200a800 entr\u00e9es en salles.\" loading=\"lazy\" fetchpriority=\"low\" data-mobile=\"NW_detail_M|1767113104\" data-base=\"NW_detail|1767113104\"\/>&#13;<br \/>\n                        <\/a>&#13;<\/p>\n<p><strong>18\u00a0janvier. Double sacre.<\/strong> Deux prix d\u2019interpr\u00e9tation f\u00e9minine au Festival du film de com\u00e9die de l\u2019Alpe d\u2019Huez pour deux g\u00e9n\u00e9rations, mais un m\u00eame long-m\u00e9trage. H\u00e9l\u00e8ne Vincent, 82 ans, et Juliette Gasquet, 19 ans, prim\u00e9es pour leur magnifique r\u00f4le dans On ira d\u2019Enya Baroux, un des plus beaux films de cette \u00e9dition, r\u00e9compens\u00e9 par plus de 505\u200a800 entr\u00e9es en salles.<\/p>\n<p>                        &#13;<br \/>\n                                           &#13;\n                <\/li>\n<p>&#13;<br \/>\n            &#13;<\/p>\n<li class=\"carousel-wrapper__slides--slide item\" id=\"slide-30\">&#13;<br \/>\n                                    &#13;<br \/>\n                        <a class=\"chocolat-image GA-tracking\" data-ga_type=\"click\" data-ga_category=\"D\u00e9tail\" data-ga_action=\"zoomer\" data-ga_label=\"aggrandir image\" href=\"https:\/\/cdn-s-www.ledauphine.com\/images\/BF4280D3-4496-46B6-93D4-2575A6029909\/NW_raw\/avril-l-evenement-banksy-avec-38-800-visiteurs-en-quinze-jours-(du-12-au-27-avril)-a-echirolles-l-exposition-banksy-a-ete-l-un-des-evenements-de-l-annee-avec-un-public-qui-est-venu-parfois-de-loin-bretagne-paris-suisse-pour-voir-250-oeuvres-de-cet-artiste-qui-figure-dans-le-top-10-des-500-artistes-contemporains-les-plus-cotes-50-associations-de-la-metropole-grenobloise-ont-ete-mobilisees-et-pres-de-90-000-de-dons-ont-ete-generes-par-cette-retrospective-organisee-par-la-banksy-modeste-collection-1767107905.jpg\" title=\"Avril. L\u2019\u00e9v\u00e9nement Banksy. Avec 38\u200a800 visiteurs en quinze jours (du 12 au 27\u00a0avril) \u00e0 \u00c9chirolles, l\u2019exposition Banksy a \u00e9t\u00e9 l\u2019un des \u00e9v\u00e9nements de l\u2019ann\u00e9e. Avec un public qui est venu parfois de loin\u200a: Bretagne, Paris, Suisse\u2026 pour voir 250 \u0153uvres de cet artiste qui figure dans le top 10 des 500 artistes contemporains les plus cot\u00e9s. 50 associations de la m\u00e9tropole grenobloise ont \u00e9t\u00e9 mobilis\u00e9es et pr\u00e8s de 90\u200a000\u00a0\u20ac de dons ont \u00e9t\u00e9 g\u00e9n\u00e9r\u00e9s par cette r\u00e9trospective organis\u00e9e par la Banksy modeste collection.\" target=\"_blank\" rel=\"noopener\">&#13;<br \/>\n                            <img decoding=\"async\" src=\"https:\/\/www.europesays.com\/fr\/wp-content\/uploads\/2025\/12\/avril-l-evenement-banksy-avec-38-800-visiteurs-en-quinze-jours-(du-12-au-27-avril)-a-echirolles-l-ex.jpeg\"   alt=\"Avril. L\u2019\u00e9v\u00e9nement Banksy. Avec 38\u200a800 visiteurs en quinze jours (du 12 au 27\u00a0avril) \u00e0 \u00c9chirolles, l\u2019exposition Banksy a \u00e9t\u00e9 l\u2019un des \u00e9v\u00e9nements de l\u2019ann\u00e9e. Avec un public qui est venu parfois de loin\u200a: Bretagne, Paris, Suisse\u2026 pour voir 250 \u0153uvres de cet artiste qui figure dans le top 10 des 500 artistes contemporains les plus cot\u00e9s. 50 associations de la m\u00e9tropole grenobloise ont \u00e9t\u00e9 mobilis\u00e9es et pr\u00e8s de 90\u200a000\u00a0\u20ac de dons ont \u00e9t\u00e9 g\u00e9n\u00e9r\u00e9s par cette r\u00e9trospective organis\u00e9e par la Banksy modeste collection.\" loading=\"lazy\" fetchpriority=\"low\" data-mobile=\"NW_detail_M|1767107905\" data-base=\"NW_detail|1767107905\"\/>&#13;<br \/>\n                        <\/a>&#13;<\/p>\n<p><strong>Avril. L\u2019\u00e9v\u00e9nement Banksy.<\/strong> Avec 38\u200a800 visiteurs en quinze jours (du 12 au 27\u00a0avril) \u00e0 \u00c9chirolles, l\u2019exposition Banksy a \u00e9t\u00e9 l\u2019un des \u00e9v\u00e9nements de l\u2019ann\u00e9e. Avec un public qui est venu parfois de loin\u200a: Bretagne, Paris, Suisse\u2026 pour voir 250 \u0153uvres de cet artiste qui figure dans le top 10 des 500 artistes contemporains les plus cot\u00e9s. 50 associations de la m\u00e9tropole grenobloise ont \u00e9t\u00e9 mobilis\u00e9es et pr\u00e8s de 90\u200a000\u00a0\u20ac de dons ont \u00e9t\u00e9 g\u00e9n\u00e9r\u00e9s par cette r\u00e9trospective organis\u00e9e par la Banksy modeste collection.<\/p>\n<p>                        &#13;<br \/>\n                                           &#13;\n                <\/li>\n<p>&#13;<br \/>\n            &#13;<\/p>\n<li class=\"carousel-wrapper__slides--slide item\" id=\"slide-31\">&#13;<br \/>\n                                    &#13;<br \/>\n                        <a class=\"chocolat-image GA-tracking\" data-ga_type=\"click\" data-ga_category=\"D\u00e9tail\" data-ga_action=\"zoomer\" data-ga_label=\"aggrandir image\" href=\"https:\/\/cdn-s-www.ledauphine.com\/images\/FD29898F-F419-45C7-94CB-C5D284A2162B\/NW_raw\/2025-saison-record-pour-la-mc2-il-s-etait-donne-pour-mission-de-franchir-la-barre-des-100-000-spectateurs-lors-de-la-saison-2024-2025-il-a-reussi-son-pari-alors-qu-arnaud-meunier-venait-d-etre-reconduit-a-la-tete-de-la-mc2-de-grenoble-il-permet-a-l-emblematique-salle-de-spectacles-grace-a-une-programmation-federatrice-d-atteindre-un-resultat-historique-1767113104.jpg\" title=\"2025. Saison record pour la MC2. Il s\u2019\u00e9tait donn\u00e9 pour mission de franchir la barre des 100\u200a000 spectateurs lors de la saison 2024\/2025, il a r\u00e9ussi son pari. Alors qu\u2019Arnaud Meunier venait d\u2019\u00eatre reconduit \u00e0 la t\u00eate de la MC2 de Grenoble, il permet \u00e0 l\u2019embl\u00e9matique salle de spectacles, gr\u00e2ce \u00e0 une programmation f\u00e9d\u00e9ratrice, d\u2019atteindre un r\u00e9sultat historique.\" target=\"_blank\" rel=\"noopener\">&#13;<br \/>\n                            <img decoding=\"async\" src=\"https:\/\/www.europesays.com\/fr\/wp-content\/uploads\/2025\/12\/2025-saison-record-pour-la-mc2-il-s-etait-donne-pour-mission-de-franchir-la-barre-des-100-000-specta.jpeg\"   alt=\"2025. Saison record pour la MC2. Il s\u2019\u00e9tait donn\u00e9 pour mission de franchir la barre des 100\u200a000 spectateurs lors de la saison 2024\/2025, il a r\u00e9ussi son pari. Alors qu\u2019Arnaud Meunier venait d\u2019\u00eatre reconduit \u00e0 la t\u00eate de la MC2 de Grenoble, il permet \u00e0 l\u2019embl\u00e9matique salle de spectacles, gr\u00e2ce \u00e0 une programmation f\u00e9d\u00e9ratrice, d\u2019atteindre un r\u00e9sultat historique.\" loading=\"lazy\" fetchpriority=\"low\" data-mobile=\"NW_detail_M|1767113104\" data-base=\"NW_detail|1767113104\"\/>&#13;<br \/>\n                        <\/a>&#13;<\/p>\n<p><strong>2025. Saison record pour la MC2.<\/strong> Il s\u2019\u00e9tait donn\u00e9 pour mission de franchir la barre des 100\u200a000 spectateurs lors de la saison 2024\/2025, il a r\u00e9ussi son pari. Alors qu\u2019Arnaud Meunier venait d\u2019\u00eatre reconduit \u00e0 la t\u00eate de la MC2 de Grenoble, il permet \u00e0 l\u2019embl\u00e9matique salle de spectacles, gr\u00e2ce \u00e0 une programmation f\u00e9d\u00e9ratrice, d\u2019atteindre un r\u00e9sultat historique.<\/p>\n<p>                        &#13;<br \/>\n                                           &#13;\n                <\/li>\n<p>&#13;<br \/>\n            &#13;<\/p>\n<li class=\"carousel-wrapper__slides--slide item slideWithPub\" id=\"slide-32\">&#13;<br \/>\n                        &#13;<br \/>\n                            <a class=\"chocolat-image\" title=\"Publicit\u00e9\" href=\"data:image\/gif;base64,R0lGODlhAQABAAD\/ACwAAAAAAQABAAACADs=\">&#13;<br \/>\n                                <img decoding=\"async\" src=\"data:image\/gif;base64,R0lGODlhAQABAAD\/ACwAAAAAAQABAAACADs=\" alt=\"Publicit\u00e9\" loading=\"lazy\" fetchpriority=\"low\"\/>&#13;<br \/>\n                            <\/a>&#13;<br \/>\n                        &#13;\n                    <\/li>\n<p>&#13;<\/p>\n<li class=\"carousel-wrapper__slides--slide item\" id=\"slide-33\">&#13;<br \/>\n                                    &#13;<br \/>\n                        <a class=\"chocolat-image GA-tracking\" data-ga_type=\"click\" data-ga_category=\"D\u00e9tail\" data-ga_action=\"zoomer\" data-ga_label=\"aggrandir image\" href=\"https:\/\/cdn-s-www.ledauphine.com\/images\/A6C86F9B-ADFE-4AD4-9A29-A6F5FF057F30\/NW_raw\/septembre-250-bougies-pour-le-museum-de-grenoble-si-2-000-objets-et-specimens-sont-exposes-dans-les-salles-du-museum-de-grenoble-ce-sont-au-total-environ-3-millions-d-entites-qui-sont-conservees-dans-les-reserves-de-cette-institution-qui-a-fete-ses-250-ans-avec-une-frequentation-en-hausse-de-24-(95-820-visiteurs)-le-museum-reste-l-un-des-lieux-preferes-des-familles-1767107905.jpg\" title=\"Septembre. 250 bougies pour le Mus\u00e9um de Grenoble. Si 2\u200a000 objets et sp\u00e9cimens sont expos\u00e9s dans les salles du Mus\u00e9um de Grenoble, ce sont au total environ 3\u00a0millions d\u2019entit\u00e9s qui sont conserv\u00e9es dans les r\u00e9serves de cette institution qui a f\u00eat\u00e9 ses 250 ans. Avec une fr\u00e9quentation en hausse de 24\u00a0% (95\u200a820 visiteurs), le mus\u00e9um reste l\u2019un des lieux pr\u00e9f\u00e9r\u00e9s des familles.\" target=\"_blank\" rel=\"noopener\">&#13;<br \/>\n                            <img decoding=\"async\" src=\"https:\/\/www.europesays.com\/fr\/wp-content\/uploads\/2025\/12\/septembre-250-bougies-pour-le-museum-de-grenoble-si-2-000-objets-et-specimens-sont-exposes-dans-les-.jpeg\"   alt=\"Septembre. 250 bougies pour le Mus\u00e9um de Grenoble. Si 2\u200a000 objets et sp\u00e9cimens sont expos\u00e9s dans les salles du Mus\u00e9um de Grenoble, ce sont au total environ 3\u00a0millions d\u2019entit\u00e9s qui sont conserv\u00e9es dans les r\u00e9serves de cette institution qui a f\u00eat\u00e9 ses 250 ans. Avec une fr\u00e9quentation en hausse de 24\u00a0% (95\u200a820 visiteurs), le mus\u00e9um reste l\u2019un des lieux pr\u00e9f\u00e9r\u00e9s des familles.\" loading=\"lazy\" fetchpriority=\"low\" data-mobile=\"NW_detail_M|1767107905\" data-base=\"NW_detail|1767107905\"\/>&#13;<br \/>\n                        <\/a>&#13;<\/p>\n<p><strong>Septembre. 250 bougies pour le Mus\u00e9um de Grenoble.<\/strong> Si 2\u200a000 objets et sp\u00e9cimens sont expos\u00e9s dans les salles du Mus\u00e9um de Grenoble, ce sont au total environ 3\u00a0millions d\u2019entit\u00e9s qui sont conserv\u00e9es dans les r\u00e9serves de cette institution qui a f\u00eat\u00e9 ses 250 ans. Avec une fr\u00e9quentation en hausse de 24\u00a0% (95\u200a820 visiteurs), le mus\u00e9um reste l\u2019un des lieux pr\u00e9f\u00e9r\u00e9s des familles.<\/p>\n<p>                        &#13;<br \/>\n                                           &#13;\n                <\/li>\n<p>&#13;<br \/>\n            &#13;<\/p>\n<li class=\"carousel-wrapper__slides--slide item\" id=\"slide-34\">&#13;<br \/>\n                                    &#13;<br \/>\n                        <a class=\"chocolat-image GA-tracking\" data-ga_type=\"click\" data-ga_category=\"D\u00e9tail\" data-ga_action=\"zoomer\" data-ga_label=\"aggrandir image\" href=\"https:\/\/cdn-s-www.ledauphine.com\/images\/8BBC64E1-93C9-410B-A5CC-29CA8BA4B798\/NW_raw\/1er-octobre-l-auditorium-est-ne-dote-de-1-500-places-en-assis-et-2-100-en-version-assis-debout-l-auditorium-la-nouvelle-salle-de-spectacles-d-alpexpo-a-grenoble-a-ouvert-ses-portes-le-1er-octobre-1-8-million-d-euros-ont-ete-investis-pour-cet-equipement-qui-a-l-avantage-de-partager-de-nombreuses-infrastructures-avec-le-summum-son-parking-son-entree-son-bar-ses-toilettes-et-ses-loges-cote-programmation-de-tres-nombreuses-dates-ont-ete-annoncees-(julien-clerc-calogero-sheila-)-1767107905.jpg\" title=\"1er\u00a0octobre. L\u2019Auditorium est n\u00e9. Dot\u00e9 de 1\u200a500 places en assis et 2\u200a100 en version assis\/debout, l\u2019Auditorium, la nouvelle salle de spectacles d\u2019Alpexpo \u00e0 Grenoble, a ouvert ses portes le 1er\u00a0octobre. 1,8\u00a0million d\u2019euros ont \u00e9t\u00e9 investis pour cet \u00e9quipement qui a l\u2019avantage de partager de nombreuses infrastructures avec le Summum\u200a: son parking, son entr\u00e9e, son bar, ses toilettes et ses loges. C\u00f4t\u00e9 programmation, de tr\u00e8s nombreuses dates ont \u00e9t\u00e9 annonc\u00e9es (Julien Clerc, Calogero, Sheila\u2026).\" target=\"_blank\" rel=\"noopener\">&#13;<br \/>\n                            <img decoding=\"async\" src=\"https:\/\/www.europesays.com\/fr\/wp-content\/uploads\/2025\/12\/1er-octobre-l-auditorium-est-ne-dote-de-1-500-places-en-assis-et-2-100-en-version-assis-debout-l-aud.jpeg\"   alt=\"1er\u00a0octobre. L\u2019Auditorium est n\u00e9. Dot\u00e9 de 1\u200a500 places en assis et 2\u200a100 en version assis\/debout, l\u2019Auditorium, la nouvelle salle de spectacles d\u2019Alpexpo \u00e0 Grenoble, a ouvert ses portes le 1er\u00a0octobre. 1,8\u00a0million d\u2019euros ont \u00e9t\u00e9 investis pour cet \u00e9quipement qui a l\u2019avantage de partager de nombreuses infrastructures avec le Summum\u200a: son parking, son entr\u00e9e, son bar, ses toilettes et ses loges. C\u00f4t\u00e9 programmation, de tr\u00e8s nombreuses dates ont \u00e9t\u00e9 annonc\u00e9es (Julien Clerc, Calogero, Sheila\u2026).\" loading=\"lazy\" fetchpriority=\"low\" data-mobile=\"NW_detail_M|1767107905\" data-base=\"NW_detail|1767107905\"\/>&#13;<br \/>\n                        <\/a>&#13;<\/p>\n<p><strong>1er\u00a0octobre. L\u2019Auditorium est n\u00e9.<\/strong> Dot\u00e9 de 1\u200a500 places en assis et 2\u200a100 en version assis\/debout, l\u2019Auditorium, la nouvelle salle de spectacles d\u2019Alpexpo \u00e0 Grenoble, a ouvert ses portes le 1er\u00a0octobre. 1,8\u00a0million d\u2019euros ont \u00e9t\u00e9 investis pour cet \u00e9quipement qui a l\u2019avantage de partager de nombreuses infrastructures avec le Summum\u200a: son parking, son entr\u00e9e, son bar, ses toilettes et ses loges. C\u00f4t\u00e9 programmation, de tr\u00e8s nombreuses dates ont \u00e9t\u00e9 annonc\u00e9es (Julien Clerc, Calogero, Sheila\u2026).<\/p>\n<p>                        &#13;<br \/>\n                                           &#13;\n                <\/li>\n<p>&#13;<br \/>\n            &#13;<\/p>\n<li class=\"carousel-wrapper__slides--slide item\" id=\"slide-35\">&#13;<br \/>\n                                    &#13;<br \/>\n                        <a class=\"chocolat-image GA-tracking\" data-ga_type=\"click\" data-ga_category=\"D\u00e9tail\" data-ga_action=\"zoomer\" data-ga_label=\"aggrandir image\" href=\"https:\/\/cdn-s-www.ledauphine.com\/images\/5D75708A-592A-4020-8AE8-0A2C357992B4\/NW_raw\/10-octobre-gad-elmaleh-comme-chez-lui-au-summum-gad-elmaleh-a-battu-un-double-record-le-10-octobre-au-summum-a-grenoble-il-est-devenu-l-artiste-qui-s-est-le-plus-produit-dans-cette-salle-depuis-sa-construction-en-1988-mais-c-est-aussi-celui-qui-a-recolte-le-plus-grand-nombre-de-representations-a-guichets-fermes-a-chaque-fois-que-l-humoriste-se-produit-au-summum-c-est-a-guichets-fermes-il-etait-la-en-2022-en-2023-en-2024-pour-deux-dates-et-il-est-revenu-en-2025-toujours-avec-le-meme-succes-1767107905.jpg\" title=\"10\u00a0octobre. Gad Elmaleh comme chez lui au Summum. Gad Elmaleh a battu un double record le 10\u00a0octobre au Summum \u00e0 Grenoble\u200a: il est devenu l\u2019artiste qui s\u2019est le plus produit dans cette salle depuis sa construction en 1988, mais c\u2019est aussi celui qui a r\u00e9colt\u00e9 le plus grand nombre de repr\u00e9sentations \u00e0 guichets ferm\u00e9s. \u00c0 chaque fois que l\u2019humoriste se produit au Summum, c\u2019est \u00e0 guichets ferm\u00e9s. Il \u00e9tait l\u00e0 en 2022, en 2023, en 2024 pour deux dates\u2026 Et il est revenu en 2025, toujours avec le m\u00eame succ\u00e8s.\" target=\"_blank\" rel=\"noopener\">&#13;<br \/>\n                            <img decoding=\"async\" src=\"https:\/\/www.europesays.com\/fr\/wp-content\/uploads\/2025\/12\/10-octobre-gad-elmaleh-comme-chez-lui-au-summum-gad-elmaleh-a-battu-un-double-record-le-10-octobre-a.jpeg\"   alt=\"10\u00a0octobre. Gad Elmaleh comme chez lui au Summum. Gad Elmaleh a battu un double record le 10\u00a0octobre au Summum \u00e0 Grenoble\u200a: il est devenu l\u2019artiste qui s\u2019est le plus produit dans cette salle depuis sa construction en 1988, mais c\u2019est aussi celui qui a r\u00e9colt\u00e9 le plus grand nombre de repr\u00e9sentations \u00e0 guichets ferm\u00e9s. \u00c0 chaque fois que l\u2019humoriste se produit au Summum, c\u2019est \u00e0 guichets ferm\u00e9s. Il \u00e9tait l\u00e0 en 2022, en 2023, en 2024 pour deux dates\u2026 Et il est revenu en 2025, toujours avec le m\u00eame succ\u00e8s.\" loading=\"lazy\" fetchpriority=\"low\" data-mobile=\"NW_detail_M|1767107905\" data-base=\"NW_detail|1767107905\"\/>&#13;<br \/>\n                        <\/a>&#13;<\/p>\n<p><strong>10\u00a0octobre. Gad Elmaleh comme chez lui au Summum.<\/strong> Gad Elmaleh a battu un double record le 10\u00a0octobre au Summum \u00e0 Grenoble\u200a: il est devenu l\u2019artiste qui s\u2019est le plus produit dans cette salle depuis sa construction en 1988, mais c\u2019est aussi celui qui a r\u00e9colt\u00e9 le plus grand nombre de repr\u00e9sentations \u00e0 guichets ferm\u00e9s. \u00c0 chaque fois que l\u2019humoriste se produit au Summum, c\u2019est \u00e0 guichets ferm\u00e9s. Il \u00e9tait l\u00e0 en 2022, en 2023, en 2024 pour deux dates\u2026 Et il est revenu en 2025, toujours avec le m\u00eame succ\u00e8s.<\/p>\n<p>                        &#13;<br \/>\n                                           &#13;\n                <\/li>\n<p>&#13;<br \/>\n            &#13;<\/p>\n<li class=\"carousel-wrapper__slides--slide item\" id=\"slide-36\">&#13;<br \/>\n                                    &#13;<br \/>\n                        <a class=\"chocolat-image GA-tracking\" data-ga_type=\"click\" data-ga_category=\"D\u00e9tail\" data-ga_action=\"zoomer\" data-ga_label=\"aggrandir image\" href=\"https:\/\/cdn-s-www.ledauphine.com\/images\/06328648-41F4-4294-84BA-24260F399387\/NW_raw\/22-novembre-la-bd-quelle-epopee-une-collection-unique-en-france-400-planches-de-bande-dessinee-ont-ete-pretees-par-michel-edouard-leclerc-au-musee-de-grenoble-pour-une-exposition-qui-retrace-l-histoire-de-la-bd-(en-cours-jusqu-au-19-avril-2026)-avec-des-noms-prestigieux-moebius-enki-bilal-philippe-druillet-catherine-meurisse-1767107905.jpg\" title=\"22\u00a0novembre. La BD, quelle \u00e9pop\u00e9e\u200a! Une collection unique en France\u200a! 400 planches de bande dessin\u00e9e ont \u00e9t\u00e9 pr\u00eat\u00e9es par Michel-\u00c9douard Leclerc au Mus\u00e9e de Grenoble pour une exposition qui retrace l\u2019histoire de la BD (en cours jusqu\u2019au 19\u00a0avril\u00a02026). Avec des noms prestigieux\u200a: Moebius, Enki Bilal, Philippe Druillet, Catherine Meurisse\u2026\" target=\"_blank\" rel=\"noopener\">&#13;<br \/>\n                            <img decoding=\"async\" src=\"https:\/\/www.europesays.com\/fr\/wp-content\/uploads\/2025\/12\/22-novembre-la-bd-quelle-epopee-une-collection-unique-en-france-400-planches-de-bande-dessinee-ont-e.jpeg\"   alt=\"22\u00a0novembre. La BD, quelle \u00e9pop\u00e9e\u200a! Une collection unique en France\u200a! 400 planches de bande dessin\u00e9e ont \u00e9t\u00e9 pr\u00eat\u00e9es par Michel-\u00c9douard Leclerc au Mus\u00e9e de Grenoble pour une exposition qui retrace l\u2019histoire de la BD (en cours jusqu\u2019au 19\u00a0avril\u00a02026). Avec des noms prestigieux\u200a: Moebius, Enki Bilal, Philippe Druillet, Catherine Meurisse\u2026\" loading=\"lazy\" fetchpriority=\"low\" data-mobile=\"NW_detail_M|1767107905\" data-base=\"NW_detail|1767107905\"\/>&#13;<br \/>\n                        <\/a>&#13;<\/p>\n<p><strong>22\u00a0novembre. La BD, quelle \u00e9pop\u00e9e\u200a!<\/strong> Une collection unique en France\u200a! 400 planches de bande dessin\u00e9e ont \u00e9t\u00e9 pr\u00eat\u00e9es par Michel-\u00c9douard Leclerc au Mus\u00e9e de Grenoble pour une exposition qui retrace l\u2019histoire de la BD (en cours jusqu\u2019au 19\u00a0avril\u00a02026). Avec des noms prestigieux\u200a: Moebius, Enki Bilal, Philippe Druillet, Catherine Meurisse\u2026<\/p>\n<p>                        &#13;<br \/>\n                                           &#13;\n                <\/li>\n<p>&#13;<br \/>\n            &#13;\n                <\/ul>\n","protected":false},"excerpt":{"rendered":"&#13; Le Dauphin\u00e9 Lib\u00e9r\u00e9 &#8211; &#13; &#13; Aujourd&rsquo;hui \u00e0 06:00&#13; &#13; &#8211; Temps de lecture : &#13; &#13;&hellip;\n","protected":false},"author":2,"featured_media":631486,"comment_status":"","ping_status":"","sticky":false,"template":"","format":"standard","meta":{"footnotes":""},"categories":[9566],"tags":[1111,11,2430,112,113,114,1777,674,274,1011,27,5325,2798,2731,108,12,25,106,104],"class_list":{"0":"post-631485","1":"post","2":"type-post","3":"status-publish","4":"format-standard","5":"has-post-thumbnail","7":"category-grenoble","8":"tag-actu","9":"tag-actualites","10":"tag-auvergne-rhone-alpes","11":"tag-edition-grenoble-agglomeration","12":"tag-edition-gresivaudan-oisans","13":"tag-edition-voiron-saint-marcellin","14":"tag-eu","15":"tag-europe","16":"tag-faits-divers-justice","17":"tag-fr","18":"tag-france","19":"tag-galerie-media","20":"tag-galerie-photo","21":"tag-grenoble","22":"tag-isere","23":"tag-news","24":"tag-republique-francaise","25":"tag-selection-de-la-redaction-38","26":"tag-societe"},"share_on_mastodon":{"url":"https:\/\/pubeurope.com\/@fr\/115812734312622008","error":""},"_links":{"self":[{"href":"https:\/\/www.europesays.com\/fr\/wp-json\/wp\/v2\/posts\/631485","targetHints":{"allow":["GET"]}}],"collection":[{"href":"https:\/\/www.europesays.com\/fr\/wp-json\/wp\/v2\/posts"}],"about":[{"href":"https:\/\/www.europesays.com\/fr\/wp-json\/wp\/v2\/types\/post"}],"author":[{"embeddable":true,"href":"https:\/\/www.europesays.com\/fr\/wp-json\/wp\/v2\/users\/2"}],"replies":[{"embeddable":true,"href":"https:\/\/www.europesays.com\/fr\/wp-json\/wp\/v2\/comments?post=631485"}],"version-history":[{"count":0,"href":"https:\/\/www.europesays.com\/fr\/wp-json\/wp\/v2\/posts\/631485\/revisions"}],"wp:featuredmedia":[{"embeddable":true,"href":"https:\/\/www.europesays.com\/fr\/wp-json\/wp\/v2\/media\/631486"}],"wp:attachment":[{"href":"https:\/\/www.europesays.com\/fr\/wp-json\/wp\/v2\/media?parent=631485"}],"wp:term":[{"taxonomy":"category","embeddable":true,"href":"https:\/\/www.europesays.com\/fr\/wp-json\/wp\/v2\/categories?post=631485"},{"taxonomy":"post_tag","embeddable":true,"href":"https:\/\/www.europesays.com\/fr\/wp-json\/wp\/v2\/tags?post=631485"}],"curies":[{"name":"wp","href":"https:\/\/api.w.org\/{rel}","templated":true}]}}