{"id":631487,"date":"2025-12-31T06:20:09","date_gmt":"2025-12-31T06:20:09","guid":{"rendered":"https:\/\/www.europesays.com\/fr\/631487\/"},"modified":"2025-12-31T06:20:09","modified_gmt":"2025-12-31T06:20:09","slug":"vous-ne-savez-pas-quoi-faire-nos-5-idees-de-derniere-minute","status":"publish","type":"post","link":"https:\/\/www.europesays.com\/fr\/631487\/","title":{"rendered":"vous ne savez pas quoi faire ? Nos 5 id\u00e9es de derni\u00e8re minute"},"content":{"rendered":"<p>                    Par<br \/>\n        <strong><br \/>\n            <a href=\"https:\/\/actu.fr\/auteur\/laurene-fertin\" title=\"Consulter tous les articles de Laur\u00e8ne Fertin\" target=\"_blank\" rel=\"noopener\">Laur\u00e8ne Fertin<\/a><br \/>\n                    <\/strong><\/p>\n<p>        Publi\u00e9 le<\/p>\n<p>            31 d\u00e9c. 2025 \u00e0 5h52        <\/p>\n<p>Tant de tergiversations pour savoir o\u00f9, comment et avec qui <strong>f\u00eater le d\u00e9but de l\u2019ann\u00e9e 2026<\/strong>. \u00c0 Rennes, si vous n\u2019avez pas eu vent <strong>des soir\u00e9es gratuites<\/strong> o\u00f9 passer la nuit du mercredi 31\u00a0d\u00e9cembre 2025 au jeudi 1er\u00a0janvier 2026, la r\u00e9daction d\u2019<a href=\"https:\/\/actu.fr\/rennes\/\" target=\"_blank\" rel=\"noopener\">actu Rennes <\/a>vous a s\u00e9lectionn\u00e9 <strong>quelques id\u00e9es<\/strong> qui pourraient vous faire atterrir au bon endroit.<\/p>\n<p>Au Libert\u00e9<\/p>\n<p class=\" wall-content\"><strong>Un concert dansant<\/strong> de<strong> 00h \u00e0 4h45<\/strong> est pr\u00e9vu, au <strong>Libert\u00e9,<\/strong> situ\u00e9 sur l\u2019esplanade Charles-de-Gaule. Le r\u00e9pertoire sera <strong>vari\u00e9<\/strong> et <strong>populaire,<\/strong> anim\u00e9 par le groupe <strong>G\u00e9n\u00e9ration<\/strong>.<\/p>\n<p class=\" wall-content\">Souvenez-vous, l\u2019an dernier, <a href=\"https:\/\/actu.fr\/bretagne\/rennes_35238\/bal-du-nouvel-an-a-rennes-le-groupe-generation-attend-les-rennais-pour-mettre-le-feu-au-liberte_62060513.html\" target=\"_blank\" rel=\"noopener\">nous avions rencontr\u00e9 Thierry et Bruno Daveux, les membres fondateurs du groupe<\/a>. En 2024, l\u2019orchestre organisait (d\u00e9j\u00e0) sa 8e \u00e9dition pour la Saint-Sylvestre.<\/p>\n<p class=\" wall-content\">Attention,<strong> l\u2019entr\u00e9e <\/strong>n\u2019est possible que<strong> jusqu\u2019\u00e0 3h.<\/strong><\/p>\n<p>Soir\u00e9e funk, reggae, \u00e9lectro et rock au Hibou Grand Duc<\/p>\n<p class=\" wall-content\">Une soir\u00e9e pour tous les go\u00fbts puisqu\u2019\u00e0 partir de 23h30, le Hibou Grand Duc pr\u00e9voit de faire danser la<strong> danse de la chenille, la danse des canards,<\/strong> sans oublier<strong> la danse du robot.<\/strong><\/p>\n<p class=\" wall-content\">Puis, place \u00e0 <strong>Arnofantomas Selecta,<\/strong> dans la musique depuis 1992, qui va proposer \u00ab\u2009des sons \u00e0 tendance <strong>dub, funk, rock<\/strong> et <strong>reggae\u2009\u00bb,<\/strong> notent les organisateurs.<\/p>\n<p class=\" wall-content\">\n<p class=\" wall-content\">Viendra, ensuite, <strong>Pralito Le Pral,<\/strong> \u00ab\u2009amoureux de la musique et grand fervent des free parties, des bars et festivals divers\u2009\u00bb qui am\u00e8nera une touche breakbeat, drum\u2019n\u2019bass et \u00e9lectro \u00e0 cette soir\u00e9e du Nouvel an.<\/p>\n<p>Votre r\u00e9gion, votre actu !<\/p>\n<p>Recevez chaque jour les infos qui comptent pour vous.<\/p>\n<p>\t<a href=\"https:\/\/actu.fr\/newsletter\" class=\"ac-btn ac-btn--corner ac-btn--medium ac-btn--blue800\" target=\"_blank\" rel=\"noopener\">S&rsquo;incrire<\/a><\/p>\n<p>La premi\u00e8re partie de soir\u00e9e n\u2019est pas gratuite, mais payante et sur r\u00e9servation\u2009: le bar propose en effet une soir\u00e9e raclette pour celles et ceux qui accepteront de d\u00e9bourser 16\u00a0euros par personne.<\/p>\n<p>Soir\u00e9e clubbing en partenariat avec I\u2019m From Rennes<\/p>\n<p class=\" wall-content\">Le bar <strong>La Cavale<\/strong> propose une soir\u00e9e clubbing<strong> d\u00e8s 23h30 et jusqu\u2019\u00e0 4h<\/strong>. Carte blanche sera donn\u00e9e au festival I\u2019m From Rennes qui pr\u00e9voit une line-up sp\u00e9ciale pour vous tenir \u00e9veill\u00e9 toute la nuit, et en mouvement.<\/p>\n<p>\u00c0 l\u2019instar du Hibou Grand Duc, la premi\u00e8re partie de soir\u00e9e se fera sur r\u00e9servation, en raison d\u2019un repas festif proposant aux gourmands et gourmandes. Seule l\u2019entr\u00e9e de la soir\u00e9e clubbing, d\u00e8s 23h30, sera libre.<\/p>\n<p>Dimanche bistrot avec Kermess Party<\/p>\n<p class=\" wall-content\">Confettis, bonne humeur et danses enflamm\u00e9es jusqu\u2019au bout de la nuit\u2009: le bar <strong>Dimanche bistrot<\/strong>, situ\u00e9 dans la rue d\u2019Antrain propose une soir\u00e9e DJ avec <strong>Kermess Party.<\/strong><\/p>\n<p class=\" wall-content\"><a href=\"https:\/\/www.instagram.com\/p\/DRz5JWFDXtx\/embed\" title=\"Ouvrir le lien sur Instagram\" target=\"_blank\" rel=\"noopener\">Visualiser le contenu sur Instagram<\/a><\/p>\n<p class=\" wall-content\">Pr\u00e9parez-vous pour attaquer la soir\u00e9e qui d\u00e9bute <strong>d\u00e8s 23h et se termine \u00e0 5h<\/strong>.<\/p>\n<p>Nouvel an chez Now, pr\u00e8s du mail<\/p>\n<p class=\" wall-content\"><a href=\"https:\/\/actu.fr\/bretagne\/rennes_35238\/nouveau-a-rennes-elles-lancent-un-concept-inedit-avec-leur-bar-friperie_61323269.html\" target=\"_blank\" rel=\"noopener\">Le bar-friperie Now<\/a>, situ\u00e9 pr\u00e8s du mail Fran\u00e7ois-Mitterrand, propose \u00e9galement une soir\u00e9e pour la Saint-Sylvestre.<\/p>\n<p class=\" wall-content\"><a href=\"https:\/\/www.instagram.com\/p\/DRxVg1rjXnp\/embed\" title=\"Ouvrir le lien sur Instagram\" target=\"_blank\" rel=\"noopener\">Visualiser le contenu sur Instagram<\/a><\/p>\n<p class=\" wall-content\">Le rendez-vous est donn\u00e9 de 19h \u00e0 5h.<\/p>\n<p class=\" wall-content\">Personnalisez votre actualit\u00e9 en ajoutant vos villes et m\u00e9dias en favori avec <a href=\"https:\/\/moncompte.actu.fr\" title=\"D\u00e9couvez Mon Actu\" rel=\"nofollow noopener\" data-trk=\"{&quot;cta&quot;:{&quot;action&quot;:&quot;https:\\\/\\\/moncompte.actu.fr&quot;,&quot;category&quot;:&quot;mon compte&quot;,&quot;from&quot;:&quot;article footer&quot;,&quot;name&quot;:&quot;Mon actu&quot;,&quot;type&quot;:&quot;cta&quot;}}\" target=\"_blank\">Mon Actu<\/a>.<\/p>\n<p>                    <script async src=\"\/\/www.instagram.com\/embed.js\"><\/script><\/p>\n","protected":false},"excerpt":{"rendered":"Par Laur\u00e8ne Fertin Publi\u00e9 le 31 d\u00e9c. 2025 \u00e0 5h52 Tant de tergiversations pour savoir o\u00f9, comment et&hellip;\n","protected":false},"author":2,"featured_media":631488,"comment_status":"","ping_status":"","sticky":false,"template":"","format":"standard","meta":{"footnotes":""},"categories":[2821],"tags":[1111,11,829,1697,1777,674,1011,27,1652,12,57085,584,25],"class_list":{"0":"post-631487","1":"post","2":"type-post","3":"status-publish","4":"format-standard","5":"has-post-thumbnail","7":"category-rennes","8":"tag-actu","9":"tag-actualites","10":"tag-bretagne","11":"tag-concert","12":"tag-eu","13":"tag-europe","14":"tag-fr","15":"tag-france","16":"tag-loisirs-culture","17":"tag-news","18":"tag-nouvel-an-a-rennes","19":"tag-rennes","20":"tag-republique-francaise"},"share_on_mastodon":{"url":"https:\/\/pubeurope.com\/@fr\/115812736868319071","error":""},"_links":{"self":[{"href":"https:\/\/www.europesays.com\/fr\/wp-json\/wp\/v2\/posts\/631487","targetHints":{"allow":["GET"]}}],"collection":[{"href":"https:\/\/www.europesays.com\/fr\/wp-json\/wp\/v2\/posts"}],"about":[{"href":"https:\/\/www.europesays.com\/fr\/wp-json\/wp\/v2\/types\/post"}],"author":[{"embeddable":true,"href":"https:\/\/www.europesays.com\/fr\/wp-json\/wp\/v2\/users\/2"}],"replies":[{"embeddable":true,"href":"https:\/\/www.europesays.com\/fr\/wp-json\/wp\/v2\/comments?post=631487"}],"version-history":[{"count":0,"href":"https:\/\/www.europesays.com\/fr\/wp-json\/wp\/v2\/posts\/631487\/revisions"}],"wp:featuredmedia":[{"embeddable":true,"href":"https:\/\/www.europesays.com\/fr\/wp-json\/wp\/v2\/media\/631488"}],"wp:attachment":[{"href":"https:\/\/www.europesays.com\/fr\/wp-json\/wp\/v2\/media?parent=631487"}],"wp:term":[{"taxonomy":"category","embeddable":true,"href":"https:\/\/www.europesays.com\/fr\/wp-json\/wp\/v2\/categories?post=631487"},{"taxonomy":"post_tag","embeddable":true,"href":"https:\/\/www.europesays.com\/fr\/wp-json\/wp\/v2\/tags?post=631487"}],"curies":[{"name":"wp","href":"https:\/\/api.w.org\/{rel}","templated":true}]}}