{"id":631493,"date":"2025-12-31T06:24:21","date_gmt":"2025-12-31T06:24:21","guid":{"rendered":"https:\/\/www.europesays.com\/fr\/631493\/"},"modified":"2025-12-31T06:24:21","modified_gmt":"2025-12-31T06:24:21","slug":"nantes-boucle-un-autre-renfort-strasbourg-sur-un-ancien-de-city","status":"publish","type":"post","link":"https:\/\/www.europesays.com\/fr\/631493\/","title":{"rendered":"Nantes boucle un autre renfort, Strasbourg sur un ancien de City\u00a0?"},"content":{"rendered":"<p>Le FC Nantes ne perd pas de temps dans sa mission maintien. Apr\u00e8s avoir boucl\u00e9 les renforts de Deiver Machado et de R\u00e9my Cabella en attendant Zakaria Aboukhlal, il est d\u00e9sormais en passe de boucler l&rsquo;arriv\u00e9e d&rsquo;Ibrahima Sissoko. Selon les informations de <a href=\"https:\/\/www.lequipe.fr\/Football\/Actualites\/Transferts-l-ancien-milieu-de-strasbourg-ibrahima-sissoko-devrait-rejoindre-le-fc-nantes\/1630159\" target=\"_blank\" rel=\"noopener\">L&rsquo;Equipe<\/a>, un accord \u00e0 hauteur de deux millions d&rsquo;euros aurait \u00e9t\u00e9 trouv\u00e9 avec Bochum.<\/p>\n<p>L&rsquo;ancien joueur de Strasbourg, actuellement \u00e0 la Coupe d&rsquo;Afrique des Nations devrait ainsi, sauf \u00e9norme rebondissement, rejoindre les bords de l&rsquo;Erdre une fois la comp\u00e9tition termin\u00e9e. Un nouveau renfort d&rsquo;exp\u00e9rience pour les Canaris, qui entend bien r\u00e9aliser une bien meilleure deuxi\u00e8me partie de saison. Pour rappel, le FCN est avant-dernier de <a href=\"https:\/\/www.onzemondial.com\/ligue-1\" target=\"_blank\" rel=\"noopener\">Ligue 1<\/a> et a remerci\u00e9 Luis Castro pour le remplacer par Ahmed Kantari.<\/p>\n<p>\u00c0 lire aussiSissoko en route pour Nantes, Strasbourg pense \u00e0 McAtee<\/p>\n<p>Dans le m\u00eame temps, Strasbourg, l&rsquo;ancien club de Sissoko, continue \u00e0 faire parler de lui sur le march\u00e9 des transferts. D&rsquo;apr\u00e8s les informations de la <a href=\"https:\/\/www.bbc.co.uk\/sport\" target=\"_blank\" rel=\"noopener\">BBC<\/a>, celui qui a termin\u00e9 leader de la phase de ligue de Ligue Europa Conf\u00e9rence aurait pour id\u00e9e de se faire pr\u00eater James McAtee, actuellement en difficult\u00e9 du c\u00f4t\u00e9 de Nottingham Forest.<\/p>\n<p>Le milieu de 23 ans, consid\u00e9r\u00e9 \u00e0 l&rsquo;\u00e9poque comme l&rsquo;un des plus gros cracks du centre de formation de Manchester City, a pourtant \u00e9t\u00e9 achet\u00e9 au prix d&rsquo;or par Forest cet \u00e9t\u00e9 (25 millions d&rsquo;euros) mais n&rsquo;a pour le moment pas r\u00e9ussi \u00e0 prendre ses marques puisqu&rsquo;il n&rsquo;a \u00e9t\u00e9 titularis\u00e9 qu&rsquo;\u00e0 une seule reprise en Premier League.<\/p>\n<p>Le deal pourrait \u00eatre facilit\u00e9 par la bonne relation entre les deux clubs depuis le transfert de Dilane Bakwa l&rsquo;\u00e9t\u00e9 dernier. Une chose est s\u00fbre, c&rsquo;est un nouveau joueur \u00e0 fort potentiel qui pourrait venir garnir les rangs de l&rsquo;effectif de Liam Rosenior durant la deuxi\u00e8me partie de saison. Ce qui ne sera pas de refus, le Racing \u00e9tant en perte de vitesse en Ligue 1 malgr\u00e9 son beau parcours en C4.<\/p>\n<p>\u00a0<\/p>\n<p>   Partagez cette info avec vos amis et vos proches en cliquant ici<br \/> Pour r\u00e9sumer<\/p>\n<p>Le FC Nantes poursuit sa mission maintien avec l&rsquo;arriv\u00e9e imminente d&rsquo;Ibrahima Sissoko, apr\u00e8s les recrutements de Machado et Cabella. Un accord de 2 millions d&rsquo;euros avec Bochum aurait \u00e9t\u00e9 trouv\u00e9. Sissoko, actuellement \u00e0 la CAN, rejoint les Canaris apr\u00e8s la comp\u00e9tition.<\/p>\n<p>R\u00e9dacteur<\/p>\n<p><img decoding=\"async\" width=\"76\" height=\"76\" loading=\"lazy\" src=\"https:\/\/www.europesays.com\/fr\/wp-content\/uploads\/2025\/04\/avatar-onze.webp.webp\" alt=\"Nathan Bricout\"\/><\/p>\n","protected":false},"excerpt":{"rendered":"Le FC Nantes ne perd pas de temps dans sa mission maintien. Apr\u00e8s avoir boucl\u00e9 les renforts de&hellip;\n","protected":false},"author":2,"featured_media":631494,"comment_status":"","ping_status":"","sticky":false,"template":"","format":"standard","meta":{"footnotes":""},"categories":[2820],"tags":[1111,11,1777,674,1011,27,775,66,12,25,640,10662],"class_list":{"0":"post-631493","1":"post","2":"type-post","3":"status-publish","4":"format-standard","5":"has-post-thumbnail","7":"category-strasbourg","8":"tag-actu","9":"tag-actualites","10":"tag-eu","11":"tag-europe","12":"tag-fr","13":"tag-france","14":"tag-grand-est","15":"tag-ligue-1","16":"tag-news","17":"tag-republique-francaise","18":"tag-strasbourg","19":"tag-transferts"},"share_on_mastodon":{"url":"https:\/\/pubeurope.com\/@fr\/115812752710572865","error":""},"_links":{"self":[{"href":"https:\/\/www.europesays.com\/fr\/wp-json\/wp\/v2\/posts\/631493","targetHints":{"allow":["GET"]}}],"collection":[{"href":"https:\/\/www.europesays.com\/fr\/wp-json\/wp\/v2\/posts"}],"about":[{"href":"https:\/\/www.europesays.com\/fr\/wp-json\/wp\/v2\/types\/post"}],"author":[{"embeddable":true,"href":"https:\/\/www.europesays.com\/fr\/wp-json\/wp\/v2\/users\/2"}],"replies":[{"embeddable":true,"href":"https:\/\/www.europesays.com\/fr\/wp-json\/wp\/v2\/comments?post=631493"}],"version-history":[{"count":0,"href":"https:\/\/www.europesays.com\/fr\/wp-json\/wp\/v2\/posts\/631493\/revisions"}],"wp:featuredmedia":[{"embeddable":true,"href":"https:\/\/www.europesays.com\/fr\/wp-json\/wp\/v2\/media\/631494"}],"wp:attachment":[{"href":"https:\/\/www.europesays.com\/fr\/wp-json\/wp\/v2\/media?parent=631493"}],"wp:term":[{"taxonomy":"category","embeddable":true,"href":"https:\/\/www.europesays.com\/fr\/wp-json\/wp\/v2\/categories?post=631493"},{"taxonomy":"post_tag","embeddable":true,"href":"https:\/\/www.europesays.com\/fr\/wp-json\/wp\/v2\/tags?post=631493"}],"curies":[{"name":"wp","href":"https:\/\/api.w.org\/{rel}","templated":true}]}}