{"id":631503,"date":"2025-12-31T06:31:22","date_gmt":"2025-12-31T06:31:22","guid":{"rendered":"https:\/\/www.europesays.com\/fr\/631503\/"},"modified":"2025-12-31T06:31:22","modified_gmt":"2025-12-31T06:31:22","slug":"bordeaux-trois-mises-en-examen-apres-une-fusillade-mortelle-liee-au-narcotrafic-2","status":"publish","type":"post","link":"https:\/\/www.europesays.com\/fr\/631503\/","title":{"rendered":"Bordeaux\u00a0: trois mises en examen apr\u00e8s une fusillade mortelle li\u00e9e au narcotrafic"},"content":{"rendered":"<p class=\"paragraph text_align_left lp-f-body-02\">Il est probable que l\u2019affaire soit li\u00e9e au narcotrafic. Trois jeunes hommes ont \u00e9t\u00e9 mis en examen pour tentative de meurtre \u00e0 <a href=\"https:\/\/www.leparisien.fr\/faits-divers\/insecurite-a-bordeaux-la-belle-endormie-sest-elle-reveillee-facon-chicago-15-04-2025-RNOQ2K4WGRA4JOBPDOHTK5U7OM.php\" target=\"_blank\" rel=\"noreferrer noopener\">Bordeaux<\/a>, apr\u00e8s<a href=\"https:\/\/www.leparisien.fr\/faits-divers\/bordeaux-un-jeune-homme-tue-par-balle-dans-une-fusillade-le-soir-de-noel-deux-suspects-interpelles-26-12-2025-V4BFFXZ4JRC6RE5NG7R3JKVNHQ.php\" target=\"_blank\" rel=\"noreferrer noopener\"> une fusillade le soir de No\u00ebl<\/a> dans laquelle un de leur complice pr\u00e9sum\u00e9 avait \u00e9t\u00e9 bless\u00e9 mortellement, a annonc\u00e9 ce mardi le parquet.<\/p>\n<p class=\"\">\u00c2g\u00e9s de 19, 20 et 24 ans et plac\u00e9s en d\u00e9tention provisoire, ils sont suspect\u00e9s de \u00ab tentative de meurtre en bande organis\u00e9e au pr\u00e9judice de personnes non identifi\u00e9es \u00e0 ce stade \u00bb, \u00ab association de malfaiteurs \u00bb et \u00ab d\u00e9tention d\u2019armes en bande organis\u00e9e \u00bb, a pr\u00e9cis\u00e9 devant la presse le procureur de la R\u00e9publique, Renaud Gaudeul. Deux d\u2019entre eux sont des fr\u00e8res originaires de <a href=\"https:\/\/www.leparisien.fr\/faits-divers\/guyane-voici-a-quoi-va-ressembler-la-prison-de-haute-securite-en-pleine-foret-amazonienne-19-05-2025-HNOIMGUEORHJPOEWZFEHIZRGNU.php\" target=\"_blank\" rel=\"noreferrer noopener\">Guyane <\/a>et l\u2019un des trois a d\u00e9j\u00e0 \u00e9t\u00e9 condamn\u00e9 pour des infractions sur les armes.<\/p>\n<p class=\"\">Condamn\u00e9e, pour sa part, \u00e0 plusieurs reprises pour des infractions \u00e0 la l\u00e9gislation sur les stup\u00e9fiants et sortie fin novembre de prison, la victime, \u00e2g\u00e9e de 19 ans et domicili\u00e9e \u00e0<a href=\"https:\/\/www.leparisien.fr\/yvelines-78\/trappes-78190\/\" target=\"_blank\" rel=\"noreferrer noopener\"> Trappes (Yvelines)<\/a>, avait rejoint ses comparses, arriv\u00e9s en train depuis Reims, dans un logement de l\u2019agglom\u00e9ration bordelaise.<\/p>\n<p>La victime touch\u00e9e \u00e0 la t\u00eate<\/p>\n<p class=\"\">Tous les quatre avaient \u00ab r\u00e9pondu \u00e0 un appel d\u2019un individu (recherch\u00e9 par la police) leur demandant de se rendre \u00e0 Bordeaux \u00bb, o\u00f9 il leur a fourni une voiture vol\u00e9e pour se d\u00e9placer, a pr\u00e9cis\u00e9 le magistrat. Le 25 d\u00e9cembre au soir, ils se sont rendus sur une place du quartier populaire des Aubiers, o\u00f9 des coups de feu ont alors \u00e9clat\u00e9.<\/p>\n<p class=\"lp-card-podcast-highlighting__title  lp-f-subtitle-05\">[2\/2] Vengeance et colis pi\u00e9g\u00e9\u00a0: le myst\u00e9rieux attentat de La\u00a0Baule<\/p>\n<p><a class=\"lp-card-podcast-highlighting__call-to-action\" data-page-type=\"HP\" data-block-name=\"podcast-highlight\">\u00c9couter<\/a><\/p>\n<p class=\"\">La victime qui portait un gilet pare-balles, des gants et une cagoule, a \u00e9t\u00e9 touch\u00e9e \u00e0 trois reprises \u00e0 la t\u00eate, au niveau de l\u2019abdomen et \u00e0 une cuisse. \u00ab Le ou les auteurs \u00bb de ces tirs mortels ne sont \u00ab pas encore identifi\u00e9s \u00bb, a soulign\u00e9 Renaud Gaudeul.<\/p>\n<p class=\"\">Un fusil automatique a \u00e9t\u00e9 retrouv\u00e9 \u00e0 proximit\u00e9 de la voiture abandonn\u00e9e dans leur fuite par les mis en cause, interpell\u00e9s le soir m\u00eame, tandis qu\u2019un fusil \u00e0 pompe et des munitions ont \u00e9t\u00e9 saisis dans un immeuble du quartier.<\/p>\n<p class=\"\">\u00ab La piste largement privil\u00e9gi\u00e9e est celle d\u2019un lien avec<a href=\"https:\/\/www.leparisien.fr\/faits-divers\/trafic-de-drogue-les-dealers-avaient-recrute-un-etudiant-en-compta-pour-jouer-les-banquiers-28-12-2025-BWUZMHK25NFU3MDEXW4MDIB4PY.php\" target=\"_blank\" rel=\"noreferrer noopener\"> le trafic de produits stup\u00e9fiants<\/a>, compte tenu du mode op\u00e9ratoire \u00bb et du lieu des faits, \u00ab connu comme \u00e9tant un point de deal qu\u2019il est particuli\u00e8rement difficile d\u2019\u00e9radiquer \u00bb, a point\u00e9 le procureur, ajoutant que l\u2019implication de personnes venues d\u2019autres r\u00e9gions \u00e9tant un ph\u00e9nom\u00e8ne r\u00e9cemment observ\u00e9 \u00e0 Bordeaux.<\/p>\n","protected":false},"excerpt":{"rendered":"Il est probable que l\u2019affaire soit li\u00e9e au narcotrafic. Trois jeunes hommes ont \u00e9t\u00e9 mis en examen pour&hellip;\n","protected":false},"author":2,"featured_media":511839,"comment_status":"","ping_status":"","sticky":false,"template":"","format":"standard","meta":{"footnotes":""},"categories":[2817],"tags":[1111,11,1997,459,1777,674,118,1011,27,12,2219,25],"class_list":{"0":"post-631503","1":"post","2":"type-post","3":"status-publish","4":"format-standard","5":"has-post-thumbnail","7":"category-bordeaux","8":"tag-actu","9":"tag-actualites","10":"tag-bordeaux","11":"tag-departements-horsidfo","12":"tag-eu","13":"tag-europe","14":"tag-faits-divers","15":"tag-fr","16":"tag-france","17":"tag-news","18":"tag-nouvelle-aquitaine","19":"tag-republique-francaise"},"share_on_mastodon":{"url":"https:\/\/pubeurope.com\/@fr\/115812780209859632","error":""},"_links":{"self":[{"href":"https:\/\/www.europesays.com\/fr\/wp-json\/wp\/v2\/posts\/631503","targetHints":{"allow":["GET"]}}],"collection":[{"href":"https:\/\/www.europesays.com\/fr\/wp-json\/wp\/v2\/posts"}],"about":[{"href":"https:\/\/www.europesays.com\/fr\/wp-json\/wp\/v2\/types\/post"}],"author":[{"embeddable":true,"href":"https:\/\/www.europesays.com\/fr\/wp-json\/wp\/v2\/users\/2"}],"replies":[{"embeddable":true,"href":"https:\/\/www.europesays.com\/fr\/wp-json\/wp\/v2\/comments?post=631503"}],"version-history":[{"count":0,"href":"https:\/\/www.europesays.com\/fr\/wp-json\/wp\/v2\/posts\/631503\/revisions"}],"wp:featuredmedia":[{"embeddable":true,"href":"https:\/\/www.europesays.com\/fr\/wp-json\/wp\/v2\/media\/511839"}],"wp:attachment":[{"href":"https:\/\/www.europesays.com\/fr\/wp-json\/wp\/v2\/media?parent=631503"}],"wp:term":[{"taxonomy":"category","embeddable":true,"href":"https:\/\/www.europesays.com\/fr\/wp-json\/wp\/v2\/categories?post=631503"},{"taxonomy":"post_tag","embeddable":true,"href":"https:\/\/www.europesays.com\/fr\/wp-json\/wp\/v2\/tags?post=631503"}],"curies":[{"name":"wp","href":"https:\/\/api.w.org\/{rel}","templated":true}]}}