{"id":631510,"date":"2025-12-31T06:35:42","date_gmt":"2025-12-31T06:35:42","guid":{"rendered":"https:\/\/www.europesays.com\/fr\/631510\/"},"modified":"2025-12-31T06:35:42","modified_gmt":"2025-12-31T06:35:42","slug":"la-greve-des-eboueurs-affecte-500-000-personnes-dans-la-metropole-lilloise","status":"publish","type":"post","link":"https:\/\/www.europesays.com\/fr\/631510\/","title":{"rendered":"la gr\u00e8ve des \u00e9boueurs affecte 500.000 personnes dans la m\u00e9tropole lilloise"},"content":{"rendered":"<p>\n    Depuis le 22 d\u00e9cembre, un conflit social oppose le prestataire charg\u00e9 de la collecte des d\u00e9chets \u00e0 une partie de ses salari\u00e9s, mobilis\u00e9s pour de meilleures r\u00e9mun\u00e9rations. La m\u00e9tropole europ\u00e9enne de Lille appelle \u00e0 une reprise rapide du service, tandis que les n\u00e9gociations restent au point mort.<\/p>\n<p class=\"fig-paragraph\">La collecte des d\u00e9chets est perturb\u00e9e dans une large partie de la m\u00e9tropole lilloise par un bras de fer entre le prestataire charg\u00e9 de cette t\u00e2che et ses employ\u00e9s en\u00a0<a href=\"http:\/\/www.lefigaro.fr\/societes\/vers-un-1er-janvier-avec-zero-decollage-une-menace-de-greve-plane-chez-easyjet-le-jour-du-nouvel-an-20251229\" data-fig-type=\"NewsFlash\" data-gtm-custom-categorie=\"navigation\" data-gtm-custom-action=\"crossclick\" data-gtm-custom-label=\"Contextuel\" data-gtm-event=\"customEventSPE\" data-fig-domain=\"LEFIGARO\" target=\"_blank\" rel=\"noopener\">gr\u00e8ve\u00a0<\/a>depuis une semaine pour r\u00e9clamer de meilleures r\u00e9mun\u00e9rations. Depuis le 22 d\u00e9cembre, la majorit\u00e9 des employ\u00e9s de l&rsquo;entreprise en charge de la collecte des d\u00e9chets dans 52 des 95 communes de la m\u00e9tropole europ\u00e9enne de\u00a0<a href=\"https:\/\/www.lefigaro.fr\/tag\/lille\" target=\"_blank\" rel=\"sponsored noopener\" data-gtm-custom-categorie=\"navigation\" data-gtm-custom-action=\"crossclick\" data-gtm-custom-label=\"Contextuel\" data-gtm-event=\"customEventSPE\">Lille<\/a>\u00a0(MEL) sont en gr\u00e8ve illimit\u00e9e, faute d&rsquo;un accord avec la direction sur le montant d&rsquo;une prime de p\u00e9nibilit\u00e9.<\/p>\n<p class=\"fig-paragraph\">En cons\u00e9quence, les d\u00e9chets de pr\u00e8s de 500.000 personnes n&rsquo;ont pas pu \u00eatre ramass\u00e9s en pleine p\u00e9riode de f\u00eates et des poubelles s&rsquo;amoncellent dans certaines rues, selon la MEL. \u00abDepuis le d\u00e9but du conflit, seulement 20% des tourn\u00e9es ont \u00e9t\u00e9 assur\u00e9es\u00bb a d\u00e9plor\u00e9 la MEL dans un communiqu\u00e9 rendu public lundi soir, appelant \u00e0 une reprise du service \u00abdans les meilleurs d\u00e9lais\u00bb. La collectivit\u00e9 invite les habitants qui le peuvent \u00e0 garder les emballages volumineux ou \u00e0 d\u00e9poser des ordures en d\u00e9chetterie.<\/p>\n<p>                                            <a class=\"fig-a11y-skip\" href=\"#fig-a11y-skip-main-inarticle\" data-module=\"a11y-skip\" data-context=\"was @visible\"><br \/>\n    Passer la publicit\u00e9<br \/>\n<\/a>            <\/p>\n<p>                                            Une \u00abescalade inacceptable\u00bb<\/p>\n<p class=\"fig-paragraph\">Le 23 d\u00e9cembre, le taux de gr\u00e9vistes s&rsquo;\u00e9levait \u00e0 65%, d&rsquo;apr\u00e8s Deverra, l&rsquo;entreprise du groupe Pizzorno Environnement qui assure la collecte des d\u00e9chets d&rsquo;une large partie de la m\u00e9tropole. La CGT assure que 95% des salari\u00e9s \u00e9taient gr\u00e9vistes lundi, jour o\u00f9 les protestataires ont bloqu\u00e9 le d\u00e9p\u00f4t \u00e0 l&rsquo;aube. Deverra a d\u00e9nonc\u00e9 un \u00abblocage ill\u00e9gal\u00bb et une \u00abescalade inacceptable\u00bb.<\/p>\n<p class=\"fig-paragraph\">Selon la CGT, les gr\u00e9vistes d\u00e9plorent une d\u00e9t\u00e9rioration de leurs conditions de travail et r\u00e9clament une augmentation de salaire de 3% et une prime de 600 euros, alors que Deverra a consenti \u00e0 leur en accorder 100. Le dialogue social s&rsquo;est tendu et ils reprochent d\u00e9sormais \u00e0 leur employeur d&rsquo;avoir fait appel \u00e0 des salari\u00e9s venus d&rsquo;autres r\u00e9gions pour les remplacer. Une \u00aborganisation temporaire, mise en place uniquement pour limiter les perturbations pour les usagers\u00bb et qui est \u00abparfaitement l\u00e9gale\u00bb, assure Deverra dans un communiqu\u00e9.<\/p>\n","protected":false},"excerpt":{"rendered":"Depuis le 22 d\u00e9cembre, un conflit social oppose le prestataire charg\u00e9 de la collecte des d\u00e9chets \u00e0 une&hellip;\n","protected":false},"author":2,"featured_media":631511,"comment_status":"","ping_status":"","sticky":false,"template":"","format":"standard","meta":{"footnotes":""},"categories":[2815],"tags":[1111,11,3008,1777,674,1011,27,6151,811,1307,12,25],"class_list":{"0":"post-631510","1":"post","2":"type-post","3":"status-publish","4":"format-standard","5":"has-post-thumbnail","7":"category-lille","8":"tag-actu","9":"tag-actualites","10":"tag-dechets","11":"tag-eu","12":"tag-europe","13":"tag-fr","14":"tag-france","15":"tag-greve","16":"tag-hauts-de-france","17":"tag-lille","18":"tag-news","19":"tag-republique-francaise"},"share_on_mastodon":{"url":"https:\/\/pubeurope.com\/@fr\/115812795903242977","error":""},"_links":{"self":[{"href":"https:\/\/www.europesays.com\/fr\/wp-json\/wp\/v2\/posts\/631510","targetHints":{"allow":["GET"]}}],"collection":[{"href":"https:\/\/www.europesays.com\/fr\/wp-json\/wp\/v2\/posts"}],"about":[{"href":"https:\/\/www.europesays.com\/fr\/wp-json\/wp\/v2\/types\/post"}],"author":[{"embeddable":true,"href":"https:\/\/www.europesays.com\/fr\/wp-json\/wp\/v2\/users\/2"}],"replies":[{"embeddable":true,"href":"https:\/\/www.europesays.com\/fr\/wp-json\/wp\/v2\/comments?post=631510"}],"version-history":[{"count":0,"href":"https:\/\/www.europesays.com\/fr\/wp-json\/wp\/v2\/posts\/631510\/revisions"}],"wp:featuredmedia":[{"embeddable":true,"href":"https:\/\/www.europesays.com\/fr\/wp-json\/wp\/v2\/media\/631511"}],"wp:attachment":[{"href":"https:\/\/www.europesays.com\/fr\/wp-json\/wp\/v2\/media?parent=631510"}],"wp:term":[{"taxonomy":"category","embeddable":true,"href":"https:\/\/www.europesays.com\/fr\/wp-json\/wp\/v2\/categories?post=631510"},{"taxonomy":"post_tag","embeddable":true,"href":"https:\/\/www.europesays.com\/fr\/wp-json\/wp\/v2\/tags?post=631510"}],"curies":[{"name":"wp","href":"https:\/\/api.w.org\/{rel}","templated":true}]}}