{"id":631512,"date":"2025-12-31T06:36:24","date_gmt":"2025-12-31T06:36:24","guid":{"rendered":"https:\/\/www.europesays.com\/fr\/631512\/"},"modified":"2025-12-31T06:36:24","modified_gmt":"2025-12-31T06:36:24","slug":"un-hangar-de-larmee-transforme-en-decharge-sauvage","status":"publish","type":"post","link":"https:\/\/www.europesays.com\/fr\/631512\/","title":{"rendered":"un hangar de l\u2019arm\u00e9e transform\u00e9 en d\u00e9charge sauvage"},"content":{"rendered":"<p>Matelas, canap\u00e9s ou meubles\u00a0; fen\u00eatres, volets ou gravats\u00a0; frigos, cong\u00e9lateurs ou casseroles\u00a0; poussettes, couvertures ou jouets\u00a0; pneus, pare-chocs ou v\u00e9los. Dans ce grand hangar <a href=\"https:\/\/www.laprovence.com\/article\/societe\/92968711432755\/quartiers-de-marseille-la-capelette-par-celles-et-ceux-qui-la-font-vivre\" target=\"_blank\" rel=\"noopener\">de la Capelette<\/a>, dans le 10e arrondissement, \u00e0 quelques encablures du stade V\u00e9lodrome, on trouve toutes sortes de d\u00e9chets, dans des proportions ahurissantes, formant des monticules de plusieurs m\u00e8tres de haut. Pourtant, ce b\u00e2timent, grand comme deux terrains de foot (environ 200 m\u00e8tres de long par 50 de large), dont l\u2019acc\u00e8s est th\u00e9oriquement ferm\u00e9 par un mur surplomb\u00e9 de barbel\u00e9s et un portail, appartient \u00e0 l\u2019arm\u00e9e. Le panneau \u00ab\u00a0Terrain militaire, d\u00e9fense d\u2019entrer\u00a0\u00bb le rappelle.<\/p>\n<p>\u00ab\u00a0Le site appartient bien au minist\u00e8re des Arm\u00e9es et des Anciens combattants. Il n\u2019\u00e9tait plus utilis\u00e9 depuis le d\u00e9but des ann\u00e9es\u00a02010 et s\u2019est retrouv\u00e9 occup\u00e9 de mani\u00e8re ill\u00e9gale. Une plainte a alors \u00e9t\u00e9 d\u00e9pos\u00e9e par notre minist\u00e8re et une expulsion ordonn\u00e9e par la justice d\u00e9but\u00a02018, expulsion suspendue par la pr\u00e9fecture et <a href=\"https:\/\/www.laprovence.com\/article\/region\/3006887867006714\/marseille-le-campement-de-la-capelette-evacue-par-la-police-80-familles-a-la-recherche-dun-logement-digne\" target=\"_blank\" rel=\"noopener\">finalement r\u00e9alis\u00e9e fin ao\u00fbt\u00a02025<\/a>\u00ab\u00a0, expliquent les services du Gouverneur militaire de Marseille.<\/p>\n<p>En\u00a02017, un camp de gens du voyage s\u2019\u00e9tait, en effet, install\u00e9 sur ce terrain du boulevard des Aci\u00e9ries, l\u2019ancienn&#8230;<\/p>\n","protected":false},"excerpt":{"rendered":"Matelas, canap\u00e9s ou meubles\u00a0; fen\u00eatres, volets ou gravats\u00a0; frigos, cong\u00e9lateurs ou casseroles\u00a0; poussettes, couvertures ou jouets\u00a0; pneus, pare-chocs&hellip;\n","protected":false},"author":2,"featured_media":631513,"comment_status":"","ping_status":"","sticky":false,"template":"","format":"standard","meta":{"footnotes":""},"categories":[2814],"tags":[17,1111,11,21731,1777,674,1011,27,25443,48852,22350,9757,884,12,6110,882,16,25],"class_list":{"0":"post-631512","1":"post","2":"type-post","3":"status-publish","4":"format-standard","5":"has-post-thumbnail","7":"category-marseille","8":"tag-17","9":"tag-actu","10":"tag-actualites","11":"tag-amiante","12":"tag-eu","13":"tag-europe","14":"tag-fr","15":"tag-france","16":"tag-frigos","17":"tag-gravats","18":"tag-hangar","19":"tag-larmee","20":"tag-marseille","21":"tag-news","22":"tag-pneus","23":"tag-provence-alpes-cote-dazur","24":"tag-region","25":"tag-republique-francaise"},"share_on_mastodon":{"url":"https:\/\/pubeurope.com\/@fr\/115812799824579365","error":""},"_links":{"self":[{"href":"https:\/\/www.europesays.com\/fr\/wp-json\/wp\/v2\/posts\/631512","targetHints":{"allow":["GET"]}}],"collection":[{"href":"https:\/\/www.europesays.com\/fr\/wp-json\/wp\/v2\/posts"}],"about":[{"href":"https:\/\/www.europesays.com\/fr\/wp-json\/wp\/v2\/types\/post"}],"author":[{"embeddable":true,"href":"https:\/\/www.europesays.com\/fr\/wp-json\/wp\/v2\/users\/2"}],"replies":[{"embeddable":true,"href":"https:\/\/www.europesays.com\/fr\/wp-json\/wp\/v2\/comments?post=631512"}],"version-history":[{"count":0,"href":"https:\/\/www.europesays.com\/fr\/wp-json\/wp\/v2\/posts\/631512\/revisions"}],"wp:featuredmedia":[{"embeddable":true,"href":"https:\/\/www.europesays.com\/fr\/wp-json\/wp\/v2\/media\/631513"}],"wp:attachment":[{"href":"https:\/\/www.europesays.com\/fr\/wp-json\/wp\/v2\/media?parent=631512"}],"wp:term":[{"taxonomy":"category","embeddable":true,"href":"https:\/\/www.europesays.com\/fr\/wp-json\/wp\/v2\/categories?post=631512"},{"taxonomy":"post_tag","embeddable":true,"href":"https:\/\/www.europesays.com\/fr\/wp-json\/wp\/v2\/tags?post=631512"}],"curies":[{"name":"wp","href":"https:\/\/api.w.org\/{rel}","templated":true}]}}