{"id":631516,"date":"2025-12-31T06:38:09","date_gmt":"2025-12-31T06:38:09","guid":{"rendered":"https:\/\/www.europesays.com\/fr\/631516\/"},"modified":"2025-12-31T06:38:09","modified_gmt":"2025-12-31T06:38:09","slug":"les-metros-tcl-vont-circuler-toute-la-nuit-a-lyon","status":"publish","type":"post","link":"https:\/\/www.europesays.com\/fr\/631516\/","title":{"rendered":"les m\u00e9tros TCL vont circuler toute la nuit \u00e0 Lyon"},"content":{"rendered":"<p itemprop=\"description\"><strong>Les TCL mettent en place un dispositif exceptionnel ce mercredi 31 d\u00e9cembre, afin d\u2019accompagner les d\u00e9placements des Lyonnais et des visiteurs durant la nuit de la Saint-Sylvestre.<\/strong><\/p>\n<p>Cette nuit, les quatre lignes de m\u00e9tro A, B, C et D circuleront sans interruption. Les funiculaires F1 et F2 seront \u00e9galement en service jusqu\u2019\u00e0 5 heures du matin, avec de courtes interruptions pr\u00e9vues pour la maintenance quotidienne entre 4h et 6h, selon les lignes.<\/p>\n<p>Les lignes nocturnes Pleine Lune compl\u00e9teront l\u2019offre de transport, avec des passages toutes les 35 minutes entre 0h45 et 5h, tandis que les autres lignes du r\u00e9seau fonctionneront selon leurs horaires habituels.<\/p>\n<p>Un renforcement des \u00e9quipes de s\u00fbret\u00e9 est pr\u00e9vu sur l\u2019ensemble du r\u00e9seau TCL, notamment dans les principaux p\u00f4les d\u2019\u00e9changes, afin d\u2019assurer la s\u00e9curit\u00e9 des voyageurs tout au long de la nuit.<\/p>\n<p>Plusieurs Parcs Relais resteront ouverts toute la nuit pour faciliter l\u2019acc\u00e8s au r\u00e9seau, parmi lesquels Vaulx-en-Velin La Soie, Mermoz-Pinel, Vaise 1 et Saint-Genis-Laval \u2013 H\u00f4pital Lyon Sud.<\/p>\n","protected":false},"excerpt":{"rendered":"Les TCL mettent en place un dispositif exceptionnel ce mercredi 31 d\u00e9cembre, afin d\u2019accompagner les d\u00e9placements des Lyonnais&hellip;\n","protected":false},"author":2,"featured_media":631517,"comment_status":"","ping_status":"","sticky":false,"template":"","format":"standard","meta":{"footnotes":""},"categories":[1889],"tags":[1111,11,2813,2190,2430,1109,251,1112,2811,1777,674,118,1011,27,1922,1110,1114,2428,2810,12,241,316,25,2812,517,800],"class_list":{"0":"post-631516","1":"post","2":"type-post","3":"status-publish","4":"format-standard","5":"has-post-thumbnail","7":"category-lyon","8":"tag-actu","9":"tag-actualites","10":"tag-article","11":"tag-asvel","12":"tag-auvergne-rhone-alpes","13":"tag-breves","14":"tag-culture","15":"tag-depeches","16":"tag-economique","17":"tag-eu","18":"tag-europe","19":"tag-faits-divers","20":"tag-fr","21":"tag-france","22":"tag-info","23":"tag-informations","24":"tag-infos","25":"tag-lyon","26":"tag-lyonmag","27":"tag-news","28":"tag-ol","29":"tag-politique","30":"tag-republique-francaise","31":"tag-sociale","32":"tag-sport","33":"tag-transports"},"share_on_mastodon":{"url":"https:\/\/pubeurope.com\/@fr\/115812807710427577","error":""},"_links":{"self":[{"href":"https:\/\/www.europesays.com\/fr\/wp-json\/wp\/v2\/posts\/631516","targetHints":{"allow":["GET"]}}],"collection":[{"href":"https:\/\/www.europesays.com\/fr\/wp-json\/wp\/v2\/posts"}],"about":[{"href":"https:\/\/www.europesays.com\/fr\/wp-json\/wp\/v2\/types\/post"}],"author":[{"embeddable":true,"href":"https:\/\/www.europesays.com\/fr\/wp-json\/wp\/v2\/users\/2"}],"replies":[{"embeddable":true,"href":"https:\/\/www.europesays.com\/fr\/wp-json\/wp\/v2\/comments?post=631516"}],"version-history":[{"count":0,"href":"https:\/\/www.europesays.com\/fr\/wp-json\/wp\/v2\/posts\/631516\/revisions"}],"wp:featuredmedia":[{"embeddable":true,"href":"https:\/\/www.europesays.com\/fr\/wp-json\/wp\/v2\/media\/631517"}],"wp:attachment":[{"href":"https:\/\/www.europesays.com\/fr\/wp-json\/wp\/v2\/media?parent=631516"}],"wp:term":[{"taxonomy":"category","embeddable":true,"href":"https:\/\/www.europesays.com\/fr\/wp-json\/wp\/v2\/categories?post=631516"},{"taxonomy":"post_tag","embeddable":true,"href":"https:\/\/www.europesays.com\/fr\/wp-json\/wp\/v2\/tags?post=631516"}],"curies":[{"name":"wp","href":"https:\/\/api.w.org\/{rel}","templated":true}]}}