{"id":631522,"date":"2025-12-31T06:42:19","date_gmt":"2025-12-31T06:42:19","guid":{"rendered":"https:\/\/www.europesays.com\/fr\/631522\/"},"modified":"2025-12-31T06:42:19","modified_gmt":"2025-12-31T06:42:19","slug":"nimes-le-corps-du-psychologue-retrouve-dans-son-jardin-son-fils-mis-en-examen","status":"publish","type":"post","link":"https:\/\/www.europesays.com\/fr\/631522\/","title":{"rendered":"N\u00eemes\u00a0: le corps du psychologue retrouv\u00e9 dans son jardin, son fils mis en examen"},"content":{"rendered":"<p class=\"paragraph text_align_left lp-f-body-02\"><a href=\"https:\/\/www.leparisien.fr\/faits-divers\/nimes-une-semaine-apres-la-disparition-du-psychologue-salah-bouabdallah-son-fils-a-avoue-lavoir-tue-28-12-2025-U6NXLJGQCJDLBOAVWN3G2EVIYE.php\" target=\"_blank\" rel=\"noreferrer noopener\">Apr\u00e8s son aveu, le fils du psychologue n\u00eemois<\/a> Salah Bouabdallah a \u00e9t\u00e9 plac\u00e9 en d\u00e9tention provisoire et mis en examen, a annonc\u00e9 le parquet de N\u00eemes (<a href=\"https:\/\/www.leparisien.fr\/gard-30\/\" target=\"_blank\" rel=\"noreferrer noopener\">Gard<\/a>) ce mardi.<\/p>\n<p class=\"\">Dimanche, le fils du psychologue, alors signal\u00e9 disparu depuis quelques jours, s\u2019est pr\u00e9sent\u00e9 au commissariat de N\u00eemes o\u00f9 \u00ab il aurait confi\u00e9 \u00eatre l\u2019auteur du meurtre de ce dernier et avoir dissimul\u00e9 la d\u00e9pouille de la victime \u00bb, avait indiqu\u00e9 la procureure dans un communiqu\u00e9.<\/p>\n<p class=\"\">L\u2019homme de 27 ans, qui \u00e9tait jusque-l\u00e0 inconnu des services de police, a d\u00e9clar\u00e9 que son p\u00e8re \u00e9tait d\u00e9c\u00e9d\u00e9 \u00ab \u00e0 la suite de coups port\u00e9s lors d\u2019un diff\u00e9rend familial entre eux le 21 d\u00e9cembre 2025 \u00bb, avait ajout\u00e9 cette m\u00eame source lundi dans un second communiqu\u00e9.<\/p>\n<p>Le corps retrouv\u00e9 dans le jardin<\/p>\n<p class=\"\">Samedi, les proches du psychologue avaient organis\u00e9 un rassemblement pour le retrouver. \u00ab On a besoin de vous. On a besoin de votre aide. Sa disparition est tr\u00e8s inqui\u00e9tante. On n\u2019a pas de nouvelle. Ses voitures sont devant la maison \u00bb, avait d\u00e9clar\u00e9 la fille de Salah Bouabdallah, au bord des larmes.<\/p>\n<p class=\"lp-card-podcast-highlighting__title  lp-f-subtitle-05\">[2\/2] Vengeance et colis pi\u00e9g\u00e9\u00a0: le myst\u00e9rieux attentat de La\u00a0Baule<\/p>\n<p><a class=\"lp-card-podcast-highlighting__call-to-action\" data-page-type=\"HP\" data-block-name=\"podcast-highlight\">\u00c9couter<\/a><\/p>\n<p class=\"\">Le corps de la victime, \u00ab d\u00e9c\u00e9d\u00e9e des suites de violences \u00bb selon l\u2019autopsie r\u00e9alis\u00e9e lundi, a \u00e9t\u00e9 d\u00e9couvert \u00ab sur indications du fils, <a href=\"https:\/\/www.leparisien.fr\/gard-30\/nimes-le-corps-du-psychologue-salah-bouabdallah-retrouve-une-semaine-apres-sa-disparition-son-fils-a-avoue-lavoir-tue-29-12-2025-Y2IHZHR4HRH7JCV2IQRGMDCKQA.php\" target=\"_blank\" rel=\"noreferrer noopener\">enterr\u00e9 dans la partie arri\u00e8re du jardin<\/a>, v\u00eatu et \u00e0 m\u00eame le sol \u00bb.<\/p>\n<p class=\"\">La victime \u00e9tait un fich\u00e9 S. Il devait \u00eatre jug\u00e9 en janvier pour apologie du terrorisme. Son \u00e9cole coranique avait \u00e9t\u00e9 ferm\u00e9e en 2023 par les autorit\u00e9s, selon nos informations.<\/p>\n","protected":false},"excerpt":{"rendered":"Apr\u00e8s son aveu, le fils du psychologue n\u00eemois Salah Bouabdallah a \u00e9t\u00e9 plac\u00e9 en d\u00e9tention provisoire et mis&hellip;\n","protected":false},"author":2,"featured_media":631523,"comment_status":"","ping_status":"","sticky":false,"template":"","format":"standard","meta":{"footnotes":""},"categories":[1888],"tags":[1111,1928,11,1927,459,1777,674,118,1011,27,12,1926,626,1925,25],"class_list":{"0":"post-631522","1":"post","2":"type-post","3":"status-publish","4":"format-standard","5":"has-post-thumbnail","7":"category-paris","8":"tag-actu","9":"tag-actu-paris","10":"tag-actualites","11":"tag-actualites-paris","12":"tag-departements-horsidfo","13":"tag-eu","14":"tag-europe","15":"tag-faits-divers","16":"tag-fr","17":"tag-france","18":"tag-news","19":"tag-news-paris","20":"tag-paris","21":"tag-paris-news","22":"tag-republique-francaise"},"share_on_mastodon":{"url":"https:\/\/pubeurope.com\/@fr\/115812823494084226","error":""},"_links":{"self":[{"href":"https:\/\/www.europesays.com\/fr\/wp-json\/wp\/v2\/posts\/631522","targetHints":{"allow":["GET"]}}],"collection":[{"href":"https:\/\/www.europesays.com\/fr\/wp-json\/wp\/v2\/posts"}],"about":[{"href":"https:\/\/www.europesays.com\/fr\/wp-json\/wp\/v2\/types\/post"}],"author":[{"embeddable":true,"href":"https:\/\/www.europesays.com\/fr\/wp-json\/wp\/v2\/users\/2"}],"replies":[{"embeddable":true,"href":"https:\/\/www.europesays.com\/fr\/wp-json\/wp\/v2\/comments?post=631522"}],"version-history":[{"count":0,"href":"https:\/\/www.europesays.com\/fr\/wp-json\/wp\/v2\/posts\/631522\/revisions"}],"wp:featuredmedia":[{"embeddable":true,"href":"https:\/\/www.europesays.com\/fr\/wp-json\/wp\/v2\/media\/631523"}],"wp:attachment":[{"href":"https:\/\/www.europesays.com\/fr\/wp-json\/wp\/v2\/media?parent=631522"}],"wp:term":[{"taxonomy":"category","embeddable":true,"href":"https:\/\/www.europesays.com\/fr\/wp-json\/wp\/v2\/categories?post=631522"},{"taxonomy":"post_tag","embeddable":true,"href":"https:\/\/www.europesays.com\/fr\/wp-json\/wp\/v2\/tags?post=631522"}],"curies":[{"name":"wp","href":"https:\/\/api.w.org\/{rel}","templated":true}]}}