{"id":631532,"date":"2025-12-31T06:47:11","date_gmt":"2025-12-31T06:47:11","guid":{"rendered":"https:\/\/www.europesays.com\/fr\/631532\/"},"modified":"2025-12-31T06:47:11","modified_gmt":"2025-12-31T06:47:11","slug":"paris-dement-toute-attaque-contre-une-residence-de-poutine-par-kiev","status":"publish","type":"post","link":"https:\/\/www.europesays.com\/fr\/631532\/","title":{"rendered":"Paris d\u00e9ment toute attaque contre une r\u00e9sidence de Poutine par Kiev"},"content":{"rendered":"\n<p>Paris est formel. Selon l\u2019entourage pr\u00e9sidentiel d\u2019Emmanuel Macron, les assertions du Kremlin, qui accuse Kiev d\u2019avoir attaqu\u00e9 une r\u00e9sidence de Vladimir Poutine sur les bords du lac \u200dValda\u00ef, dans l\u2019oblast de Novgorod, ne reposeraient sur \u201caucune preuve solide\u201d, <a class=\"ithalc\" data-ithal=\"lien_externe\" data-ithalc=\"[nav_article]\" target=\"_blank\" href=\"https:\/\/www.theguardian.com\/world\/live\/2025\/dec\/30\/ukraine-russia-war-zelenskyy-putin-us-trump-eu-latest-updates?CMP=share_btn_url&amp;page=with%3Ablock-695416598f087b8b68f5eae4#block-695416598f087b8b68f5eae4\" rel=\"noopener\">rapporte le <strong>Guardian<\/strong><\/a>.<\/p>\n<p>Cette source \u00e9lys\u00e9enne, qui vient appuyer les d\u00e9n\u00e9gations du pr\u00e9sident ukrainien Volodymyr Zelensky, a pr\u00e9cis\u00e9 mardi 30\u00a0d\u00e9cembre que la France a proc\u00e9d\u00e9 \u00e0 des \u201crecoupements d\u2019informations avec ses partenaires\u201d avant de parvenir \u00e0 cette conclusion. L\u2019entourage du pr\u00e9sident fran\u00e7ais voit dans les accusations russes \u201cun acte de d\u00e9fi contre l\u2019agenda de paix\u201d du pr\u00e9sident am\u00e9ricain Donald Trump.<\/p>\n<p>Le pr\u00e9sident ukrainien Volodymyr Zelensky a de son c\u00f4t\u00e9 r\u00e9p\u00e9t\u00e9 mardi que les all\u00e9gations de Moscou \u00e9taient \u201cfausses\u201d. \u201cBien s\u00fbr, nos partenaires peuvent v\u00e9rifier que c\u2019est faux gr\u00e2ce \u00e0 leurs capacit\u00e9s techniques\u201d, a-t-il ajout\u00e9 lors d\u2019une conf\u00e9rence de presse en ligne. Il a \u00e9galement annonc\u00e9 qu\u2019une r\u00e9union avec les dirigeants des pays alli\u00e9s de Kiev \u00e9tait pr\u00e9vue le 6\u00a0janvier en France, apr\u00e8s une rencontre le 3\u00a0janvier en Ukraine avec des conseillers \u00e0 la s\u00e9curit\u00e9 d\u2019\u00c9tats soutenant Kiev.<\/p>\n<p>                             \u201cUn coup de th\u00e9\u00e2tre parfaitement orchestr\u00e9\u201d       <\/p>\n<p>Alors que les Ukrainiens et les Am\u00e9ricains ont fait \u00e9tat le week-end dernier de nouveaux progr\u00e8s dans les n\u00e9gociations lors de leur sommet \u00e0 Mar-a-Lago, le \u201cr\u00e9cit\u201d de Moscou vise \u00e0 \u201cperturber les pourparlers de paix\u201d, <a class=\"ithalc\" data-ithal=\"lien_externe\" data-ithalc=\"[nav_article]\" target=\"_blank\" href=\"https:\/\/www.nbcnews.com\/world\/ukraine\/russia-putin-drone-attack-ukraine-kremlin-trump-zelenskyy-florida-rcna251472\" rel=\"noopener\">souligne <strong>NBC News<\/strong><\/a>. \u201cLe timing\u201d des accusations russes \u201cn\u2019a pas \u00e9chapp\u00e9 aux observateurs ukrainiens et europ\u00e9ens\u201d.<\/p>\n<p>C\u2019est un \u201ccoup de th\u00e9\u00e2tre parfaitement orchestr\u00e9\u201d par Moscou, a d\u00e9clar\u00e9 \u00e0 la cha\u00eene am\u00e9ricaine l\u2019expert Matthew Ford, professeur associ\u00e9 en \u00e9tudes de guerre \u00e0 l\u2019Universit\u00e9 de d\u00e9fense su\u00e9doise de Stockholm. Poutine cherche \u00e0 se cr\u00e9er une \u201ccouverture\u201d vis-\u00e0-vis de l\u2019administration Trump \u201cafin de continuer \u00e0 tenter d\u2019imposer sa ligne dure\u202ftout en \u00e9vitant que les \u00c9tats\u2011Unis ne prennent le parti de l\u2019Ukraine\u201d.<\/p>\n<p>Au vu du calendrier des n\u00e9gociations, \u201cIl n\u2019y a aucun int\u00e9r\u00eat objectif de l\u2019Ukraine de faire \u00e7a alors qu\u2019il y a un int\u00e9r\u00eat objectif de la Russie \u00e0 r\u00e9pandre ce genre de propos\u201d, analyse Aude Merlin, professeure en sciences politiques \u00e0 l\u2019Universit\u00e9 Libre de Bruxelles (ULB), <a class=\"ithalc\" data-ithal=\"lien_externe\" data-ithalc=\"[nav_article]\" target=\"_blank\" href=\"https:\/\/www.lalibre.be\/international\/europe\/guerre-ukraine-russie\/2025\/12\/30\/la-residence-de-poutine-a-t-elle-vraiment-ete-ciblee-par-des-attaques-ukrainiennes-trois-elements-posent-question-3HE7XF6K7NBNTPPNKBDEQ5M374\/\" rel=\"noopener\">dans un entretien accord\u00e9 \u00e0 la<strong> Libre Belgique<\/strong><\/a>.<\/p>\n<p>               D\u00e9ploiement du syst\u00e8me de missiles Orechnik en Bi\u00e9lorussie       <\/p>\n<p>Moscou a \u201cintensifi\u00e9 encore un peu plus la pression\u201d sur ces pourparlers mardi en annon\u00e7ant que le syst\u00e8me de missiles Orechnik, capable de transporter l\u2019arme nucl\u00e9aire, \u00e9tait entr\u00e9 en service actif en Bi\u00e9lorussie, <a class=\"ithalc\" data-ithal=\"lien_externe\" data-ithalc=\"[nav_article]\" target=\"_blank\" href=\"https:\/\/www.independent.co.uk\/news\/world\/europe\/russia-oreshnik-missiles-putin-belarus-ukraine-peace-talks-b2892499.html\" rel=\"noopener\">rapporte <strong>The Independent<\/strong><\/a>.<\/p>\n<p>Le minist\u00e8re de la D\u00e9fense russe a diffus\u00e9 une vid\u00e9o montrant des v\u00e9hicules de combat faisant partie du syst\u00e8me de missiles balistiques mobiles \u00e0 moyenne port\u00e9e traversant une for\u00eat dans le cadre d\u2019un entra\u00eenement au combat. L\u2019arm\u00e9e russe affirme que ces armes sont capables de \u201cfrapper des cibles sur l\u2019ensemble du territoire europ\u00e9en\u201d.<\/p>\n","protected":false},"excerpt":{"rendered":"Paris est formel. Selon l\u2019entourage pr\u00e9sidentiel d\u2019Emmanuel Macron, les assertions du Kremlin, qui accuse Kiev d\u2019avoir attaqu\u00e9 une&hellip;\n","protected":false},"author":2,"featured_media":631533,"comment_status":"","ping_status":"","sticky":false,"template":"","format":"standard","meta":{"footnotes":""},"categories":[1590],"tags":[11,1777,674,27,1892,131,12,4409,132,220],"class_list":{"0":"post-631532","1":"post","2":"type-post","3":"status-publish","4":"format-standard","5":"has-post-thumbnail","7":"category-ukraine","8":"tag-actualites","9":"tag-eu","10":"tag-europe","11":"tag-france","12":"tag-gu00e9opolitique","13":"tag-guerre-en-ukraine","14":"tag-news","15":"tag-ru00e9veil","16":"tag-russie","17":"tag-ukraine"},"share_on_mastodon":{"url":"https:\/\/pubeurope.com\/@fr\/115812843080607630","error":""},"_links":{"self":[{"href":"https:\/\/www.europesays.com\/fr\/wp-json\/wp\/v2\/posts\/631532","targetHints":{"allow":["GET"]}}],"collection":[{"href":"https:\/\/www.europesays.com\/fr\/wp-json\/wp\/v2\/posts"}],"about":[{"href":"https:\/\/www.europesays.com\/fr\/wp-json\/wp\/v2\/types\/post"}],"author":[{"embeddable":true,"href":"https:\/\/www.europesays.com\/fr\/wp-json\/wp\/v2\/users\/2"}],"replies":[{"embeddable":true,"href":"https:\/\/www.europesays.com\/fr\/wp-json\/wp\/v2\/comments?post=631532"}],"version-history":[{"count":0,"href":"https:\/\/www.europesays.com\/fr\/wp-json\/wp\/v2\/posts\/631532\/revisions"}],"wp:featuredmedia":[{"embeddable":true,"href":"https:\/\/www.europesays.com\/fr\/wp-json\/wp\/v2\/media\/631533"}],"wp:attachment":[{"href":"https:\/\/www.europesays.com\/fr\/wp-json\/wp\/v2\/media?parent=631532"}],"wp:term":[{"taxonomy":"category","embeddable":true,"href":"https:\/\/www.europesays.com\/fr\/wp-json\/wp\/v2\/categories?post=631532"},{"taxonomy":"post_tag","embeddable":true,"href":"https:\/\/www.europesays.com\/fr\/wp-json\/wp\/v2\/tags?post=631532"}],"curies":[{"name":"wp","href":"https:\/\/api.w.org\/{rel}","templated":true}]}}