{"id":631536,"date":"2025-12-31T06:49:12","date_gmt":"2025-12-31T06:49:12","guid":{"rendered":"https:\/\/www.europesays.com\/fr\/631536\/"},"modified":"2025-12-31T06:49:12","modified_gmt":"2025-12-31T06:49:12","slug":"indecent-normal-choquant-le-royaume-uni-divise-apres-la-revelation-du-salaire-de-william","status":"publish","type":"post","link":"https:\/\/www.europesays.com\/fr\/631536\/","title":{"rendered":"\u00ab Ind\u00e9cent \u00bb, \u00ab normal \u00bb, \u00ab choquant \u00bb : le Royaume-Uni divis\u00e9 apr\u00e8s la r\u00e9v\u00e9lation du salaire de William"},"content":{"rendered":"<p data-start=\"3090\" data-end=\"3202\">Au Royaume-Uni, la r\u00e9v\u00e9lation du salaire 2025 du <strong data-start=\"3253\" data-end=\"3271\">prince William<\/strong> a d\u00e9clench\u00e9 une v\u00e9ritable onde de choc. D\u00e8s la publication des chiffres, les r\u00e9actions se sont multipli\u00e9es, r\u00e9v\u00e9lant un pays profond\u00e9ment partag\u00e9 sur la place et le co\u00fbt de la monarchie.<\/p>\n<p data-start=\"3090\" data-end=\"3202\"><img decoding=\"async\" src=\"https:\/\/www.europesays.com\/fr\/wp-content\/uploads\/2025\/12\/prince-william-dormir-rue-londres-homeless.jpg\" alt=\"Ind\u00e9cent, normal, choquant\u00a0: le Royaume-Uni divis\u00e9 apr\u00e8s la r\u00e9v\u00e9lation du salaire de William\"\/><\/p>\n<p data-start=\"3090\" data-end=\"3202\">Sur les r\u00e9seaux sociaux, dans les m\u00e9dias et jusque dans les conversations du quotidien, le sujet est devenu incontournable.<\/p>\n<p data-start=\"3584\" data-end=\"4010\">Pour une partie de l\u2019opinion publique, le chiffre de <strong data-start=\"3637\" data-end=\"3662\">26,2 millions d\u2019euros<\/strong> est jug\u00e9 tout simplement ind\u00e9cent. Dans un contexte marqu\u00e9 par la hausse du co\u00fbt de la vie, les difficult\u00e9s d\u2019acc\u00e8s au logement et la pr\u00e9carit\u00e9 \u00e9nerg\u00e9tique, beaucoup d\u00e9noncent un d\u00e9calage devenu insupportable. Certains Britanniques estiment que la monarchie n\u2019a plus le droit de fonctionner selon des r\u00e8gles financi\u00e8res h\u00e9rit\u00e9es d\u2019un autre si\u00e8cle.<\/p>\n<p data-start=\"4012\" data-end=\"4374\">\u00c0 l\u2019inverse, les d\u00e9fenseurs de l\u2019institution royale montent au cr\u00e9neau. Ils rappellent que cet argent ne provient pas directement des imp\u00f4ts, mais des b\u00e9n\u00e9fices d\u2019un domaine priv\u00e9 ancien. Selon eux, le <strong data-start=\"4214\" data-end=\"4232\">prince William<\/strong> ne fait que jouer le r\u00f4le qui lui est assign\u00e9 par la tradition, tout en finan\u00e7ant de nombreuses actions caritatives et engagements officiels.<\/p>\n<p data-start=\"4376\" data-end=\"4699\">Entre ces deux camps, une majorit\u00e9 silencieuse exprime surtout un malaise. Beaucoup reconnaissent l\u2019utilit\u00e9 symbolique de la monarchie, mais s\u2019interrogent sur sa compatibilit\u00e9 avec les r\u00e9alit\u00e9s sociales de 2025. Le salaire de William devient alors un symbole, celui d\u2019un syst\u00e8me qui peine \u00e0 \u00e9voluer au rythme de la soci\u00e9t\u00e9.<\/p>\n<p data-start=\"4701\" data-end=\"5104\">Les tablo\u00efds britanniques se sont empar\u00e9s du sujet avec gourmandise, multipliant les unes provocantes et les comparaisons chiffr\u00e9es. Chaque apparition publique du prince est d\u00e9sormais analys\u00e9e \u00e0 travers ce prisme financier.<\/p>\n<p data-start=\"4701\" data-end=\"5104\">En 2025, le <strong data-start=\"4937\" data-end=\"4955\">prince William<\/strong>, pourtant l\u2019un des membres les plus populaires de la famille royale, cristallise malgr\u00e9 lui un d\u00e9bat national bien plus large que sa seule personne.<\/p>\n<p data-start=\"4701\" data-end=\"5104\"><strong>Lire aussi\u00a0:\u00a0<a href=\"https:\/\/sobusygirls.fr\/2025\/12\/29\/kate-middleton-cicatrice-video-buzz-reseaux-sociaux\/\" target=\"_blank\" title=\"kate-middleton-cicatrice-video-buzz-reseaux-sociaux\" rel=\"noopener\">Kate Middleton au c\u0153ur d\u2019une rumeur virale qui affole les r\u00e9seaux \u00e0 cause d&rsquo;une vilaine cicatrice au visage<\/a><\/strong><strong>\u00a0et\u00a0<a href=\"https:\/\/sobusygirls.fr\/2025\/10\/21\/kate-middleton-prince-william-forest-lodge-loyer-windsor\/\" target=\"_blank\" title=\"kate-middleton-prince-william-forest-lodge-loyer-windsor\" rel=\"noopener\">Kate Middleton et William s\u2019installent \u00e0 Forest Lodge\u00a0: voici le montant de leur nouveau loyer<\/a><\/strong><\/p>\n","protected":false},"excerpt":{"rendered":"Au Royaume-Uni, la r\u00e9v\u00e9lation du salaire 2025 du prince William a d\u00e9clench\u00e9 une v\u00e9ritable onde de choc. D\u00e8s&hellip;\n","protected":false},"author":2,"featured_media":631537,"comment_status":"","ping_status":"","sticky":false,"template":"","format":"standard","meta":{"footnotes":""},"categories":[1588],"tags":[11,1777,674,12,473,1853,1851,1850,1852],"class_list":{"0":"post-631536","1":"post","2":"type-post","3":"status-publish","4":"format-standard","5":"has-post-thumbnail","7":"category-royaume-uni","8":"tag-actualites","9":"tag-eu","10":"tag-europe","11":"tag-news","12":"tag-royaume-uni","13":"tag-royaume-uni-de-grande-bretagne-et-dirlande-du-nord","14":"tag-uk","15":"tag-united-kingdom","16":"tag-united-kingdom-of-great-britain-and-northern-ireland"},"share_on_mastodon":{"url":"https:\/\/pubeurope.com\/@fr\/115812851007420359","error":""},"_links":{"self":[{"href":"https:\/\/www.europesays.com\/fr\/wp-json\/wp\/v2\/posts\/631536","targetHints":{"allow":["GET"]}}],"collection":[{"href":"https:\/\/www.europesays.com\/fr\/wp-json\/wp\/v2\/posts"}],"about":[{"href":"https:\/\/www.europesays.com\/fr\/wp-json\/wp\/v2\/types\/post"}],"author":[{"embeddable":true,"href":"https:\/\/www.europesays.com\/fr\/wp-json\/wp\/v2\/users\/2"}],"replies":[{"embeddable":true,"href":"https:\/\/www.europesays.com\/fr\/wp-json\/wp\/v2\/comments?post=631536"}],"version-history":[{"count":0,"href":"https:\/\/www.europesays.com\/fr\/wp-json\/wp\/v2\/posts\/631536\/revisions"}],"wp:featuredmedia":[{"embeddable":true,"href":"https:\/\/www.europesays.com\/fr\/wp-json\/wp\/v2\/media\/631537"}],"wp:attachment":[{"href":"https:\/\/www.europesays.com\/fr\/wp-json\/wp\/v2\/media?parent=631536"}],"wp:term":[{"taxonomy":"category","embeddable":true,"href":"https:\/\/www.europesays.com\/fr\/wp-json\/wp\/v2\/categories?post=631536"},{"taxonomy":"post_tag","embeddable":true,"href":"https:\/\/www.europesays.com\/fr\/wp-json\/wp\/v2\/tags?post=631536"}],"curies":[{"name":"wp","href":"https:\/\/api.w.org\/{rel}","templated":true}]}}