{"id":631538,"date":"2025-12-31T06:50:15","date_gmt":"2025-12-31T06:50:15","guid":{"rendered":"https:\/\/www.europesays.com\/fr\/631538\/"},"modified":"2025-12-31T06:50:15","modified_gmt":"2025-12-31T06:50:15","slug":"retour-sur-une-nuit-qui-a-traumatise-lallemagne","status":"publish","type":"post","link":"https:\/\/www.europesays.com\/fr\/631538\/","title":{"rendered":"retour sur une nuit qui a traumatis\u00e9 l\u2019Allemagne"},"content":{"rendered":"\n<p class=\"article__paragraph article__paragraph--lf \">Nombre d\u2019entre elles ne veulent plus parler. Cela fait bient\u00f4t dix\u00a0ans que ces femmes ont \u00e9t\u00e9 agress\u00e9es sexuellement dans la nuit du 31\u00a0d\u00e9cembre\u00a02015\u00a0\u00e0 Cologne (Allemagne), sur la place de la gare et de la cath\u00e9drale. Un rapport de police, publi\u00e9 dans la foul\u00e9e, a r\u00e9sum\u00e9 les faits dans un grand tableau. \u00ab\u00a0B.\u00a0a tent\u00e9 d\u2019introduire son doigt dans le vagin, mais a \u00e9chou\u00e9 \u00e0 cause des collants\u00a0\u00bb, \u00ab\u00a0attouchements sur les fesses et l\u2019entrejambe\u00a0\u00bb, \u00ab\u00a0encercl\u00e9e par un groupe de quinze hommes, une personne lui pince l\u2019entrejambe\u00a0\u00bb, \u00ab\u00a0la victime a \u00e9t\u00e9 entour\u00e9e par un groupe de cinq voyous qui l\u2019ont encercl\u00e9e et ont essay\u00e9 de mettre la main sous sa jupe\u00a0\u00bb\u2026<\/p>\n<p class=\"article__paragraph article__paragraph--lf \">A l\u2019\u00e9poque pourtant, les femmes ont pris la parole dans la presse, \u00e0 la radio, \u00e0 la t\u00e9l\u00e9vision. Elles ont racont\u00e9 cette nuit o\u00f9 la police a perdu le contr\u00f4le des lieux. Ces centaines d\u2019hommes fortement alcoolis\u00e9s, d\u00e9sinhib\u00e9s et agressifs, dont il appara\u00eetrait plus tard qu\u2019ils \u00e9taient <a href=\"https:\/\/www.lemonde.fr\/europe\/article\/2016\/04\/05\/agressions-de-cologne-la-plupart-des-suspects-marocains-et-algeriens_4896509_3214.html\" target=\"_blank\" rel=\"noopener\">principalement des r\u00e9fugi\u00e9s ou des clandestins venus d\u2019Afrique du Nord et du Moyen-Orient<\/a>, ont profit\u00e9 de l\u2019anonymat de la foule et de l\u2019obscurit\u00e9 pour agresser les femmes qui se\u00a0trouvaient l\u00e0, souvent \u00e0 plusieurs. Un sentiment d\u2019abandon, aussi\u00a0: les victimes ont d\u00e9pos\u00e9 des plaintes, et puis rien, ou presque. Sur les 1\u00a0210 plaintes, dont la moiti\u00e9 pour agression sexuelle, une seule condamnation a \u00e9t\u00e9 prononc\u00e9e pour ce motif, selon le tribunal de grande instance. Rien, sinon un vif d\u00e9bat politique, qui leur a laiss\u00e9 l\u2019impression que l\u2019histoire leur avait \u00e9chapp\u00e9.<\/p>\n<p>                                       <img viewbox=\"0 0 664 443\"   width=\"664\" height=\"443\" alt=\"La surveillance de la \u00ab\u00a0Domplatte\u00a0\u00bb, place de la cath\u00e9drale \u00e0 Cologne, a \u00e9t\u00e9 renforc\u00e9e depuis les incidents de 2015. Le 9\u00a0d\u00e9cembre\u00a02025.\"\/>    La surveillance de la \u00ab\u00a0Domplatte\u00a0\u00bb, place de la cath\u00e9drale \u00e0 Cologne, a \u00e9t\u00e9 renforc\u00e9e depuis les incidents de 2015. Le 9\u00a0d\u00e9cembre\u00a02025.  NADJA WOHLLEBEN POUR \u00ab\u00a0LE MONDE\u00a0\u00bb                        <\/p>\n<p class=\"article__paragraph article__paragraph--lf \">\u00ab\u00a0Ces agressions sont rest\u00e9es profond\u00e9ment grav\u00e9es dans la m\u00e9moire collective comme un exemple de \u201cviolence migratoire\u201d, commente Andreas Zick, professeur \u00e0 l\u2019universit\u00e9 de Bochum, sp\u00e9cialiste des conflits et de la violence, qui a enqu\u00eat\u00e9 sur les \u00e9v\u00e9nements. Cologne est devenue le symbole de la propension des migrants \u00e0 la violence et a renforc\u00e9 ce pr\u00e9jug\u00e9, en particulier pour les jeunes hommes originaires du monde arabe et de l\u2019Afrique. Les partis et groupes d\u2019extr\u00eame droite aiment rappeler Cologne pour justifier leur concept de \u201cremigration\u201d, c\u2019est-\u00e0-dire l\u2019expulsion des migrants.\u00a0\u00bb<\/p>\n<p class=\"reading-mode-only \"><strong>Il vous reste 85.27% de cet article \u00e0 lire. La suite est r\u00e9serv\u00e9e aux abonn\u00e9s.<\/strong><\/p>\n","protected":false},"excerpt":{"rendered":"Nombre d\u2019entre elles ne veulent plus parler. Cela fait bient\u00f4t dix\u00a0ans que ces femmes ont \u00e9t\u00e9 agress\u00e9es sexuellement&hellip;\n","protected":false},"author":2,"featured_media":631539,"comment_status":"","ping_status":"","sticky":false,"template":"","format":"standard","meta":{"footnotes":""},"categories":[1587],"tags":[11,672,1804,1805,1803,1777,674,1801,12,1802],"class_list":{"0":"post-631538","1":"post","2":"type-post","3":"status-publish","4":"format-standard","5":"has-post-thumbnail","7":"category-allemagne","8":"tag-actualites","9":"tag-allemagne","10":"tag-bundesrepublik-deutschland","11":"tag-de","12":"tag-deutschland","13":"tag-eu","14":"tag-europe","15":"tag-germany","16":"tag-news","17":"tag-republique-federale-dallemagne"},"share_on_mastodon":{"url":"https:\/\/pubeurope.com\/@fr\/115812854918218035","error":""},"_links":{"self":[{"href":"https:\/\/www.europesays.com\/fr\/wp-json\/wp\/v2\/posts\/631538","targetHints":{"allow":["GET"]}}],"collection":[{"href":"https:\/\/www.europesays.com\/fr\/wp-json\/wp\/v2\/posts"}],"about":[{"href":"https:\/\/www.europesays.com\/fr\/wp-json\/wp\/v2\/types\/post"}],"author":[{"embeddable":true,"href":"https:\/\/www.europesays.com\/fr\/wp-json\/wp\/v2\/users\/2"}],"replies":[{"embeddable":true,"href":"https:\/\/www.europesays.com\/fr\/wp-json\/wp\/v2\/comments?post=631538"}],"version-history":[{"count":0,"href":"https:\/\/www.europesays.com\/fr\/wp-json\/wp\/v2\/posts\/631538\/revisions"}],"wp:featuredmedia":[{"embeddable":true,"href":"https:\/\/www.europesays.com\/fr\/wp-json\/wp\/v2\/media\/631539"}],"wp:attachment":[{"href":"https:\/\/www.europesays.com\/fr\/wp-json\/wp\/v2\/media?parent=631538"}],"wp:term":[{"taxonomy":"category","embeddable":true,"href":"https:\/\/www.europesays.com\/fr\/wp-json\/wp\/v2\/categories?post=631538"},{"taxonomy":"post_tag","embeddable":true,"href":"https:\/\/www.europesays.com\/fr\/wp-json\/wp\/v2\/tags?post=631538"}],"curies":[{"name":"wp","href":"https:\/\/api.w.org\/{rel}","templated":true}]}}