{"id":631552,"date":"2025-12-31T07:03:19","date_gmt":"2025-12-31T07:03:19","guid":{"rendered":"https:\/\/www.europesays.com\/fr\/631552\/"},"modified":"2025-12-31T07:03:19","modified_gmt":"2025-12-31T07:03:19","slug":"un-coureur-prolonge-chez-ef-education-easypost","status":"publish","type":"post","link":"https:\/\/www.europesays.com\/fr\/631552\/","title":{"rendered":"Un coureur prolonge chez EF Education-EasyPost"},"content":{"rendered":"<p><strong>Ce lundi, l&rsquo;\u00e9quipe cycliste<br \/>\nam\u00e9ricaine EF Education-EasyPost a officialis\u00e9 la prolongation du<br \/>\ncontrat d&rsquo;Archie Ryan (24 ans).<\/strong><\/p>\n<p>Archie Ryan joue la continuit\u00e9. Ce lundi, son \u00e9quipe am\u00e9ricaine<br \/>\nEF Education-EasyPost a officialis\u00e9 la prolongation de son contrat,<br \/>\nsans pour autant pr\u00e9ciser la dur\u00e9e de ce nouveau bail. Le jeune<br \/>\nIrlandais, aujourd\u2019hui \u00e2g\u00e9 de 24 ans, \u00e9tait arriv\u00e9 en 2024 en<br \/>\nprovenance de la formation n\u00e9erlandaise Visma-Lease a Bike<br \/>\nDevelopment. En 2024, le natif de Sydney a remport\u00e9 la quatri\u00e8me<br \/>\n\u00e9tape de la Semaine internationale Coppi et Bartali, ce qui lui<br \/>\navait permis de terminer \u00e0 la deuxi\u00e8me place du classement g\u00e9n\u00e9ral<br \/>\nde cette m\u00eame \u00e9preuve.<\/p>\n<p>Cette ann\u00e9e, le grimpeur a pris la deuxi\u00e8me place du classement<br \/>\ng\u00e9n\u00e9ral du Tour d\u2019Autriche. C\u2019est \u00e9galement en 2025 que l\u2019Irlandais<br \/>\na disput\u00e9 le tout premier Grand Tour de sa carri\u00e8re, le Tour<br \/>\nd\u2019Espagne qu\u2019il a finalement d\u00fb abandonner avant le d\u00e9part de la<br \/>\ntreizi\u00e8me \u00e9tape.<\/p>\n<p>Ryan : \u00ab\u00a0Je me sens<br \/>\nparfaitement chez moi\u00a0\u00bb<\/p>\n<p>Dans le m\u00eame communiqu\u00e9 ayant officialis\u00e9 sa prolongation,<br \/>\nArchie Ryan s\u2019est exprim\u00e9 : \u00ab EF Education-EasyPost a cru en moi<br \/>\nd\u00e8s le tout d\u00e9but. Lorsque je suis arriv\u00e9 dans l\u2019\u00e9quipe, j\u2019avais<br \/>\ntravers\u00e9 une longue p\u00e9riode de blessures, et l\u2019\u00e9quipe m\u2019a donn\u00e9<br \/>\nl\u2019opportunit\u00e9 de me relancer et de progresser. Depuis ce moment, je<br \/>\nme sens parfaitement chez moi. \u00bb Avant ensuite de poursuivre : \u00ab<br \/>\n(\u2026) la raison principale pour laquelle j\u2019ai d\u00e9cid\u00e9 de resigner avec<br \/>\nl\u2019\u00e9quipe, ce sont les personnes. On a vraiment l\u2019impression d\u2019avoir<br \/>\nun groupe tr\u00e8s sp\u00e9cial chez EF Education-EasyPost, du personnel<br \/>\njusqu\u2019aux coureurs. Je veux rester ici encore au moins quelques<br \/>\nann\u00e9es. \u00bb<\/p>\n<p>L\u2019Irlandais a \u00e9galement d\u00e9clar\u00e9 : \u00ab Je pense que c\u2019est un<br \/>\nheureux hasard si certains de mes meilleurs amis avant de rejoindre<br \/>\nl\u2019\u00e9quipe sont ici. \u00c7a fonctionne vraiment bien. Dans ma premi\u00e8re<br \/>\nann\u00e9e avec l\u2019\u00e9quipe, j\u2019avais l\u2019impression d\u2019avoir l\u2019un de mes<br \/>\nmeilleurs amis avec moi \u00e0 chaque course, et en apprenant \u00e0<br \/>\nconna\u00eetre tout le monde, ce sentiment n\u2019a pas chang\u00e9. C\u2019est un<br \/>\ngroupe de personnes formidables, et quand je regarde les autres<br \/>\n\u00e9quipes, je sais simplement que je m\u2019entends le mieux avec cette<br \/>\n\u00e9quipe. \u00bb<\/p>\n","protected":false},"excerpt":{"rendered":"Ce lundi, l&rsquo;\u00e9quipe cycliste am\u00e9ricaine EF Education-EasyPost a officialis\u00e9 la prolongation du contrat d&rsquo;Archie Ryan (24 ans). Archie&hellip;\n","protected":false},"author":2,"featured_media":631553,"comment_status":"","ping_status":"","sticky":false,"template":"","format":"standard","meta":{"footnotes":""},"categories":[1411],"tags":[1154,207,1011,27,57681,60],"class_list":{"0":"post-631552","1":"post","2":"type-post","3":"status-publish","4":"format-standard","5":"has-post-thumbnail","7":"category-cyclisme","8":"tag-cycling","9":"tag-cyclisme","10":"tag-fr","11":"tag-france","12":"tag-sport365-fr","13":"tag-sports"},"share_on_mastodon":{"url":"https:\/\/pubeurope.com\/@fr\/115812906078847552","error":""},"_links":{"self":[{"href":"https:\/\/www.europesays.com\/fr\/wp-json\/wp\/v2\/posts\/631552","targetHints":{"allow":["GET"]}}],"collection":[{"href":"https:\/\/www.europesays.com\/fr\/wp-json\/wp\/v2\/posts"}],"about":[{"href":"https:\/\/www.europesays.com\/fr\/wp-json\/wp\/v2\/types\/post"}],"author":[{"embeddable":true,"href":"https:\/\/www.europesays.com\/fr\/wp-json\/wp\/v2\/users\/2"}],"replies":[{"embeddable":true,"href":"https:\/\/www.europesays.com\/fr\/wp-json\/wp\/v2\/comments?post=631552"}],"version-history":[{"count":0,"href":"https:\/\/www.europesays.com\/fr\/wp-json\/wp\/v2\/posts\/631552\/revisions"}],"wp:featuredmedia":[{"embeddable":true,"href":"https:\/\/www.europesays.com\/fr\/wp-json\/wp\/v2\/media\/631553"}],"wp:attachment":[{"href":"https:\/\/www.europesays.com\/fr\/wp-json\/wp\/v2\/media?parent=631552"}],"wp:term":[{"taxonomy":"category","embeddable":true,"href":"https:\/\/www.europesays.com\/fr\/wp-json\/wp\/v2\/categories?post=631552"},{"taxonomy":"post_tag","embeddable":true,"href":"https:\/\/www.europesays.com\/fr\/wp-json\/wp\/v2\/tags?post=631552"}],"curies":[{"name":"wp","href":"https:\/\/api.w.org\/{rel}","templated":true}]}}