{"id":631558,"date":"2025-12-31T07:06:30","date_gmt":"2025-12-31T07:06:30","guid":{"rendered":"https:\/\/www.europesays.com\/fr\/631558\/"},"modified":"2025-12-31T07:06:30","modified_gmt":"2025-12-31T07:06:30","slug":"retour-sur-6-studios-bien-optimises-qui-ont-marque-lannee-2025","status":"publish","type":"post","link":"https:\/\/www.europesays.com\/fr\/631558\/","title":{"rendered":"Retour sur 6 studios bien optimis\u00e9s qui ont marqu\u00e9 l&rsquo;ann\u00e9e 2025"},"content":{"rendered":"<p>      <img loading=\"lazy\" decoding=\"async\" width=\"640\" height=\"480\" alt=\"Vue depuis l'entr\u00e9e \" title=\"Vue depuis l'entr\u00e9e \" class=\"zoomable\" data-pin-url=\"https:\/\/www.maisonapart.com\/edito\/s-inspirer\/amenagement-et-decoration\/retour-sur-x-petits-espaces-bien-optimiss-14219.php\" src=\"https:\/\/www.europesays.com\/fr\/wp-content\/uploads\/2025\/12\/20251212_083348_photo-5-ok-immolorettevueentre-769-e.webp.webp\" \/>    <\/p>\n<p>Vue depuis l&rsquo;entr\u00e9e  \u00a9 Maison Kyka<\/p>\n<p><b>R\u00c9TROSPECTIVE.<\/b> A l&rsquo;aube de l&rsquo;ann\u00e9e 2026, le temps est venu de remettre en lumi\u00e8re quelques-uns des plus beaux projets pr\u00e9sent\u00e9s sur Maison \u00e0 part en 2025. Apr\u00e8s <a href=\"https:\/\/www.maisonapart.com\/edito\/amenager-son-interieur\/cuisine\/retour-sur-6-cuisine--tomber--14208.php\" target=\"_blank\" rel=\"noopener\">les cuisines conviviales<\/a> et <a href=\"https:\/\/www.maisonapart.com\/edito\/amenager-son-interieur\/salle-de-bains\/retour-sur-huit-salles-de-bain-hautes-en-couleurs--14214.php\" target=\"_blank\" rel=\"noopener\">les salles de bain color\u00e9es<\/a>, au tour des studios de d\u00e9voiler toutes leurs astuces d&rsquo;am\u00e9nagement. R\u00e9organisation, optimisation et d\u00e9corations affirm\u00e9es, retour sur six projets de petits espaces rondement men\u00e9s. Les petits espaces passionnent pour les d\u00e9fis qu&rsquo;ils repr\u00e9sentent en termes d&rsquo;am\u00e9nagement et la dext\u00e9rit\u00e9 que n\u00e9cessitent leurs r\u00e9novations. Car en plus de devoir y casser toutes les fonctionnalit\u00e9s que l&rsquo;on retrouve dans un logement plus grand, les architectes d&rsquo;int\u00e9rieur sont souvent sollicit\u00e9s pour faire oublier leur \u00e9troitesse avec une d\u00e9coration bien travaill\u00e9e et des rangements en nombre suffisant. <\/p>\n<p>Quelles solutions mettent-ils alors en \u0153uvre ? Am\u00e9nagement sur mesure, astuces de rangement et r\u00e9flexion pouss\u00e9e sur la lumi\u00e8re et les usages viennent s&rsquo;ajouter \u00e0 leur capacit\u00e9 de projection dans les lieux particuli\u00e8rement d\u00e9velopp\u00e9e, pour cr\u00e9er de petits cocons o\u00f9 il fait bon vivre. La preuve en images avec ces six projets de studios bien am\u00e9nag\u00e9s pour les besoins de leurs propri\u00e9taires. <\/p>\n<p><b>D\u00e9couvrez dans les pages suivantes, en images, six studios dont la r\u00e9novation d\u00e9passe toutes les attentes. <\/b><\/p>\n","protected":false},"excerpt":{"rendered":"Vue depuis l&rsquo;entr\u00e9e \u00a9 Maison Kyka R\u00c9TROSPECTIVE. A l&rsquo;aube de l&rsquo;ann\u00e9e 2026, le temps est venu de remettre&hellip;\n","protected":false},"author":2,"featured_media":631559,"comment_status":"","ping_status":"","sticky":false,"template":"","format":"standard","meta":{"footnotes":""},"categories":[1358],"tags":[1348,1384,1385,1386,58,59,1011,27],"class_list":{"0":"post-631558","1":"post","2":"type-post","3":"status-publish","4":"format-standard","5":"has-post-thumbnail","7":"category-arts-et-design","8":"tag-arts","9":"tag-arts-and-design","10":"tag-arts-et-design","11":"tag-design","12":"tag-divertissement","13":"tag-entertainment","14":"tag-fr","15":"tag-france"},"share_on_mastodon":{"url":"https:\/\/pubeurope.com\/@fr\/115812917810485863","error":""},"_links":{"self":[{"href":"https:\/\/www.europesays.com\/fr\/wp-json\/wp\/v2\/posts\/631558","targetHints":{"allow":["GET"]}}],"collection":[{"href":"https:\/\/www.europesays.com\/fr\/wp-json\/wp\/v2\/posts"}],"about":[{"href":"https:\/\/www.europesays.com\/fr\/wp-json\/wp\/v2\/types\/post"}],"author":[{"embeddable":true,"href":"https:\/\/www.europesays.com\/fr\/wp-json\/wp\/v2\/users\/2"}],"replies":[{"embeddable":true,"href":"https:\/\/www.europesays.com\/fr\/wp-json\/wp\/v2\/comments?post=631558"}],"version-history":[{"count":0,"href":"https:\/\/www.europesays.com\/fr\/wp-json\/wp\/v2\/posts\/631558\/revisions"}],"wp:featuredmedia":[{"embeddable":true,"href":"https:\/\/www.europesays.com\/fr\/wp-json\/wp\/v2\/media\/631559"}],"wp:attachment":[{"href":"https:\/\/www.europesays.com\/fr\/wp-json\/wp\/v2\/media?parent=631558"}],"wp:term":[{"taxonomy":"category","embeddable":true,"href":"https:\/\/www.europesays.com\/fr\/wp-json\/wp\/v2\/categories?post=631558"},{"taxonomy":"post_tag","embeddable":true,"href":"https:\/\/www.europesays.com\/fr\/wp-json\/wp\/v2\/tags?post=631558"}],"curies":[{"name":"wp","href":"https:\/\/api.w.org\/{rel}","templated":true}]}}