{"id":63156,"date":"2025-04-30T01:12:39","date_gmt":"2025-04-30T01:12:39","guid":{"rendered":"https:\/\/www.europesays.com\/fr\/63156\/"},"modified":"2025-04-30T01:12:39","modified_gmt":"2025-04-30T01:12:39","slug":"lycee-musulman-averroes-la-ministre-de-leducation-veut-faire-appel","status":"publish","type":"post","link":"https:\/\/www.europesays.com\/fr\/63156\/","title":{"rendered":"Lyc\u00e9e musulman Averro\u00e8s\u00a0: la ministre de l\u2019\u00c9ducation veut \u00ab\u00a0faire appel\u00a0\u00bb"},"content":{"rendered":"<p class=\"paragraph text_align_left\"><a href=\"https:\/\/www.leparisien.fr\/societe\/la-justice-retablit-le-contrat-du-lyceen-musulman-averroes-apres-plusieurs-mois-sans-subventions-23-04-2025-IL25H75Z4RFZJFREOK47QZFFHE.php\" target=\"_blank\" rel=\"nofollow noopener\">Le tribunal administratif de Lille<\/a> a d\u00e9cid\u00e9 la semaine derni\u00e8re de r\u00e9tablir le contrat d\u2019association avec l\u2019\u00c9tat du <a href=\"https:\/\/www.leparisien.fr\/societe\/religions\/lycee-averroes-bruno-retailleau-qualifie-letablissement-musulman-de-bastion-de-lentrisme-islamiste-24-04-2025-OMA3NESHVBCLZD4P5KMP2B2A3M.php\" target=\"_blank\" rel=\"nofollow noopener\">lyc\u00e9e musulman lillois Averro\u00e8s.<\/a> La ministre de l\u2019\u00c9ducation nationale \u00c9lisabeth Borne a annonc\u00e9 ce mardi sur TF1 qu\u2019elle allait \u00ab\u00a0faire appel\u00a0\u00bb de la d\u00e9cision.<\/p>\n<p class=\"paragraph text_align_left\">Ce contrat d\u2019association entre l\u2019\u00c9tat et ce lyc\u00e9e, qui \u00e9tait jusqu\u2019en septembre\u00a02024 le principal lyc\u00e9e musulman sous contrat de France, avait \u00e9t\u00e9 r\u00e9sili\u00e9 en d\u00e9cembre\u00a02023 par la pr\u00e9fecture du Nord, qui avait \u00e9voqu\u00e9 des \u00ab\u00a0manquements graves aux principes fondamentaux de la R\u00e9publique\u00a0\u00bb.<\/p>\n<p class=\"paragraph text_align_left\">Suivant la d\u00e9cision de la justice de le r\u00e9tablir, <a href=\"https:\/\/www.leparisien.fr\/societe\/religions\/lycee-averroes-bruno-retailleau-qualifie-letablissement-musulman-de-bastion-de-lentrisme-islamiste-24-04-2025-OMA3NESHVBCLZD4P5KMP2B2A3M.php\" target=\"_blank\" rel=\"nofollow noopener\">Bruno Retailleau avait plaid\u00e9 pour que l\u2019\u00c9tat fasse appel<\/a> de la d\u00e9cision.<\/p>\n<p>\u00ab\u00a0Inacceptable\u00a0\u00bb<\/p>\n<p class=\"paragraph text_align_left\">Sur TF1 ce mardi matin, \u00c9lisabeth Borne a soulign\u00e9 \u00ab\u00a0plusieurs manquements graves qui ont amen\u00e9 l\u2019\u00c9tat \u00e0 r\u00e9silier ce contrat\u00a0\u00bb. Parmi eux, \u00ab\u00a0il y a notamment le fait que l\u2019\u00e9tablissement a interdit l\u2019acc\u00e8s \u00e0 des inspecteurs de l\u2019\u00e9ducation nationale pour pouvoir faire un contr\u00f4le de l\u2019\u00e9tablissement\u00a0\u00bb, a rappel\u00e9 la ministre de l\u2019\u00c9ducation, qualifiant cette obstruction d \u00ab\u00a0inacceptable\u00a0\u00bb.<\/p>\n<p class=\"paragraph text_align_left\">Le lyc\u00e9e musulman d\u2019Averro\u00e8s \u00ab\u00a0est un \u00e9tablissement sous contrat, \u00e7a signifie qu\u2019il est financ\u00e9 \u00e0 75\u00a0% par de l\u2019argent public\u00a0\u00bb, a-t-elle ajout\u00e9. \u00ab\u00a0C\u2019est inacceptable qu\u2019on ne permette pas \u00e0 des agents de l\u2019\u00c9tat d\u2019accomplir leur mission dans l\u2019\u00e9tablissement, donc j\u2019ai d\u00e9cid\u00e9 en effet de faire appel\u00a0\u00bb.<\/p>\n<p class=\"paragraph text_align_left\">Le tribunal administratif de Lille a justifi\u00e9 <a href=\"https:\/\/www.leparisien.fr\/societe\/la-justice-retablit-le-contrat-du-lyceen-musulman-averroes-apres-plusieurs-mois-sans-subventions-23-04-2025-IL25H75Z4RFZJFREOK47QZFFHE.php\" target=\"_blank\" rel=\"nofollow noopener\">l\u2019annulation de la r\u00e9siliation du contrat<\/a> car cette d\u00e9cision n\u2019\u00e9tablissait pas \u00ab\u00a0l\u2019existence de manquements graves au droit\u00a0\u00bb et que la proc\u00e9dure \u00e9tait \u00ab\u00a0entach\u00e9e d\u2019irr\u00e9gularit\u00e9s\u00a0\u00bb.<\/p>\n<p class=\"paragraph text_align_left\">\u00ab\u00a0Le fait qu\u2019un \u00e9tablissement sous contrat, qui doit donc respecter un certain nombre d\u2019engagements sur les programmes p\u00e9dagogiques, sur l\u2019utilisation de l\u2019argent public refuse un contr\u00f4le, pour moi, \u00e7a l\u00e9gitime une forme de perte de confiance et donc de r\u00e9silier ce contrat\u00a0\u00bb, a quant \u00e0 elle argument\u00e9 la ministre. \u00ab\u00a0C\u2019est ce que nous d\u00e9fendrons en appel\u00a0\u00bb.<\/p>\n","protected":false},"excerpt":{"rendered":"Le tribunal administratif de Lille a d\u00e9cid\u00e9 la semaine derni\u00e8re de r\u00e9tablir le contrat d\u2019association avec l\u2019\u00c9tat du&hellip;\n","protected":false},"author":2,"featured_media":63157,"comment_status":"","ping_status":"","sticky":false,"template":"","format":"standard","meta":{"footnotes":""},"categories":[2815],"tags":[1111,11,459,1777,674,1011,27,811,1307,12,25,104],"class_list":{"0":"post-63156","1":"post","2":"type-post","3":"status-publish","4":"format-standard","5":"has-post-thumbnail","7":"category-lille","8":"tag-actu","9":"tag-actualites","10":"tag-departements-horsidfo","11":"tag-eu","12":"tag-europe","13":"tag-fr","14":"tag-france","15":"tag-hauts-de-france","16":"tag-lille","17":"tag-news","18":"tag-republique-francaise","19":"tag-societe"},"share_on_mastodon":{"url":"https:\/\/pubeurope.com\/@fr\/114424259779616824","error":""},"_links":{"self":[{"href":"https:\/\/www.europesays.com\/fr\/wp-json\/wp\/v2\/posts\/63156","targetHints":{"allow":["GET"]}}],"collection":[{"href":"https:\/\/www.europesays.com\/fr\/wp-json\/wp\/v2\/posts"}],"about":[{"href":"https:\/\/www.europesays.com\/fr\/wp-json\/wp\/v2\/types\/post"}],"author":[{"embeddable":true,"href":"https:\/\/www.europesays.com\/fr\/wp-json\/wp\/v2\/users\/2"}],"replies":[{"embeddable":true,"href":"https:\/\/www.europesays.com\/fr\/wp-json\/wp\/v2\/comments?post=63156"}],"version-history":[{"count":0,"href":"https:\/\/www.europesays.com\/fr\/wp-json\/wp\/v2\/posts\/63156\/revisions"}],"wp:featuredmedia":[{"embeddable":true,"href":"https:\/\/www.europesays.com\/fr\/wp-json\/wp\/v2\/media\/63157"}],"wp:attachment":[{"href":"https:\/\/www.europesays.com\/fr\/wp-json\/wp\/v2\/media?parent=63156"}],"wp:term":[{"taxonomy":"category","embeddable":true,"href":"https:\/\/www.europesays.com\/fr\/wp-json\/wp\/v2\/categories?post=63156"},{"taxonomy":"post_tag","embeddable":true,"href":"https:\/\/www.europesays.com\/fr\/wp-json\/wp\/v2\/tags?post=63156"}],"curies":[{"name":"wp","href":"https:\/\/api.w.org\/{rel}","templated":true}]}}