{"id":631562,"date":"2025-12-31T07:09:15","date_gmt":"2025-12-31T07:09:15","guid":{"rendered":"https:\/\/www.europesays.com\/fr\/631562\/"},"modified":"2025-12-31T07:09:15","modified_gmt":"2025-12-31T07:09:15","slug":"lukas-magyar-ne-reviendra-pas","status":"publish","type":"post","link":"https:\/\/www.europesays.com\/fr\/631562\/","title":{"rendered":"Lukas Magyar ne reviendra pas"},"content":{"rendered":"<p><strong>Apr\u00e8s plus de dix ans pass\u00e9s au sein de <a href=\"https:\/\/www.metalzone.fr\/veil-of-maya\/\" target=\"_blank\" rel=\"noopener\">Veil Of Maya<\/a>, Lukas Magyar annonce son d\u00e9part, un tournant important pour le groupe de <a href=\"https:\/\/www.metalzone.fr\/metalcore\/\" target=\"_blank\" rel=\"noopener\">metalcore<\/a> progressif actuellement en pause.<\/strong><\/p>\n<p>Un d\u00e9part officialis\u00e9 par Lukas Magyar<\/p>\n<p>Lukas Magyar a confirm\u00e9 son d\u00e9part de Veil Of Maya, comme l\u2019a rapport\u00e9 <a href=\"https:\/\/www.theprp.com\/2025\/12\/29\/news\/vocalist-lukas-magyar-has-exited-veil-of-maya\/\" target=\"_blank\" rel=\"noopener\">The PRP<\/a>. Depuis l\u2019annonce de la pause du groupe en septembre 2024, les sp\u00e9culations sur son avenir se sont multipli\u00e9es. Magyar y a mis fin sur Instagram, en retirant toute mention de Veil Of Maya de sa biographie et en r\u00e9pondant directement \u00e0 ses abonn\u00e9s. \u00c0 un fan qui lui demandait si cela signifiait la fin du groupe, il a r\u00e9pondu : \u201cSi Veil Of Maya revient un jour, ce ne sera pas avec moi. J\u2019ai d\u00e9cid\u00e9 de me retirer et de me concentrer sur SIFYN.\u201d<\/p>\n<p>\u00c0 un autre abonn\u00e9, il a simplement pr\u00e9cis\u00e9 : \u201cJ\u2019ai d\u00fb prendre du recul et me concentrer sur d\u2019autres choses.\u201d<\/p>\n<p>Un avenir incertain pour Veil Of Maya<\/p>\n<p>Le groupe est en pause depuis l\u2019automne 2024, apr\u00e8s une tourn\u00e9e estivale difficile et l\u2019annulation de plusieurs dates europ\u00e9ennes. Depuis, le guitariste Marc Okubo accompagne <a href=\"https:\/\/www.metalzone.fr\/falling-in-reverse\/\" target=\"_blank\" rel=\"noopener\">Falling In Reverse<\/a> en tourn\u00e9e. En janvier 2025, il a toutefois \u00e9voqu\u00e9 un possible retour de Veil Of Maya avec un son plus lourd : \u201cQuand Veil reviendra, ce sera la version lourde.\u201d<\/p>\n<p>Les d\u00e9clarations de Magyar jettent une lumi\u00e8re nouvelle sur celles d\u2019Okubo : certains fans y voient la possibilit\u00e9 d\u2019un retour avec un ancien chanteur. \u00c0 ce jour, aucun d\u00e9tail n\u2019a \u00e9t\u00e9 communiqu\u00e9 sur l\u2019avenir du groupe ou sa composition.<\/p>\n<p>Le dernier album de Veil Of Maya, Mother, est sorti en 2023, apr\u00e8s cinq ans de silence discographique.<\/p>\n","protected":false},"excerpt":{"rendered":"Apr\u00e8s plus de dix ans pass\u00e9s au sein de Veil Of Maya, Lukas Magyar annonce son d\u00e9part, un&hellip;\n","protected":false},"author":2,"featured_media":631563,"comment_status":"","ping_status":"","sticky":false,"template":"","format":"standard","meta":{"footnotes":""},"categories":[1355],"tags":[58,59,1011,27,1361,873],"class_list":{"0":"post-631562","1":"post","2":"type-post","3":"status-publish","4":"format-standard","5":"has-post-thumbnail","7":"category-musique","8":"tag-divertissement","9":"tag-entertainment","10":"tag-fr","11":"tag-france","12":"tag-music","13":"tag-musique"},"share_on_mastodon":{"url":"https:\/\/pubeurope.com\/@fr\/115812929611401362","error":""},"_links":{"self":[{"href":"https:\/\/www.europesays.com\/fr\/wp-json\/wp\/v2\/posts\/631562","targetHints":{"allow":["GET"]}}],"collection":[{"href":"https:\/\/www.europesays.com\/fr\/wp-json\/wp\/v2\/posts"}],"about":[{"href":"https:\/\/www.europesays.com\/fr\/wp-json\/wp\/v2\/types\/post"}],"author":[{"embeddable":true,"href":"https:\/\/www.europesays.com\/fr\/wp-json\/wp\/v2\/users\/2"}],"replies":[{"embeddable":true,"href":"https:\/\/www.europesays.com\/fr\/wp-json\/wp\/v2\/comments?post=631562"}],"version-history":[{"count":0,"href":"https:\/\/www.europesays.com\/fr\/wp-json\/wp\/v2\/posts\/631562\/revisions"}],"wp:featuredmedia":[{"embeddable":true,"href":"https:\/\/www.europesays.com\/fr\/wp-json\/wp\/v2\/media\/631563"}],"wp:attachment":[{"href":"https:\/\/www.europesays.com\/fr\/wp-json\/wp\/v2\/media?parent=631562"}],"wp:term":[{"taxonomy":"category","embeddable":true,"href":"https:\/\/www.europesays.com\/fr\/wp-json\/wp\/v2\/categories?post=631562"},{"taxonomy":"post_tag","embeddable":true,"href":"https:\/\/www.europesays.com\/fr\/wp-json\/wp\/v2\/tags?post=631562"}],"curies":[{"name":"wp","href":"https:\/\/api.w.org\/{rel}","templated":true}]}}