{"id":631566,"date":"2025-12-31T07:11:07","date_gmt":"2025-12-31T07:11:07","guid":{"rendered":"https:\/\/www.europesays.com\/fr\/631566\/"},"modified":"2025-12-31T07:11:07","modified_gmt":"2025-12-31T07:11:07","slug":"eloignez-vos-enfants-des-ecrans-car-les-consequences-seront-lourdes-meme-si-cette-solution-limite-les-degats-les-numeriques","status":"publish","type":"post","link":"https:\/\/www.europesays.com\/fr\/631566\/","title":{"rendered":"\u00c9loignez vos enfants des \u00e9crans car les cons\u00e9quences seront lourdes, m\u00eame si cette solution limite les d\u00e9g\u00e2ts &#8211; Les Num\u00e9riques"},"content":{"rendered":"<ol>\n<li><a href=\"https:\/\/news.google.com\/rss\/articles\/CBMi_gFBVV95cUxOWHY0ekRYUzFRaWpfa2lHZ1RCekhDVnJaVWFyVHozSnQtTk94UU5JX25Bc1BUWF9DdE12R3FsSUpRWFBxN1RZVGNkbHlqS1E2SlFuMjcyNFVDNnIxWDR2MndoNjdHUW1lVGpWemh5a283U0tCeGlpWUVVUWJaNEpDTW94eHZ5YTBqbEZCZWF0SWd0T1FzbWlLVFZ3ZnZFSTU0Wl9WMUF3OWVsUG1EZ2JDRnZNM1pTV0dTVFJadVpyZmtuc19QUlRyeVVudmxDcDVYZWJIZDZhaHVJaGNsUEQzb2JzTmNoT2lMQ1owalhabE93WmRhQXY5NTZBOXhuQQ?oc=5\" target=\"_blank\" rel=\"noopener\">\u00c9loignez vos enfants des \u00e9crans car les cons\u00e9quences seront lourdes, m\u00eame si cette solution limite les d\u00e9g\u00e2ts<\/a>&nbsp;&nbsp;Les Num\u00e9riques<\/li>\n<li><a href=\"https:\/\/news.google.com\/rss\/articles\/CBMiiwFBVV95cUxOT1ZKbC05MjBmRzRUSjhJN3JNbTBiVUd3QlJmZXdzUTNpeF9FT0xOVFZIRVdud0xqZXhQdkJTV3BSTTRNU2ZHaWNBOTJWcG5tMlQ0MHhkYTVISHgxZXFvUWZvQ2laTWdrMTVuRFVfUm9nbUIyNXRHVEpVMHdoLXJ6eUxBbWhIRlBSb2pv?oc=5\" target=\"_blank\" rel=\"noopener\">\u00ab Vous \u00eates de plus en plus idiots \u00bb : votre smartphone fait r\u00e9tr\u00e9cir votre cerveau, et c&rsquo;est la science qui le dit<\/a>&nbsp;&nbsp;Presse-citron<\/li>\n<li><a href=\"https:\/\/news.google.com\/rss\/articles\/CBMiqwJBVV95cUxQdWM0QnNsWTVjQUhWOVBHeVZQV2VKTWl0OGNoRUtOUHBiNENCd1dQUTE3M3MwNjVNZTBFbGQ2Uk5xWnEtNnpoVERpVF9mazlZYjE3bjMwSVl2ZzNtcWo1YjMycWc3ZTZyWGR2a1R0Q1ZnYUUtN0M5akRhM19xSDQtb3lRaG9OU3k3UFBPSzNTaWdLRnRYV1F1Yzd0eW9VMXhkY3lZYkY4WC1OdE9wa3Ywd3ZNRGVPeWgwRllWVHI0eER3ajJYOUhxUWpCQnp6RmpzTTV2QWNJb3lKMzVTRE13NjJvbnVFM0lZUVpZRnNJRjBLQnBjNmZ4N2huWU5qMXFDenFqdzduSHNneVo5TkJ5eExoNGhSMUpBV19OYVpXLTJfTjRmQlNyMnFSaw?oc=5\" target=\"_blank\" rel=\"noopener\">\u00ab Les b\u00e9b\u00e9s et les adolescents sont vuln\u00e9rables \u00bb : un livre pour aider les parents \u00e0 comprendre l\u2019influence des \u00e9crans<\/a>&nbsp;&nbsp;Ouest-France<\/li>\n<li><a href=\"https:\/\/news.google.com\/rss\/articles\/CBMiakFVX3lxTE5vN2RUb0R2bF8ycml4N1ZGdVh0TXZFNWxzWl9vRUFkbVo2SVdhRVBhZzBVSm95MGh2SFE1bXF4MEhzS1kxcHhjeVJFLUN3VjBuVHZBVzcwSlowTjJjd2JFVHJKTWVRZGZGNFE?oc=5\" target=\"_blank\" rel=\"noopener\">Quand le smartphone p\u00e8se sur la sant\u00e9, la productivit\u00e9\u2026 et l\u2019\u00e9conomie<\/a>&nbsp;&nbsp;Trends-Tendances<\/li>\n<li><a href=\"https:\/\/news.google.com\/rss\/articles\/CBMi0wFBVV95cUxNcTlvbFg3MzI2dUo2TlFNb29DNUpzNHhSX0p2b010NFR0R1hRUkctZGw0Ulk2NHJZT1R0RTZfRDIwa0VmdVV4Ykh6ZVppTE5MaE81Zzd3dDllMm5VSEQzZXFuTkg5RGFySzlCa2JzckZZRkY5cXIyWDhmWU81Y0JCODNVRFBoa2JUOXpibHY3cXNUVE82WjhiVTBtY3lrbnczTU1zbzJ6ZnVCQmIzamQwMTNKUl9lcXB4QWhKTzRNdFBHSmtlMzZPdC03V2VHeDBZLXB30gHYAUFVX3lxTFB3X25UbXhDRXppQ0M5OUdtQjFSTVN3ZFNOTTA5MUp0ci1ZLWRlTjB2WktqSEV3VFBRSXdmZHFxWHdHRWlYOWR4UnhLa2FFdGR6Z1N3RFRtLVRDR2lRVVQtbG9ycXYyU21mOHNNdXdqVkNJUVdFcFB1OVhKdFp6STdoNnJlejdLcFBZbTZ4VkhxNHpmTFhhUzFVZ3d0RzlPcjZWUVlkeHozNGhtZHhqNUZuOGhLWlJVRVJ0Y2RMX0s2a2NOMTNjSVpuSWV5a1lWMzVxQm01Z28xNg?oc=5\" target=\"_blank\" rel=\"noopener\">\u00c9cran jusqu&rsquo;\u00e0 deux ans &#8211; anxi\u00e9t\u00e9 \u00e0 13 ans : une nouvelle \u00e9tude sur l&rsquo;impact des gadgets chez les jeunes enfants<\/a>&nbsp;&nbsp;Gagadget.com<\/li>\n<\/ol>\n","protected":false},"excerpt":{"rendered":"\u00c9loignez vos enfants des \u00e9crans car les cons\u00e9quences seront lourdes, m\u00eame si cette solution limite les d\u00e9g\u00e2ts&nbsp;&nbsp;Les Num\u00e9riques&hellip;\n","protected":false},"author":2,"featured_media":395849,"comment_status":"","ping_status":"","sticky":false,"template":"","format":"standard","meta":{"footnotes":""},"categories":[10],"tags":[1011,27,72,71],"class_list":{"0":"post-631566","1":"post","2":"type-post","3":"status-publish","4":"format-standard","5":"has-post-thumbnail","7":"category-sante","8":"tag-fr","9":"tag-france","10":"tag-health","11":"tag-sante"},"share_on_mastodon":{"url":"https:\/\/pubeurope.com\/@fr\/115812937464834123","error":""},"_links":{"self":[{"href":"https:\/\/www.europesays.com\/fr\/wp-json\/wp\/v2\/posts\/631566","targetHints":{"allow":["GET"]}}],"collection":[{"href":"https:\/\/www.europesays.com\/fr\/wp-json\/wp\/v2\/posts"}],"about":[{"href":"https:\/\/www.europesays.com\/fr\/wp-json\/wp\/v2\/types\/post"}],"author":[{"embeddable":true,"href":"https:\/\/www.europesays.com\/fr\/wp-json\/wp\/v2\/users\/2"}],"replies":[{"embeddable":true,"href":"https:\/\/www.europesays.com\/fr\/wp-json\/wp\/v2\/comments?post=631566"}],"version-history":[{"count":0,"href":"https:\/\/www.europesays.com\/fr\/wp-json\/wp\/v2\/posts\/631566\/revisions"}],"wp:featuredmedia":[{"embeddable":true,"href":"https:\/\/www.europesays.com\/fr\/wp-json\/wp\/v2\/media\/395849"}],"wp:attachment":[{"href":"https:\/\/www.europesays.com\/fr\/wp-json\/wp\/v2\/media?parent=631566"}],"wp:term":[{"taxonomy":"category","embeddable":true,"href":"https:\/\/www.europesays.com\/fr\/wp-json\/wp\/v2\/categories?post=631566"},{"taxonomy":"post_tag","embeddable":true,"href":"https:\/\/www.europesays.com\/fr\/wp-json\/wp\/v2\/tags?post=631566"}],"curies":[{"name":"wp","href":"https:\/\/api.w.org\/{rel}","templated":true}]}}