{"id":631580,"date":"2025-12-31T07:19:12","date_gmt":"2025-12-31T07:19:12","guid":{"rendered":"https:\/\/www.europesays.com\/fr\/631580\/"},"modified":"2025-12-31T07:19:12","modified_gmt":"2025-12-31T07:19:12","slug":"en-2026-le-parc-francois-mitterrand-va-se-metamorphoser","status":"publish","type":"post","link":"https:\/\/www.europesays.com\/fr\/631580\/","title":{"rendered":"en 2026, le parc Fran\u00e7ois-Mitterrand va se m\u00e9tamorphoser"},"content":{"rendered":"<p>\u00ab\u00a0Cet endroit doit devenir le poumon vert de la ville et la nature ne peut plus \u00eatre laiss\u00e9e de c\u00f4t\u00e9. L\u2019\u00e9poque du tout b\u00e9ton, c\u2019est fini. Nous devons nous inspirer des erreurs pass\u00e9es pour non pas am\u00e9nager, mais plut\u00f4t m\u00e9nager les habitants et les \u00eatres vivants. Ce parc prouvera que nature et ville ne sont plus incompatibles\u00a0\u00bb, d\u00e9taillait Romain Paire, directeur de l\u2019am\u00e9nagement de Saint-\u00c9tienne en juillet.<\/p>\n<p>  Six millions d\u2019euros de travaux<\/p>\n<p>Enclav\u00e9 entre deux boulevards et des b\u00e2timents publics, le parc Fran\u00e7ois-Mitterrand cache timidement son potentiel. La ville de Saint-\u00c9tienne a d\u00e9cid\u00e9 de r\u00e9v\u00e9ler ces dix hectares de verdure aux portes du centre-ville, en r\u00e9habilitant enti\u00e8rement le lieu, pour en faire plus qu\u2019un simple lieu de passage.<\/p>\n<p>Les travaux pr\u00e9vus, pour la somme de six millions d\u2019euros, ont vocation \u00e0 le r\u00e9habiliter.\u00a0Mais qui dit \u00e9norme potentiel dit aussi travaux colossaux\u00a0: la livraison du parc n\u2019aurait pas lieu avant le d\u00e9but de l\u2019ann\u00e9e 2027.<\/p>\n<p>D\u2019abord, il faut d\u00e9gager plusieurs entr\u00e9es pour que le parc soit plus visible et donc plus accessible. Une premi\u00e8re entr\u00e9e serait repens\u00e9e au niveau du parc des expositions. La deuxi\u00e8me jouxtera le Fil, et la troisi\u00e8me, elle, viendra depuis le boulevard Jules-Janin, gr\u00e2ce \u00e0 la destruction du Flore et du bowling.<\/p>\n<p>  Plus de fra\u00eecheur<\/p>\n<p>Cette entr\u00e9e donnera directement sur une esplanade pour accueillir les grands \u00e9v\u00e9nements. L\u2019all\u00e9e Loun\u00e8s-Matoub sera \u00e9galement repens\u00e9e pour y apporter plus de fra\u00eecheur avec des arbres, et elle m\u00e8nera directement \u00e0 une fontaine. Le c\u0153ur du parc, lui, sera r\u00e9habilit\u00e9 en trois zones diff\u00e9rentes.<\/p>\n<p>La premi\u00e8re phase des travaux est d\u00e9j\u00e0 achev\u00e9e, la deuxi\u00e8me, qui concerne la r\u00e9habilitation du c\u0153ur du parc, est lanc\u00e9e. Rendez-vous l\u2019ann\u00e9e prochaine pour le r\u00e9sultat.<\/p>\n","protected":false},"excerpt":{"rendered":"\u00ab\u00a0Cet endroit doit devenir le poumon vert de la ville et la nature ne peut plus \u00eatre laiss\u00e9e&hellip;\n","protected":false},"author":2,"featured_media":631581,"comment_status":"","ping_status":"","sticky":false,"template":"","format":"standard","meta":{"footnotes":""},"categories":[9653],"tags":[1111,11,2430,4749,33,7539,436,1777,674,1011,27,12,5140,25,4001,7538],"class_list":{"0":"post-631580","1":"post","2":"type-post","3":"status-publish","4":"format-standard","5":"has-post-thumbnail","7":"category-saint-etienne","8":"tag-actu","9":"tag-actualites","10":"tag-auvergne-rhone-alpes","11":"tag-btp-et-chantiers","12":"tag-economie","13":"tag-edition-loire-sud","14":"tag-environnement","15":"tag-eu","16":"tag-europe","17":"tag-fr","18":"tag-france","19":"tag-news","20":"tag-rechauffement-climatique","21":"tag-republique-francaise","22":"tag-saint-etienne","23":"tag-saint-etienne-ville"},"share_on_mastodon":{"url":"https:\/\/pubeurope.com\/@fr\/115812968920845953","error":""},"_links":{"self":[{"href":"https:\/\/www.europesays.com\/fr\/wp-json\/wp\/v2\/posts\/631580","targetHints":{"allow":["GET"]}}],"collection":[{"href":"https:\/\/www.europesays.com\/fr\/wp-json\/wp\/v2\/posts"}],"about":[{"href":"https:\/\/www.europesays.com\/fr\/wp-json\/wp\/v2\/types\/post"}],"author":[{"embeddable":true,"href":"https:\/\/www.europesays.com\/fr\/wp-json\/wp\/v2\/users\/2"}],"replies":[{"embeddable":true,"href":"https:\/\/www.europesays.com\/fr\/wp-json\/wp\/v2\/comments?post=631580"}],"version-history":[{"count":0,"href":"https:\/\/www.europesays.com\/fr\/wp-json\/wp\/v2\/posts\/631580\/revisions"}],"wp:featuredmedia":[{"embeddable":true,"href":"https:\/\/www.europesays.com\/fr\/wp-json\/wp\/v2\/media\/631581"}],"wp:attachment":[{"href":"https:\/\/www.europesays.com\/fr\/wp-json\/wp\/v2\/media?parent=631580"}],"wp:term":[{"taxonomy":"category","embeddable":true,"href":"https:\/\/www.europesays.com\/fr\/wp-json\/wp\/v2\/categories?post=631580"},{"taxonomy":"post_tag","embeddable":true,"href":"https:\/\/www.europesays.com\/fr\/wp-json\/wp\/v2\/tags?post=631580"}],"curies":[{"name":"wp","href":"https:\/\/api.w.org\/{rel}","templated":true}]}}