{"id":631584,"date":"2025-12-31T07:21:12","date_gmt":"2025-12-31T07:21:12","guid":{"rendered":"https:\/\/www.europesays.com\/fr\/631584\/"},"modified":"2025-12-31T07:21:12","modified_gmt":"2025-12-31T07:21:12","slug":"nancy-danciens-locaux-de-la-poste-deviennent-une-superette-de-quartier","status":"publish","type":"post","link":"https:\/\/www.europesays.com\/fr\/631584\/","title":{"rendered":"Nancy. D\u2019anciens locaux de la Poste deviennent une sup\u00e9rette de quartier"},"content":{"rendered":"<p>Une enseigne en cache une autre. Les habitants du haut de <a href=\"https:\/\/www.estrepublicain.fr\/transport\/2025\/12\/16\/circulation-des-trottinettes-des-panneaux-enfin-mis-en-place\" target=\"_blank\" rel=\"noopener\">l\u2019avenue de Boufflers, \u00e0 Nancy<\/a> , l\u2019ont bien remarqu\u00e9. \u00ab\u00a0Ce n\u2019\u00e9tait pas la Poste avant\u00a0?\u00a0\u00bb, s\u2019interroge une passante devant une fa\u00e7ade d\u00e9sormais grise. Derri\u00e8re ces murs se trouvait autrefois <a href=\"https:\/\/www.estrepublicain.fr\/economie\/2024\/11\/03\/fermeture-de-deux-bureaux-de-poste-la-frustration-des-clients\" target=\"_blank\" rel=\"noopener\">un bureau de Poste, aujourd\u2019hui ferm\u00e9<\/a> , qui a r\u00e9cemment trouv\u00e9 repreneur.<\/p>\n<p>Depuis le 18\u00a0d\u00e9cembre, une famille y a investi pour ouvrir un Carrefour Express, \u00e0 deux pas du tabac presse voisin. Il s\u2019agit du deuxi\u00e8me de l\u2019enseigne sur cette avenue fr\u00e9quent\u00e9e et particuli\u00e8rement pentue. \u00ab\u00a0Avant, les clients allaient surtout \u00e0 celui du bas. Aujourd\u2019hui, ils n\u2019ont plus besoin de descendre, ni de marcher loin\u00a0\u00bb, explique avec le sourire Val\u00e9rie Cereda, salari\u00e9e de la sup\u00e9rette tenue par son fils, Adrien, et sa fille, Lucie.<\/p>\n<p>  Une famille \u00e0 la t\u00eate de la sup\u00e9rette<\/p>\n<p>Avec ses quatre salari\u00e9s, ce commerce encore jeune affiche d\u00e9j\u00e0 des retours tr\u00e8s positifs de la part des riverains, s\u00e9duits par cette nouvelle offre de proximit\u00e9. Et les ambitions ne manquent pas. La famille Cereda envisage d\u2019installer des mange-debout \u00e0 l\u2019ext\u00e9rieur du magasin aux beaux jours. Elle souhaiterait \u00e9galement proposer L\u2019Est R\u00e9publicain \u00e0 la vente, le dimanche, et uniquement lorsque le commerce voisin baisse le rideau. Ils sont \u00e9galement \u00e0 la recherche d\u2019un jeune alternant. Avis aux int\u00e9ress\u00e9s.<\/p>\n","protected":false},"excerpt":{"rendered":"Une enseigne en cache une autre. Les habitants du haut de l\u2019avenue de Boufflers, \u00e0 Nancy , l\u2019ont&hellip;\n","protected":false},"author":2,"featured_media":631585,"comment_status":"","ping_status":"","sticky":false,"template":"","format":"standard","meta":{"footnotes":""},"categories":[9635],"tags":[1111,11,4406,33,1704,1777,674,1011,27,775,1702,1703,12,25],"class_list":{"0":"post-631584","1":"post","2":"type-post","3":"status-publish","4":"format-standard","5":"has-post-thumbnail","7":"category-nancy","8":"tag-actu","9":"tag-actualites","10":"tag-commerce-et-services","11":"tag-economie","12":"tag-edition-nancy-et-agglomeration","13":"tag-eu","14":"tag-europe","15":"tag-fr","16":"tag-france","17":"tag-grand-est","18":"tag-nancy","19":"tag-nancy-ville-54b","20":"tag-news","21":"tag-republique-francaise"},"share_on_mastodon":{"url":"https:\/\/pubeurope.com\/@fr\/115812977167045384","error":""},"_links":{"self":[{"href":"https:\/\/www.europesays.com\/fr\/wp-json\/wp\/v2\/posts\/631584","targetHints":{"allow":["GET"]}}],"collection":[{"href":"https:\/\/www.europesays.com\/fr\/wp-json\/wp\/v2\/posts"}],"about":[{"href":"https:\/\/www.europesays.com\/fr\/wp-json\/wp\/v2\/types\/post"}],"author":[{"embeddable":true,"href":"https:\/\/www.europesays.com\/fr\/wp-json\/wp\/v2\/users\/2"}],"replies":[{"embeddable":true,"href":"https:\/\/www.europesays.com\/fr\/wp-json\/wp\/v2\/comments?post=631584"}],"version-history":[{"count":0,"href":"https:\/\/www.europesays.com\/fr\/wp-json\/wp\/v2\/posts\/631584\/revisions"}],"wp:featuredmedia":[{"embeddable":true,"href":"https:\/\/www.europesays.com\/fr\/wp-json\/wp\/v2\/media\/631585"}],"wp:attachment":[{"href":"https:\/\/www.europesays.com\/fr\/wp-json\/wp\/v2\/media?parent=631584"}],"wp:term":[{"taxonomy":"category","embeddable":true,"href":"https:\/\/www.europesays.com\/fr\/wp-json\/wp\/v2\/categories?post=631584"},{"taxonomy":"post_tag","embeddable":true,"href":"https:\/\/www.europesays.com\/fr\/wp-json\/wp\/v2\/tags?post=631584"}],"curies":[{"name":"wp","href":"https:\/\/api.w.org\/{rel}","templated":true}]}}