{"id":631586,"date":"2025-12-31T07:22:15","date_gmt":"2025-12-31T07:22:15","guid":{"rendered":"https:\/\/www.europesays.com\/fr\/631586\/"},"modified":"2025-12-31T07:22:15","modified_gmt":"2025-12-31T07:22:15","slug":"lorraine-la-hotte-de-noel-remplie-de-cadeaux-pour-les-enfants-hospitalises-a-nancy-et-metz","status":"publish","type":"post","link":"https:\/\/www.europesays.com\/fr\/631586\/","title":{"rendered":"Lorraine. La hotte de No\u00ebl remplie de cadeaux pour les enfants hospitalis\u00e9s \u00e0 Nancy et Metz"},"content":{"rendered":"<p>Derri\u00e8re ses petites lunettes rondes, Ad\u00e9la\u00efde, 6 ans, a les yeux qui p\u00e9tillent. Elle la voit, la hotte du P\u00e8re No\u00ebl, remplie \u00e0 ras bord de cadeaux en provenance de Disneyland Paris qui s\u2019avance vers elle.<\/p>\n<p>C\u2019est un moment un peu hors du temps et No\u00ebl avant l\u2019heure ce mardi 23\u00a0d\u00e9cembre, \u00e0 l\u2019h\u00f4pital d\u2019enfants de Nancy-Brabois, o\u00f9 la petite fille est hospitalis\u00e9e, depuis l\u2019\u00e2ge de 3 mois, 6 jours sur 7 dans le service de dialyse infantile.<\/p>\n<p>Pour elle, \u00e7a sera un coffret de mini poup\u00e9es \u00ab\u200aLa Petite Sir\u00e8ne\u200a\u00bb. Ici pas de jaloux\u2026 Pour Apolline, sa grande s\u0153ur, venue l\u2019accompagner ce jour-ci, \u00e7a sera une peluche Tic et Tac.<br \/>Ce genre d\u2019actions, \u00ab\u200aon y est tr\u00e8s sensible\u200a\u00bb, confie Karina Durand, la maman d\u2019Ad\u00e9la\u00efde et d\u2019Apolline. \u00ab\u200aDans notre quotidien r\u00e9p\u00e9titif, ritualis\u00e9\u200a\u00bb en raison des soins d\u2019Ad\u00e9la\u00efde \u00ab\u200a\u00e7a fait passer le temps plus vite\u200a\u00bb, ajoute-t-elle.<\/p>\n<p>Cette parenth\u00e8se enchant\u00e9e, orchestr\u00e9e par Marie-H\u00e9l\u00e8ne Petit, \u00e9ducatrice jeunes enfants au <a href=\"https:\/\/www.estrepublicain.fr\/d\/dans-les-coulisses-du-chru-de-nancy-9fc0d891-f9ec-404b-84ac-4855014b2e11\" target=\"_blank\" rel=\"noopener\">CHRU de Brabois<\/a> en lien avec les \u00e9quipes de Disney, offre un peu de r\u00e9pit et de baume au c\u0153ur aux proches mais aussi aux \u00e9quipes soignantes.<\/p>\n<p>\u00ab\u200aPour les familles, c\u2019est tr\u00e8s important. Elles ne se sentent pas d\u00e9laiss\u00e9es dans cette p\u00e9riode de f\u00eates et observent que les gens de l\u2019ext\u00e9rieur pensent \u00e0 elles\u200a\u00bb, explique Marie-H\u00e9l\u00e8ne Petit, v\u00eatue des habits de m\u00e8re No\u00ebl pour l\u2019occasion.<\/p>\n<p>\u00abPenser \u00e0 autre chose\u00bb<\/p>\n<p>Pas tr\u00e8s loin d\u2019Ad\u00e9la\u00efde et de sa famille, une autre petite fille attend impatiemment dans sa chambre cette distribution de No\u00ebl\u200a: Ali\u00e9nor, 7 ans, dialys\u00e9e, en attente de greffe de rein, a le sourire jusqu\u2019aux oreilles. Dans la montagne de cadeaux, elle ne sait lequel choisir.<\/p>\n<p>\u00ab\u200aC\u2019est un moment qui fait du bien \u00e0 l\u2019enfant. \u00c7a permet de penser \u00e0 autre chose\u200a\u00bb, souligne sa maman, Delphine. \u00c7a y est, Alin\u00e9or a trouv\u00e9 son cadeau\u200a ! C\u2019est un Winnie l\u2019ourson d\u00e9guis\u00e9 en ananas.<\/p>\n<p>D\u2019autres peluches \u00e0 l\u2019effigie de <a href=\"https:\/\/www.estrepublicain.fr\/magazine-tourisme-et-patrimoine\/2025\/08\/25\/je-resterai-une-fille-de-l-est-a-disneyland-paris-la-doubienne-france-rougeot-gouvernante-5-etoiles\" target=\"_blank\" rel=\"noopener\">Disney<\/a>, livres, figurines et jeux de soci\u00e9t\u00e9 combleront de joie les enfants des autres services de l&rsquo;h\u00f4pital de Nancy-Brabois et \u00e0 l&rsquo;Institut national des jeunes sourds \u00e0 Metz en ces f\u00eates de fin d\u2019ann\u00e9e.<\/p>\n<p>Ce sont quelque 360 cadeaux qui ont \u00e9t\u00e9 offerts par <a href=\"https:\/\/www.estrepublicain.fr\/economie\/2025\/09\/28\/disneyland-paris-ces-entreprises-lorraines-qui-font-rayonner-le-parc-d-attractions\" target=\"_blank\" rel=\"noopener\">Disney<\/a> sur les deux sites cette ann\u00e9e. Ils ont \u00e9t\u00e9 pr\u00e9par\u00e9s et emball\u00e9s b\u00e9n\u00e9volement par <a href=\"https:\/\/www.estrepublicain.fr\/economie\/2025\/12\/11\/phantom-manor-the-small-world-la-lorraine-nadege-monett-est-chapeliere-modiste-a-disneyland-paris\" target=\"_blank\" rel=\"noopener\">les personnels du parc d\u2019attractions<\/a>, \u00ab\u200ales Disney VoluntEARS\u200a\u00bb lors d\u2019une journ\u00e9e sp\u00e9ciale organis\u00e9e d\u00e9but d\u00e9cembre en r\u00e9gion parisienne.<\/p>\n<p>En tout, pour cette \u00e9dition 2026, pr\u00e8s de 11\u200a000 cadeaux ont \u00e9t\u00e9 distribu\u00e9s aux enfants hospitalis\u00e9s aux quatre coins de la France mais aussi en Belgique et en Espagne.<\/p>\n","protected":false},"excerpt":{"rendered":"Derri\u00e8re ses petites lunettes rondes, Ad\u00e9la\u00efde, 6 ans, a les yeux qui p\u00e9tillent. Elle la voit, la hotte&hellip;\n","protected":false},"author":2,"featured_media":631587,"comment_status":"","ping_status":"","sticky":false,"template":"","format":"standard","meta":{"footnotes":""},"categories":[9635],"tags":[1111,11,1687,1704,1777,674,107,1011,27,775,1702,12,3456,25,71,104],"class_list":{"0":"post-631586","1":"post","2":"type-post","3":"status-publish","4":"format-standard","5":"has-post-thumbnail","7":"category-nancy","8":"tag-actu","9":"tag-actualites","10":"tag-culture-loisirs","11":"tag-edition-nancy-et-agglomeration","12":"tag-eu","13":"tag-europe","14":"tag-fil-info","15":"tag-fr","16":"tag-france","17":"tag-grand-est","18":"tag-nancy","19":"tag-news","20":"tag-region-lorraine","21":"tag-republique-francaise","22":"tag-sante","23":"tag-societe"},"share_on_mastodon":{"url":"https:\/\/pubeurope.com\/@fr\/115812980644384441","error":""},"_links":{"self":[{"href":"https:\/\/www.europesays.com\/fr\/wp-json\/wp\/v2\/posts\/631586","targetHints":{"allow":["GET"]}}],"collection":[{"href":"https:\/\/www.europesays.com\/fr\/wp-json\/wp\/v2\/posts"}],"about":[{"href":"https:\/\/www.europesays.com\/fr\/wp-json\/wp\/v2\/types\/post"}],"author":[{"embeddable":true,"href":"https:\/\/www.europesays.com\/fr\/wp-json\/wp\/v2\/users\/2"}],"replies":[{"embeddable":true,"href":"https:\/\/www.europesays.com\/fr\/wp-json\/wp\/v2\/comments?post=631586"}],"version-history":[{"count":0,"href":"https:\/\/www.europesays.com\/fr\/wp-json\/wp\/v2\/posts\/631586\/revisions"}],"wp:featuredmedia":[{"embeddable":true,"href":"https:\/\/www.europesays.com\/fr\/wp-json\/wp\/v2\/media\/631587"}],"wp:attachment":[{"href":"https:\/\/www.europesays.com\/fr\/wp-json\/wp\/v2\/media?parent=631586"}],"wp:term":[{"taxonomy":"category","embeddable":true,"href":"https:\/\/www.europesays.com\/fr\/wp-json\/wp\/v2\/categories?post=631586"},{"taxonomy":"post_tag","embeddable":true,"href":"https:\/\/www.europesays.com\/fr\/wp-json\/wp\/v2\/tags?post=631586"}],"curies":[{"name":"wp","href":"https:\/\/api.w.org\/{rel}","templated":true}]}}