{"id":631590,"date":"2025-12-31T07:25:08","date_gmt":"2025-12-31T07:25:08","guid":{"rendered":"https:\/\/www.europesays.com\/fr\/631590\/"},"modified":"2025-12-31T07:25:08","modified_gmt":"2025-12-31T07:25:08","slug":"paris-plus-proche-que-jamais-depuis-laeroport-de-montpellier-mediterranee","status":"publish","type":"post","link":"https:\/\/www.europesays.com\/fr\/631590\/","title":{"rendered":"Paris plus proche que jamais depuis l\u2019a\u00e9roport de Montpellier M\u00e9diterran\u00e9e"},"content":{"rendered":"<p>                    Par<br \/>\n        <strong><br \/>\n            <a href=\"https:\/\/actu.fr\/auteur\/manon-haddouche\" title=\"Consulter tous les articles de Manon Haddouche\" target=\"_blank\" rel=\"noopener\">Manon Haddouche<\/a><br \/>\n                    <\/strong><\/p>\n<p>        Publi\u00e9 le<\/p>\n<p>            31 d\u00e9c. 2025 \u00e0 6h12        <\/p>\n<p>Rejoindre Paris depuis Montpellier n\u2019a jamais \u00e9t\u00e9 aussi rapide, ni aussi simple. Alors que Transavia propose actuellement des <strong>vols Montpellier\u2013Paris Orly<\/strong> \u00e0 partir de <strong>61 \u20ac<\/strong> (Prix d\u2019appel sur un vol aller simple, modalit\u00e9s compl\u00e8tes \u00e0 retrouver par ici), l\u2019a\u00e9roport du sud parisien est d\u00e9sormais<strong> directement reli\u00e9 au c\u0153ur de la capitale<\/strong> par la <strong>ligne 14 du m\u00e9tro<\/strong>. Une combinaison gagnante pour les voyageurs d\u2019affaires comme pour les amateurs d\u2019escapades urbaines. Au d\u00e9part de l\u2019a\u00e9roport montpelli\u00e9rain, les vols vers Paris-Orly sont quotidiens, avec <strong>jusqu\u2019\u00e0 trois rotations par jour<\/strong>. Une fois arriv\u00e9, quelques minutes suffisent pour passer de l\u2019avion au m\u00e9tro : la station Orly de la ligne 14 se situe juste en face du terminal 3.<\/p>\n<p>Paris plus vite, sans correspondance<\/p>\n<p class=\" wall-content\">Depuis le 24 juin, le m\u00e9tro parisien dessert directement l\u2019a\u00e9roport d\u2019Orly. D\u00e9cid\u00e9 dans le cadre des Jeux Olympiques, le prolongement de la ligne 14, enti\u00e8rement automatis\u00e9e, permet de rejoindre le centre de Paris en seulement 25 minutes, notamment jusqu\u2019\u00e0 Ch\u00e2telet-Les Halles. Une \u00e9volution majeure pour les voyageurs en provenance de Montpellier, qui devaient jusqu\u2019ici composer avec plusieurs alternatives : l\u2019Orlyval puis le RER B, co\u00fbteux et peu pratique ; l\u2019Orlybus, soumis aux embouteillages ; ou encore le taxi, plus confortable mais nettement plus cher. Le tarif du trajet en m\u00e9tro est fix\u00e9 \u00e0 13\u20ac, pour un transport sans al\u00e9as de circulation et op\u00e9rationnel m\u00eame en cas de gr\u00e8ve (la ligne \u00e9tant, donc, automatis\u00e9e).<\/p>\n<p>Toute la ville \u00e0 port\u00e9e de ligne 14<\/p>\n<p class=\" wall-content\">La ligne traverse des points n\u00e9vralgiques de la capitale : Bercy et l\u2019Accor Arena, la gare de Lyon, Ch\u00e2telet-Les Halles (carrefour central du r\u00e9seau parisien) ou encore Saint-Lazare, au c\u0153ur des quartiers de shopping et des grandes lignes ferroviaires. Autant de connexions directes qui facilitent tous les d\u00e9placements.<\/p>\n<p><strong>&gt; Pratique :<\/strong> Avec la compagnie Transavia, Vol Montpellier \u2013 Paris Orly, jusqu\u2019\u00e0 trois vols par jour, \u00e0 partir de 61\u20ac. Prix d\u2019appel sur un vol aller simple, hors frais de service et bagages, non remboursable et non modifiable, soumis \u00e0 disponibilit\u00e9s. Des frais variables s\u2019appliquent pour les bagages cabine et les bagages en soute. Voir conditions sur <a href=\"http:\/\/transavia.com\" target=\"_blank\" rel=\"noopener\">transavia.com\u00a0<\/a><\/p>\n<p class=\" wall-content\">Personnalisez votre actualit\u00e9 en ajoutant vos villes et m\u00e9dias en favori avec <a href=\"https:\/\/moncompte.actu.fr\" title=\"D\u00e9couvez Mon Actu\" rel=\"nofollow noopener\" data-trk=\"{&quot;cta&quot;:{&quot;action&quot;:&quot;https:\\\/\\\/moncompte.actu.fr&quot;,&quot;category&quot;:&quot;mon compte&quot;,&quot;from&quot;:&quot;article footer&quot;,&quot;name&quot;:&quot;Mon actu&quot;,&quot;type&quot;:&quot;cta&quot;}}\" target=\"_blank\">Mon Actu<\/a>.<\/p>\n","protected":false},"excerpt":{"rendered":"Par Manon Haddouche Publi\u00e9 le 31 d\u00e9c. 2025 \u00e0 6h12 Rejoindre Paris depuis Montpellier n\u2019a jamais \u00e9t\u00e9 aussi&hellip;\n","protected":false},"author":2,"featured_media":631591,"comment_status":"","ping_status":"","sticky":false,"template":"","format":"standard","meta":{"footnotes":""},"categories":[9599],"tags":[1111,11,1777,674,1011,27,1305,2208,12,2680,25],"class_list":{"0":"post-631590","1":"post","2":"type-post","3":"status-publish","4":"format-standard","5":"has-post-thumbnail","7":"category-montpellier","8":"tag-actu","9":"tag-actualites","10":"tag-eu","11":"tag-europe","12":"tag-fr","13":"tag-france","14":"tag-lifestyle","15":"tag-montpellier","16":"tag-news","17":"tag-occitanie","18":"tag-republique-francaise"},"share_on_mastodon":{"url":"https:\/\/pubeurope.com\/@fr\/115812992539567904","error":""},"_links":{"self":[{"href":"https:\/\/www.europesays.com\/fr\/wp-json\/wp\/v2\/posts\/631590","targetHints":{"allow":["GET"]}}],"collection":[{"href":"https:\/\/www.europesays.com\/fr\/wp-json\/wp\/v2\/posts"}],"about":[{"href":"https:\/\/www.europesays.com\/fr\/wp-json\/wp\/v2\/types\/post"}],"author":[{"embeddable":true,"href":"https:\/\/www.europesays.com\/fr\/wp-json\/wp\/v2\/users\/2"}],"replies":[{"embeddable":true,"href":"https:\/\/www.europesays.com\/fr\/wp-json\/wp\/v2\/comments?post=631590"}],"version-history":[{"count":0,"href":"https:\/\/www.europesays.com\/fr\/wp-json\/wp\/v2\/posts\/631590\/revisions"}],"wp:featuredmedia":[{"embeddable":true,"href":"https:\/\/www.europesays.com\/fr\/wp-json\/wp\/v2\/media\/631591"}],"wp:attachment":[{"href":"https:\/\/www.europesays.com\/fr\/wp-json\/wp\/v2\/media?parent=631590"}],"wp:term":[{"taxonomy":"category","embeddable":true,"href":"https:\/\/www.europesays.com\/fr\/wp-json\/wp\/v2\/categories?post=631590"},{"taxonomy":"post_tag","embeddable":true,"href":"https:\/\/www.europesays.com\/fr\/wp-json\/wp\/v2\/tags?post=631590"}],"curies":[{"name":"wp","href":"https:\/\/api.w.org\/{rel}","templated":true}]}}