{"id":631594,"date":"2025-12-31T07:27:22","date_gmt":"2025-12-31T07:27:22","guid":{"rendered":"https:\/\/www.europesays.com\/fr\/631594\/"},"modified":"2025-12-31T07:27:22","modified_gmt":"2025-12-31T07:27:22","slug":"a-crecy-un-conte-pour-raconter-noel","status":"publish","type":"post","link":"https:\/\/www.europesays.com\/fr\/631594\/","title":{"rendered":"\u00c0 Cr\u00e9cy, un conte pour raconter No\u00ebl"},"content":{"rendered":"<p>                    Par<br \/>\n        <strong><br \/>\n            <a href=\"https:\/\/actu.fr\/auteur\/redaction-abbeville\" title=\"Consulter tous les articles de R\u00e9daction Le Journal d&#039;Abbeville\" target=\"_blank\" rel=\"noopener\">R\u00e9daction Le Journal d&rsquo;Abbeville<\/a><br \/>\n                    <\/strong><\/p>\n<p>        Publi\u00e9 le<\/p>\n<p>            29 d\u00e9c. 2025 \u00e0 15h30        <\/p>\n<p>Le comit\u00e9 des f\u00eates offre chaque ann\u00e9e aux cr\u00e9c\u00e9ens un spectacle diff\u00e9rents <b>dans la grande salle du casino.<\/b><\/p>\n<p>    <img   decoding=\"async\" loading=\"lazy\" class=\"size-large\" src=\"https:\/\/www.europesays.com\/fr\/wp-content\/uploads\/2025\/12\/e2679461de496f6679461de49ca679v-768x640.jpg\" alt=\"Avec la lanterne magique\" width=\"768\" height=\"640\"\/><br \/>\n    Avec la lanterne magique elle va pouvoir rejoindre les lutins \u00a9Michel VIOLET<\/p>\n<p class=\" wall-content\">Apr\u00e8s la magie, les clowns et des sketchs, c\u2019est <b>un conte qui a \u00e9t\u00e9 retenu cette ann\u00e9e.<\/b><\/p>\n<p>Des bons d\u2019achat pour 125 enfants<\/p>\n<p class=\" wall-content\">La troupe <b>\u00ab Les Emer\u2019 Veilleurs \u00bb <\/b>venant du Nord, a fait revivre le parcours d\u2019une petite fille \u00ab\u00a0Shana\u00efssha\u00a0\u00bb pour rejoindre, avec difficult\u00e9s, la fabrique de jouets des lutins du P\u00e8re No\u00ebl.<\/p>\n<p>    <img   decoding=\"async\" loading=\"lazy\" class=\"size-large\" src=\"https:\/\/www.europesays.com\/fr\/wp-content\/uploads\/2025\/12\/bd3c5561de496e14c5561de49c54c5v-768x640.jpg\" alt=\"Les deux artistes sur sc\u00e8ne\" width=\"768\" height=\"640\"\/><br \/>\n    Les deux artistes sur sc\u00e8ne.\u00a0 \u00a9Michel VIOLET<\/p>\n<p class=\" wall-content\">Gr\u00e2ce \u00e0 sa lanterne magique et \u00e0 Nill\u00e9on le Y\u00e9ti, elle r\u00e9ussit \u00e0 voir l\u2019atelier et \u00e0 revenir avec sa lanterne qui lui permit alors de raconter des histoires du monde entier, dans un d\u00e9cor fantastique et merveilleux.<\/p>\n<p>Vid\u00e9os : en ce moment sur Actu<br \/>\n    <img   decoding=\"async\" loading=\"lazy\" class=\"size-large\" src=\"https:\/\/www.europesays.com\/fr\/wp-content\/uploads\/2025\/12\/af4cc561de496b35cc561de49a75ccv-768x640.jpg\" alt=\"P\u00e8re No\u00ebl pose pour la photo\" width=\"768\" height=\"640\"\/><br \/>\n    Le P\u00e8re No\u00ebl pose pour la photo. \u00a9Michel VIOLET<\/p>\n<p class=\" wall-content\">A l\u2019issue du spectacle , le P\u00e8re No\u00ebl distribua aux <b>125 enfants des bons d\u2019achat de 15 \u20ac pour aider \u00e0 l\u2019achat d\u2019un jouet \u00e0 leur convenance<\/b>.<\/p>\n<p>Votre r\u00e9gion, votre actu !<\/p>\n<p>Recevez chaque jour les infos qui comptent pour vous.<\/p>\n<p>\t<a href=\"https:\/\/actu.fr\/newsletter\" class=\"ac-btn ac-btn--corner ac-btn--medium ac-btn--blue800\" target=\"_blank\" rel=\"noopener\">S&rsquo;incrire<\/a><\/p>\n<p class=\" wall-content\">Un go\u00fbter pour tous suivit la distribution.<\/p>\n<p class=\" wall-content\">Personnalisez votre actualit\u00e9 en ajoutant vos villes et m\u00e9dias en favori avec <a href=\"https:\/\/moncompte.actu.fr\" title=\"D\u00e9couvez Mon Actu\" rel=\"nofollow noopener\" data-trk=\"{&quot;cta&quot;:{&quot;action&quot;:&quot;https:\\\/\\\/moncompte.actu.fr&quot;,&quot;category&quot;:&quot;mon compte&quot;,&quot;from&quot;:&quot;article footer&quot;,&quot;name&quot;:&quot;Mon actu&quot;,&quot;type&quot;:&quot;cta&quot;}}\" target=\"_blank\">Mon Actu<\/a>.<\/p>\n","protected":false},"excerpt":{"rendered":"Par R\u00e9daction Le Journal d&rsquo;Abbeville Publi\u00e9 le 29 d\u00e9c. 2025 \u00e0 15h30 Le comit\u00e9 des f\u00eates offre chaque&hellip;\n","protected":false},"author":2,"featured_media":631595,"comment_status":"","ping_status":"","sticky":false,"template":"","format":"standard","meta":{"footnotes":""},"categories":[9587],"tags":[1111,11,1777,674,1011,27,12,15830,5161,25,9590,104],"class_list":{"0":"post-631594","1":"post","2":"type-post","3":"status-publish","4":"format-standard","5":"has-post-thumbnail","7":"category-rouen","8":"tag-actu","9":"tag-actualites","10":"tag-eu","11":"tag-europe","12":"tag-fr","13":"tag-france","14":"tag-news","15":"tag-noel","16":"tag-normandie","17":"tag-republique-francaise","18":"tag-rouen","19":"tag-societe"},"share_on_mastodon":{"url":"https:\/\/pubeurope.com\/@fr\/115813000441523256","error":""},"_links":{"self":[{"href":"https:\/\/www.europesays.com\/fr\/wp-json\/wp\/v2\/posts\/631594","targetHints":{"allow":["GET"]}}],"collection":[{"href":"https:\/\/www.europesays.com\/fr\/wp-json\/wp\/v2\/posts"}],"about":[{"href":"https:\/\/www.europesays.com\/fr\/wp-json\/wp\/v2\/types\/post"}],"author":[{"embeddable":true,"href":"https:\/\/www.europesays.com\/fr\/wp-json\/wp\/v2\/users\/2"}],"replies":[{"embeddable":true,"href":"https:\/\/www.europesays.com\/fr\/wp-json\/wp\/v2\/comments?post=631594"}],"version-history":[{"count":0,"href":"https:\/\/www.europesays.com\/fr\/wp-json\/wp\/v2\/posts\/631594\/revisions"}],"wp:featuredmedia":[{"embeddable":true,"href":"https:\/\/www.europesays.com\/fr\/wp-json\/wp\/v2\/media\/631595"}],"wp:attachment":[{"href":"https:\/\/www.europesays.com\/fr\/wp-json\/wp\/v2\/media?parent=631594"}],"wp:term":[{"taxonomy":"category","embeddable":true,"href":"https:\/\/www.europesays.com\/fr\/wp-json\/wp\/v2\/categories?post=631594"},{"taxonomy":"post_tag","embeddable":true,"href":"https:\/\/www.europesays.com\/fr\/wp-json\/wp\/v2\/tags?post=631594"}],"curies":[{"name":"wp","href":"https:\/\/api.w.org\/{rel}","templated":true}]}}