{"id":631614,"date":"2025-12-31T07:38:13","date_gmt":"2025-12-31T07:38:13","guid":{"rendered":"https:\/\/www.europesays.com\/fr\/631614\/"},"modified":"2025-12-31T07:38:13","modified_gmt":"2025-12-31T07:38:13","slug":"voici-les-boulangeries-qui-resteront-ouvertes-le-1%e1%b5%89%ca%b3-janvier","status":"publish","type":"post","link":"https:\/\/www.europesays.com\/fr\/631614\/","title":{"rendered":"voici les boulangeries qui resteront ouvertes le 1\u1d49\u02b3 janvier"},"content":{"rendered":"<p>                    Par<br \/>\n        <strong><br \/>\n            <a href=\"https:\/\/actu.fr\/auteur\/laure-gentil\" title=\"Consulter tous les articles de Laure Gentil\" target=\"_blank\" rel=\"noopener\">Laure Gentil<\/a><br \/>\n                    <\/strong><\/p>\n<p>        Publi\u00e9 le<\/p>\n<p>            31 d\u00e9c. 2025 \u00e0 7h00        <\/p>\n<p>Comme pour le 25 d\u00e9cembre, trouver une<b> boulangerie ouverte un 1\u1d49\u02b3 janvier <\/b>peut vite ressembler \u00e0 un des douze travaux d\u2019Hercule.<\/p>\n<p class=\" wall-content\">La r\u00e9daction d\u2019actu Nantes a recherch\u00e9 pour vous et n\u2019a trouv\u00e9 que<b> deux boulangeries ouvertes<\/b> pour le tout premier jour de l\u2019ann\u00e9e. Il s\u2019agit bien s\u00fbr d\u2019une liste non exhaustive.\u00a0<\/p>\n<p>Les boulangeries qui resteront ouvertes le 1\u1d49\u02b3 janvier<\/p>\n<ul class=\" wall-content\">\n<li><b>Run <\/b>sera ouvert de 8 h 30 \u00e0 17 h : 66 rue Saint-Jacques (02 28 43 09 42).<\/li>\n<li>L\u2019<b>autre Boulangerie-Cassini<\/b>\u00a0sera ouverte de 7\u2009h\u200930 \u00e0 13\u2009h\u2009: 4 rue Cassini (02\u200928\u200901\u200945\u200933).<\/li>\n<\/ul>\n<p class=\" wall-content\">Personnalisez votre actualit\u00e9 en ajoutant vos villes et m\u00e9dias en favori avec <a href=\"https:\/\/moncompte.actu.fr\" title=\"D\u00e9couvez Mon Actu\" rel=\"nofollow noopener\" data-trk=\"{&quot;cta&quot;:{&quot;action&quot;:&quot;https:\\\/\\\/moncompte.actu.fr&quot;,&quot;category&quot;:&quot;mon compte&quot;,&quot;from&quot;:&quot;article footer&quot;,&quot;name&quot;:&quot;Mon actu&quot;,&quot;type&quot;:&quot;cta&quot;}}\" target=\"_blank\">Mon Actu<\/a>.<\/p>\n","protected":false},"excerpt":{"rendered":"Par Laure Gentil Publi\u00e9 le 31 d\u00e9c. 2025 \u00e0 7h00 Comme pour le 25 d\u00e9cembre, trouver une boulangerie&hellip;\n","protected":false},"author":2,"featured_media":631615,"comment_status":"","ping_status":"","sticky":false,"template":"","format":"standard","meta":{"footnotes":""},"categories":[2818],"tags":[1111,11,215,1777,674,1011,27,766,12,73900,2636,25,104],"class_list":{"0":"post-631614","1":"post","2":"type-post","3":"status-publish","4":"format-standard","5":"has-post-thumbnail","7":"category-nantes","8":"tag-actu","9":"tag-actualites","10":"tag-commerce","11":"tag-eu","12":"tag-europe","13":"tag-fr","14":"tag-france","15":"tag-nantes","16":"tag-news","17":"tag-nouvel-an-a-nantes","18":"tag-pays-de-la-loire","19":"tag-republique-francaise","20":"tag-societe"},"share_on_mastodon":{"url":"https:\/\/pubeurope.com\/@fr\/115813043613283275","error":""},"_links":{"self":[{"href":"https:\/\/www.europesays.com\/fr\/wp-json\/wp\/v2\/posts\/631614","targetHints":{"allow":["GET"]}}],"collection":[{"href":"https:\/\/www.europesays.com\/fr\/wp-json\/wp\/v2\/posts"}],"about":[{"href":"https:\/\/www.europesays.com\/fr\/wp-json\/wp\/v2\/types\/post"}],"author":[{"embeddable":true,"href":"https:\/\/www.europesays.com\/fr\/wp-json\/wp\/v2\/users\/2"}],"replies":[{"embeddable":true,"href":"https:\/\/www.europesays.com\/fr\/wp-json\/wp\/v2\/comments?post=631614"}],"version-history":[{"count":0,"href":"https:\/\/www.europesays.com\/fr\/wp-json\/wp\/v2\/posts\/631614\/revisions"}],"wp:featuredmedia":[{"embeddable":true,"href":"https:\/\/www.europesays.com\/fr\/wp-json\/wp\/v2\/media\/631615"}],"wp:attachment":[{"href":"https:\/\/www.europesays.com\/fr\/wp-json\/wp\/v2\/media?parent=631614"}],"wp:term":[{"taxonomy":"category","embeddable":true,"href":"https:\/\/www.europesays.com\/fr\/wp-json\/wp\/v2\/categories?post=631614"},{"taxonomy":"post_tag","embeddable":true,"href":"https:\/\/www.europesays.com\/fr\/wp-json\/wp\/v2\/tags?post=631614"}],"curies":[{"name":"wp","href":"https:\/\/api.w.org\/{rel}","templated":true}]}}