{"id":631620,"date":"2025-12-31T07:41:11","date_gmt":"2025-12-31T07:41:11","guid":{"rendered":"https:\/\/www.europesays.com\/fr\/631620\/"},"modified":"2025-12-31T07:41:11","modified_gmt":"2025-12-31T07:41:11","slug":"les-dix-evenements-marquants-qui-ont-bouscule-lactualite-a-bordeaux-en-2025","status":"publish","type":"post","link":"https:\/\/www.europesays.com\/fr\/631620\/","title":{"rendered":"Les dix \u00e9v\u00e9nements marquants qui ont bouscul\u00e9 l&rsquo;actualit\u00e9 \u00e0 Bordeaux en 2025"},"content":{"rendered":"<p>                    Par<br \/>\n        <strong><br \/>\n            <a href=\"https:\/\/actu.fr\/auteur\/sports33\" title=\"Consulter tous les articles de Nicolas Gosselin\" target=\"_blank\" rel=\"noopener\">Nicolas Gosselin<\/a><br \/>\n                    <\/strong><\/p>\n<p>        Publi\u00e9 le<\/p>\n<p>            31 d\u00e9c. 2025 \u00e0 7h12        <\/p>\n<p>Comme toujours, une actualit\u00e9 en chasse une autre et au moment de f\u00eater la nouvelle ann\u00e9e, il est temps de jeter un coup d\u2019\u0153il dans le r\u00e9tro pour se rappeler les faits qui ont <strong>fa\u00e7onn\u00e9 cette ann\u00e9e 2025 \u00e0 Bordeaux<\/strong>. On a s\u00e9lectionn\u00e9 <strong>dix \u00e9v\u00e9nements marquants<\/strong>.<\/p>\n<p>La mort inattendue de Nicolas Florian<\/p>\n<p class=\" wall-content\">Il se pr\u00e9parait \u00e0 prendre sa revanche sur Pierre Hurmic. Battu au second tour par le maire \u00e9cologiste, Nicolas Florian \u00e9tait dans les startings-blocks pour se lancer dans les \u00e9lections municipales 2026. Il avait d\u00e9j\u00e0 pris attache avec Thomas Cazenave pour former une union.<\/p>\n<p class=\" wall-content\">Le successeur d\u2019Alain Jupp\u00e9 \u00e0 la mairie de Bordeaux (2019-2020) \u00e9tait pr\u00eat pour la bataille \u00e9lectorale mais son corps l\u2019a rappel\u00e9 \u00e0 l\u2019ordre subitement. <a href=\"https:\/\/actu.fr\/nouvelle-aquitaine\/bordeaux_33063\/nicolas-florian-l-ancien-maire-de-bordeaux-est-mort-a-55-ans_62169308.html\" target=\"_blank\" rel=\"noopener\">L\u2019\u00e9lu Les R\u00e9publicains est mort d\u2019un AVC<\/a> le 26 janvier, \u00e0 l\u2019\u00e2ge de 55 ans, laissant la ville sous le choc et ses proches sans voix.<\/p>\n<p class=\" wall-content\">Cinq jours plus tard, <a href=\"https:\/\/actu.fr\/nouvelle-aquitaine\/bordeaux_33063\/obseques-de-nicolas-florian-suivez-l-hommage-public-rendu-a-l-ancien-maire-de-bordeaux_62190324.html\" target=\"_blank\" rel=\"noopener\">ses obs\u00e8ques \u00e9taient organis\u00e9s \u00e0 la cath\u00e9drale Saint-Andr\u00e9<\/a>, avec un hommage vibrant rendu juste avant \u00e0 la mairie par son mentor Alain Jupp\u00e9. De nombreux Bordelais sont venus assister \u00e0 la c\u00e9r\u00e9monie fun\u00e9raire, ainsi que des personnalit\u00e9s politiques comme le Premier ministre de l\u2019\u00e9poque Fran\u00e7ois Bayrou ou G\u00e9rald Darmanin.<\/p>\n<p>Les grands travaux du pont de pierre<\/p>\n<p class=\" wall-content\">Les travaux du pont de pierre ont d\u00e9marr\u00e9 doucement le 5 mai, avant de passer la vitesse sup\u00e9rieure durant les vacances d\u2019\u00e9t\u00e9 avec la coupure de la ligne A du tramway pour le bon d\u00e9roul\u00e9 des travaux.<\/p>\n<p class=\" wall-content\">Ce <a href=\"https:\/\/actu.fr\/nouvelle-aquitaine\/bordeaux_33063\/50-mois-de-travaux-pour-sauver-le-pont-de-pierre-en-theorie-il-a-depasse-son-esperance-de-vie_60884823.html\" target=\"_blank\" rel=\"noopener\">chantier titanesque d\u2019une dur\u00e9e de 50 mois<\/a> doit permettre de consolider la structure de l\u2019ouvrage bicentenaire afin d\u2019assurer sa p\u00e9rennit\u00e9. \u00ab\u00a0En th\u00e9orie, il a d\u00e9pass\u00e9 son esp\u00e9rance de vie\u00a0\u00bb, rappelait St\u00e9phane Pokora, directeur de la voirie et des ouvrages d\u2019art au sein de Bordeaux M\u00e9tropole, au moment d\u2019expliquer les \u00e9tapes du chantier.<\/p>\n<p>Pierre Hurmic a chang\u00e9 son fusil d\u2019\u00e9paule<\/p>\n<p class=\" wall-content\">D\u2019abord r\u00e9ticent \u00e0 l\u2019armement de la police municipale avant son \u00e9lection, voire au d\u00e9but de son mandat, <a href=\"https:\/\/actu.fr\/nouvelle-aquitaine\/bordeaux_33063\/pierre-hurmic-double-le-nombre-de-policiers-armes-pour-lutter-contre-l-insecurite-a-bordeaux_62924542.html\" target=\"_blank\" rel=\"noopener\">Pierre Hurmic a finalement \u00e9t\u00e9 pragmatique<\/a>, comme il aime \u00e0 le dire, en voyant que l\u2019ins\u00e9curit\u00e9 pouvait gagner du terrain dans sa ville.<\/p>\n<p class=\" wall-content\">Aussi, face aux difficult\u00e9s de recrutement au sein de la police municipale, l\u2019armement des agents constitue un argument de poids en ce sens. R\u00e9sultat : une brigade arm\u00e9e de 15 agents a \u00e9t\u00e9 d\u00e9ploy\u00e9e d\u00e8s la mi-juin.<\/p>\n<p>Votre r\u00e9gion, votre actu !<\/p>\n<p>Recevez chaque jour les infos qui comptent pour vous.<\/p>\n<p>\t<a href=\"https:\/\/actu.fr\/newsletter\" class=\"ac-btn ac-btn--corner ac-btn--medium ac-btn--blue800\" target=\"_blank\" rel=\"noopener\">S&rsquo;incrire<\/a><\/p>\n<p class=\" wall-content\">Et elle a \u00e9t\u00e9 renforc\u00e9e \u00e0 l\u2019automne pour compter d\u00e9sormais 57 membres. \u00ab\u2009Il faut utiliser les outils que l\u2019on pense efficaces pour essayer de r\u00e9pondre \u00e0 un certain nombre de probl\u00e8mes\u2009\u00bb, justifiait le maire, lors d\u2019une pr\u00e9sentation des premiers agents le 17 juillet.<\/p>\n<p>Le premier titre de l\u2019Union Bordeaux-B\u00e8gles<\/p>\n<p class=\" wall-content\">L\u2019Union Bordeaux-B\u00e8gles a \u00e9crit son histoire. Le club girondin a remport\u00e9 le titre europ\u00e9en face \u00e0 Northampton, au terme d\u2019<a href=\"https:\/\/actu.fr\/sports\/rugby\/coupe-deurope\/champions-cup-bordeaux-realise-son-reve-europeen-ce-qui-nous-a-plu-et-deplu_62683809.html\" target=\"_blank\" rel=\"noopener\">une finale rondement men\u00e9e (28-20)<\/a>.<\/p>\n<p class=\" wall-content\">Le soir m\u00eame, puis le lendemain avec les joueurs victorieux, <a href=\"https:\/\/actu.fr\/nouvelle-aquitaine\/bordeaux_33063\/l-union-bordeaux-begles-celebre-son-titre-europeen-avec-les-supporters-suivez-les-festivites-en-direct_62685161.html\" target=\"_blank\" rel=\"noopener\">la f\u00eate a \u00e9t\u00e9 folle avec de grandes sc\u00e8nes de liesse<\/a> dans les rues de Bordeaux pour ce premier titre du club.<\/p>\n<p>    <img   decoding=\"async\" loading=\"lazy\" src=\"https:\/\/www.europesays.com\/fr\/wp-content\/uploads\/2025\/12\/ubb-bus-imperiale-bordeaux-fete-titre-960x640.jpg\" alt=\"Les joueurs de l'UBB sont mont\u00e9s dans un bus \u00e0 imp\u00e9riale en direction de la place des Quinconces.\" width=\"960\" height=\"640\"\/><br \/>\n    Les joueurs de l\u2019UBB sont mont\u00e9s dans un bus \u00e0 imp\u00e9riale en direction de la place des Quinconces. (\u00a9Actu Bordeaux \/ Aur\u00e9lien Cardot)<\/p>\n<p class=\" wall-content\">Il a m\u00eame failli \u00eatre couronn\u00e9 d\u2019un deuxi\u00e8me dans la foul\u00e9e, avec le Brennus, mais comme en 2024, l\u2019UBB s\u2019est inclin\u00e9e en finale face \u00e0 Toulouse (39-33).<\/p>\n<p>Les adieux d\u2019Alain Anziani<\/p>\n<p class=\" wall-content\">C\u2019\u00e9tait un secret de Polichinelle. Alain Anziani avait de graves probl\u00e8mes de sant\u00e9 et il avait m\u00eame <a href=\"https:\/\/actu.fr\/nouvelle-aquitaine\/bordeaux_33063\/le-president-de-bordeaux-metropole-alain-anziani-quitte-ses-fonctions-pour-des-raisons-de-sante_60774373.html\" target=\"_blank\" rel=\"noopener\">d\u00fb abandonner son si\u00e8ge de pr\u00e9sident de Bordeaux M\u00e9tropole<\/a> en mars 2024, <a href=\"https:\/\/actu.fr\/nouvelle-aquitaine\/bordeaux_33063\/christine-bost-remplace-alain-anziani-a-la-presidence-et-entre-dans-l-histoire-de-bordeaux-metropole_60822709.html\" target=\"_blank\" rel=\"noopener\">laissant la place \u00e0 la socialiste Christine Bost<\/a>.<\/p>\n<p class=\" wall-content\">Depuis des mois d\u00e9j\u00e0, on le voyait affaibli par la maladie. Elle a fini par l\u2019emporter le 19 juillet. L\u2019ancien pr\u00e9sident de la M\u00e9tropole et maire de M\u00e9rignac, grande personnalit\u00e9 politique bordelaise, a eu le droit \u00e0 <a href=\"https:\/\/actu.fr\/nouvelle-aquitaine\/merignac_33281\/deces-d-alain-anziani-de-pierre-hurmic-a-francois-hollande-les-hommages-a-l-ancien-maire-de-merignac_62935609.html\" target=\"_blank\" rel=\"noopener\">une vague d\u2019hommages de ses homologues locaux et d\u2019un ancien pr\u00e9sident de la R\u00e9publique<\/a>.<\/p>\n<p>Le Matmut Atlantique, c\u2019est fini<\/p>\n<p class=\" wall-content\">Cons\u00e9quence de <a href=\"https:\/\/actu.fr\/nouvelle-aquitaine\/bordeaux_33063\/girondins-de-bordeaux-la-descente-en-national-2-confirmee-en-appel_61479215.html\" target=\"_blank\" rel=\"noopener\">la d\u00e9gringolade tragique des Girondins de Bordeaux<\/a>, le <a href=\"https:\/\/actu.fr\/tag\/matmut-atlantique\" target=\"_blank\" rel=\"noopener\">stade Matmut Atlantique<\/a> n\u2019est plus. Apr\u00e8s une d\u00e9cennie, \u00e7a fait bizarre.<\/p>\n<p class=\" wall-content\">Rassurez-vous, il n\u2019a pas \u00e9t\u00e9 ras\u00e9 \u2013 m\u00eame si <a href=\"https:\/\/actu.fr\/tag\/pierre-hurmic\" target=\"_blank\" rel=\"noopener\">Pierre Hurmic<\/a> r\u00e9p\u00e8te \u00e0 l\u2019envi qu\u2019il n\u2019aurait jamais d\u00fb \u00eatre construit \u2013 il a juste perdu son nom.<\/p>\n<p class=\" wall-content\">Le contrat de naming, qui portait sur dix ans, est arriv\u00e9 \u00e0 \u00e9ch\u00e9ance et l\u2019assureur, qui payait deux millions d\u2019euros par an pour donner son nom \u00e0 l\u2019enceinte sportive, n\u2019a pas souhait\u00e9 le renouveler vu la faible exposition offerte par les <a href=\"https:\/\/actu.fr\/tag\/girondins-de-bordeaux\" target=\"_blank\" rel=\"noopener\">Girondins de Bordeaux<\/a> en National 2.<\/p>\n<p>Un \u00e9t\u00e9 plus chaud que jamais en Gironde<\/p>\n<p class=\" wall-content\">Ce n\u2019est pas une surprise avec le <a href=\"https:\/\/actu.fr\/tag\/rechauffement-climatique\" target=\"_blank\" rel=\"noopener\">r\u00e9chauffement climatique<\/a>. L\u2019\u00e9t\u00e9 2025 a battu des records de chaleur en Gironde et notamment \u00e0 Bordeaux.<\/p>\n<p class=\" wall-content\">Dans la capitale girondine, <strong>le mercure a atteint les 41,6 degr\u00e9s<\/strong> le 11 ao\u00fbt, battant l\u2019ancien record du 23 juillet 2019 (41,2 degr\u00e9s). \u00c0 noter que les relev\u00e9s \u00e0 la station de Bordeaux-M\u00e9rignac ont d\u00e9marr\u00e9 en 1920.<\/p>\n<p class=\" wall-content\">Plus globalement, les <a href=\"https:\/\/actu.fr\/tag\/vague-de-chaleur\" target=\"_blank\" rel=\"noopener\">\u00e9pisodes de forte chaleur<\/a> et <a href=\"https:\/\/actu.fr\/tag\/canicule\" target=\"_blank\" rel=\"noopener\">de canicule<\/a> durant l\u2019\u00e9t\u00e9 avec des temp\u00e9ratures parfois \u00e9touffantes m\u00eame la nuit.<\/p>\n<p>La dette historique et abyssale du D\u00e9partement<\/p>\n<p class=\" wall-content\">Le 13 octobre, le Conseil d\u00e9partemental de la Gironde a <a href=\"https:\/\/actu.fr\/nouvelle-aquitaine\/bordeaux_33063\/en-gironde-un-budget-au-deficit-historique-fait-planer-la-menace-d-une-mise-sous-tutelle-du-departement_63292930.html\" target=\"_blank\" rel=\"noopener\">soumis au vote une r\u00e9vision du budget 2025,<\/a> affichant un solde n\u00e9gatif record.<\/p>\n<p class=\" wall-content\">Au total, on parle d\u2019un d\u00e9ficit in\u00e9dit de 101,7 millions d\u2019euros. Lors de la s\u00e9ance pl\u00e9ni\u00e8re du 1er d\u00e9cembre, le D\u00e9partement de la Gironde a pr\u00e9sent\u00e9 son plan de retour \u00e0 l\u2019\u00e9quilibre pour \u00e9viter la mise sous tutelle.<\/p>\n<p class=\" wall-content\">Pour ce faire, <a href=\"https:\/\/actu.fr\/nouvelle-aquitaine\/bordeaux_33063\/face-a-un-deficit-inedit-le-departement-de-la-gironde-presente-un-plan-d-economies-drastiques_63515068.html\" target=\"_blank\" rel=\"noopener\">la collectivit\u00e9 pr\u00e9voit des \u00e9conomies drastiques<\/a> qui vont impacter durement de nombreux domaines, comme la culture et les associations par exemple.<\/p>\n<p>Le r\u00e9seau TBM passe de trois \u00e0 cinq lignes de tramway<\/p>\n<p class=\" wall-content\">Le 6 d\u00e9cembre, <a href=\"https:\/\/actu.fr\/nouvelle-aquitaine\/bordeaux_33063\/les-deux-nouvelles-lignes-de-tram-a-bordeaux-c-est-pour-tres-bientot-ce-qui-change-sur-le-reseau-tbm_63529988.html\" target=\"_blank\" rel=\"noopener\">deux nouvelles lignes de tramway ont \u00e9t\u00e9 inaugur\u00e9es \u00e0 Bordeaux<\/a> : la E et la F. Il ne s\u2019agit pas \u00e0 proprement parler de nouvelles lignes, dans le sens o\u00f9 elles reprennent des parcours d\u00e9j\u00e0 existants.<\/p>\n<p class=\" wall-content\">En fait, gr\u00e2ce aux travaux d\u2019aiguillage de la Porte de Bourgogne durant l\u2019\u00e9t\u00e9, la ligne E permet de relier la gare de Blanquefort et le terminus Floirac Dravemont. La rive droite sera ainsi reli\u00e9e sans changement au p\u00f4le d\u2019\u00e9changes de la place des Quinconces.<\/p>\n<p class=\" wall-content\">Et la ligne F permet une liaison directe de la gare de B\u00e8gles \u00e0 l\u2019a\u00e9roport, en passant par la gare Saint-Jean. Sur son trajet on trouve aussi l\u2019h\u00f4pital Pellegrin et l\u2019H\u00f4tel de ville.<\/p>\n<p class=\" wall-content\">Mauvaise nouvelle : l\u2019ajout de ces deux nouvelles lignes apportent <a href=\"https:\/\/actu.fr\/nouvelle-aquitaine\/bordeaux_33063\/c-est-catastrophique-a-bordeaux-la-galere-des-usagers-tbm-depuis-l-arrivee-des-nouvelles-lignes-de-tram_63561948.html\" target=\"_blank\" rel=\"noopener\">de nombreux d\u00e9sagr\u00e9ments sur le r\u00e9seau depuis leur lancement<\/a>.<\/p>\n<p>Les agriculteurs plus en col\u00e8re<\/p>\n<p class=\" wall-content\">La nuit du 11 au 12 d\u00e9cembre, les agriculteurs de la Coordination rurale ont men\u00e9 plusieurs actions \u00e0 Bordeaux, dont \u00e0 la Cit\u00e9 du vin. Ils protestaient contre la politique sanitaire du gouvernement face \u00e0 l\u2019\u00e9pid\u00e9mie de dermatose nodulaire.<\/p>\n<p class=\" wall-content\">Comme en d\u00e9but d\u2019ann\u00e9e 2024 o\u00f9 ils <a href=\"https:\/\/actu.fr\/nouvelle-aquitaine\/bordeaux_33063\/video-les-agriculteurs-deversent-du-lisier-sur-le-miroir-d-eau-a-bordeaux_60804926.html\" target=\"_blank\" rel=\"noopener\">avaient notamment d\u00e9vers\u00e9 du lisier sur le miroir d\u2019eau \u00e0 Bordeaux<\/a>, les agriculteurs r\u00e9clament aussi une r\u00e9mun\u00e9ration d\u00e9cente alors que le Mercosur leur impose une concurrence d\u00e9loyale.<\/p>\n<p class=\" wall-content\">Pour se faire entendre, <a href=\"https:\/\/actu.fr\/nouvelle-aquitaine\/cestas_33122\/autoroute-a63-la-circulation-totale-retablie-apres-le-depart-des-agriculteurs-en-colere_63627994.html\" target=\"_blank\" rel=\"noopener\">les membres de la Coordination rurale ont bloqu\u00e9 l\u2019autoroute A63<\/a> au sud de Bordeaux durant des jours, recevant le soutien d\u2019une bonne partie de la population. M\u00eame <a href=\"https:\/\/actu.fr\/nouvelle-aquitaine\/cestas_33122\/sans-nos-agriculteurs-je-n-existerais-pas-philippe-etchebest-rejoint-le-blocage-de-l-a63-en-gironde_63598725.html\" target=\"_blank\" rel=\"noopener\">Philippe Etchebest y est all\u00e9 pour se faire un coup de pub \u00e0 moindres frais<\/a>.<\/p>\n<p class=\" wall-content\">Personnalisez votre actualit\u00e9 en ajoutant vos villes et m\u00e9dias en favori avec <a href=\"https:\/\/moncompte.actu.fr\" title=\"D\u00e9couvez Mon Actu\" rel=\"nofollow noopener\" data-trk=\"{&quot;cta&quot;:{&quot;action&quot;:&quot;https:\\\/\\\/moncompte.actu.fr&quot;,&quot;category&quot;:&quot;mon compte&quot;,&quot;from&quot;:&quot;article footer&quot;,&quot;name&quot;:&quot;Mon actu&quot;,&quot;type&quot;:&quot;cta&quot;}}\" target=\"_blank\">Mon Actu<\/a>.<\/p>\n","protected":false},"excerpt":{"rendered":"Par Nicolas Gosselin Publi\u00e9 le 31 d\u00e9c. 2025 \u00e0 7h12 Comme toujours, une actualit\u00e9 en chasse une autre&hellip;\n","protected":false},"author":2,"featured_media":631621,"comment_status":"","ping_status":"","sticky":false,"template":"","format":"standard","meta":{"footnotes":""},"categories":[2817],"tags":[1111,11,1997,1777,674,1011,27,5977,12,12414,2219,25,104,4435],"class_list":{"0":"post-631620","1":"post","2":"type-post","3":"status-publish","4":"format-standard","5":"has-post-thumbnail","7":"category-bordeaux","8":"tag-actu","9":"tag-actualites","10":"tag-bordeaux","11":"tag-eu","12":"tag-europe","13":"tag-fr","14":"tag-france","15":"tag-matmut-atlantique","16":"tag-news","17":"tag-nicolas-florian","18":"tag-nouvelle-aquitaine","19":"tag-republique-francaise","20":"tag-societe","21":"tag-ubb-union-bordeaux-begles"},"share_on_mastodon":{"url":"https:\/\/pubeurope.com\/@fr\/115813055483855796","error":""},"_links":{"self":[{"href":"https:\/\/www.europesays.com\/fr\/wp-json\/wp\/v2\/posts\/631620","targetHints":{"allow":["GET"]}}],"collection":[{"href":"https:\/\/www.europesays.com\/fr\/wp-json\/wp\/v2\/posts"}],"about":[{"href":"https:\/\/www.europesays.com\/fr\/wp-json\/wp\/v2\/types\/post"}],"author":[{"embeddable":true,"href":"https:\/\/www.europesays.com\/fr\/wp-json\/wp\/v2\/users\/2"}],"replies":[{"embeddable":true,"href":"https:\/\/www.europesays.com\/fr\/wp-json\/wp\/v2\/comments?post=631620"}],"version-history":[{"count":0,"href":"https:\/\/www.europesays.com\/fr\/wp-json\/wp\/v2\/posts\/631620\/revisions"}],"wp:featuredmedia":[{"embeddable":true,"href":"https:\/\/www.europesays.com\/fr\/wp-json\/wp\/v2\/media\/631621"}],"wp:attachment":[{"href":"https:\/\/www.europesays.com\/fr\/wp-json\/wp\/v2\/media?parent=631620"}],"wp:term":[{"taxonomy":"category","embeddable":true,"href":"https:\/\/www.europesays.com\/fr\/wp-json\/wp\/v2\/categories?post=631620"},{"taxonomy":"post_tag","embeddable":true,"href":"https:\/\/www.europesays.com\/fr\/wp-json\/wp\/v2\/tags?post=631620"}],"curies":[{"name":"wp","href":"https:\/\/api.w.org\/{rel}","templated":true}]}}