{"id":631622,"date":"2025-12-31T07:42:12","date_gmt":"2025-12-31T07:42:12","guid":{"rendered":"https:\/\/www.europesays.com\/fr\/631622\/"},"modified":"2025-12-31T07:42:12","modified_gmt":"2025-12-31T07:42:12","slug":"il-voulait-la-retraite-a-20-ans-et-aimait-le-jazz-la-demeure-dun-iconoclaste-toulousain-est-en-chantier","status":"publish","type":"post","link":"https:\/\/www.europesays.com\/fr\/631622\/","title":{"rendered":"Il voulait la retraite \u00e0 20 ans et aimait le jazz\u00a0: la demeure d\u2019un iconoclaste toulousain est en chantier"},"content":{"rendered":"<p>\n                                                                    l&rsquo;essentiel<br \/>\n                                                                La r\u00e9novation d\u2019une demeure embl\u00e9matique anime le quartier des Chalets \u00e0 Toulouse. Ancienne r\u00e9sidence de Christian Dancale, elle retrouvera son \u00e9clat avec des travaux ambitieux. La m\u00e9moire de cet homme atypique continue de marquer les esprits.\n                            <\/p>\n<p>Sous l\u2019\u0153il expert de l\u2019architecte Daniel Morice, un chantier singulier anime la rue de Ch\u00e2teaudun \u00e0 Toulouse depuis trois semaines. Dans cette art\u00e8re paisible du quartier des Chalets, trois entreprises s\u2019activent pour redonner vie \u00e0 la demeure de Christian Dancale, figure locale disparue en 2009. \u00ab\u00a0Le nouveau propri\u00e9taire a d\u00e9cid\u00e9 de la r\u00e9nover enti\u00e8rement\u00a0\u00bb, explique Rachid, ouvrier sur le site. \u00ab\u00a0Il faut compter environ six mois de travaux.\u00a0\u00bb Cette demeure de deux \u00e9tages qui laisse deviner sa splendeur pass\u00e9e, s\u2019appr\u00eate \u00e0 retrouver son lustre. Sur ses 349\u00a0m2, la demeure doublera sa mise en mati\u00e8re de luxe\u00a0: \u00e0 la piscine originelle s\u2019ajoutera bient\u00f4t un second bassin. La fa\u00e7ade tr\u00e8s fleurie, orn\u00e9e de dessins rehauss\u00e9s de pierreries et de coquillages, sera scrupuleusement pr\u00e9serv\u00e9e, t\u00e9moignant de la fantaisie d\u2019un de ses anciens illustres occupants.<\/p>\n<p class=\"std-elt__inline\">\n        <strong>\u00c0 lire aussi :<\/strong><br \/>\n        <a href=\"https:\/\/www.ladepeche.fr\/article\/2013\/12\/24\/1781808-aux-chalets-l-ancien-cafe-de-dancale-est-a-vendre.html\" target=\"_blank\" rel=\"noopener\">Aux Chalets, l&rsquo;ancien caf\u00e9 de Dancale est \u00e0 vendre<\/a>\n    <\/p>\n<p>Le \u00ab\u00a0g\u00e9ant\u00a0\u00bb des Chalets<\/p>\n<p>Si la b\u00e2tisse peut para\u00eetre anodine aux nouveaux arrivants, elle fut le refuge de Christian Dancale, personnage g\u00e9n\u00e9reux et atypique. Dans le quartier, le souvenir de cet homme aux mille facettes reste vif. \u00ab\u00a0Son nom ne parle peut-\u00eatre plus aux jeunes, mais pour nous, c\u2019\u00e9tait un rayon de soleil\u00a0\u00bb, confie Huguette, une voisine. \u00ab\u00a0Je le revois encore d\u00e9guis\u00e9 en P\u00e8re No\u00ebl, parcourant les rues sur sa trottinette avec cette joie de vivre typique de sa Guadeloupe natale.\u00a0\u00bb Plus loin, L\u00e9on, 80 ans, se rem\u00e9more un passionn\u00e9 de jazz et un homme de convictions\u00a0: \u00ab\u00a0On \u00e9changeait des vinyles. C\u2019\u00e9tait un homme bon et courageux, d\u00e9cor\u00e9 pour son service en Indochine, qui aimait provoquer la vie.\u00a0\u00bb L\u00e9on sourit en \u00e9voquant ses id\u00e9es politiques iconoclastes, comme la retraite \u00e0 20 ans, \u00ab\u00a0l\u2019\u00e2ge o\u00f9 l\u2019on vit vraiment\u00a0\u00bb.<\/p>\n<p>        <img decoding=\"async\" class=\"std-img__img responsive-img\" src=\"https:\/\/www.europesays.com\/fr\/wp-content\/uploads\/2025\/12\/1767166932_372_image.jpg\" alt=\"La sonnette aux d\u00e9corations atypiques.\"\/><\/p>\n<p>                La sonnette aux d\u00e9corations atypiques.<br \/>\n                                    DDM &#8211; SEBASTIEN BELLAVAL<\/p>\n<p>Il avait eu mille vies<\/p>\n<p>Figure embl\u00e9matique des Chalets, Christian Dancale a marqu\u00e9 Toulouse par son parcours hors norme. Fils de Guadeloup\u00e9en, ancien batteur de jazz et v\u00e9t\u00e9ran d\u2019Indochine, il fut aussi un pionnier du fitness en ouvrant la premi\u00e8re salle de musculation de la ville, rue Saint-Rome. Lanc\u00e9 d\u00e8s 1978 dans une carri\u00e8re de \u00ab\u00a0politico-comique\u00a0\u00bb, il se pr\u00e9senta \u00e0 de multiples scrutins avec une audace m\u00e9morable\u00a0: \u00e9lections cantonales, municipales\u2026<\/p>\n<p class=\"std-elt__inline\">\n        <strong>\u00c0 lire aussi :<\/strong><br \/>\n        <a href=\"https:\/\/www.ladepeche.fr\/article\/2009\/11\/18\/717880-christian-dancale-le-pere-noel-a-rejoint-les-nuages.html\" target=\"_blank\" rel=\"noopener\">Christian Dancale\u00a0: le P\u00e8re No\u00ebl a rejoint les nuages<\/a>\n    <\/p>\n<p>\u00c9poux de la romanci\u00e8re Lydie Outtier d\u00e9c\u00e9d\u00e9e en 2020, celui que l\u2019on surnommait le \u00ab\u00a0g\u00e9ant\u00a0\u00bb continue d\u2019habiter la m\u00e9moire de ceux qui l\u2019ont c\u00f4toy\u00e9, alors que les murs de sa maison s\u2019offrent une seconde jeunesse.<\/p>\n","protected":false},"excerpt":{"rendered":"l&rsquo;essentiel La r\u00e9novation d\u2019une demeure embl\u00e9matique anime le quartier des Chalets \u00e0 Toulouse. Ancienne r\u00e9sidence de Christian Dancale,&hellip;\n","protected":false},"author":2,"featured_media":631623,"comment_status":"","ping_status":"","sticky":false,"template":"","format":"standard","meta":{"footnotes":""},"categories":[2816],"tags":[1111,11,1777,674,1011,27,329,2722,12,2680,25,1857,2312],"class_list":{"0":"post-631622","1":"post","2":"type-post","3":"status-publish","4":"format-standard","5":"has-post-thumbnail","7":"category-toulouse","8":"tag-actu","9":"tag-actualites","10":"tag-eu","11":"tag-europe","12":"tag-fr","13":"tag-france","14":"tag-france-monde","15":"tag-haute-garonne","16":"tag-news","17":"tag-occitanie","18":"tag-republique-francaise","19":"tag-sociu00e9tu00e9","20":"tag-toulouse"},"share_on_mastodon":{"url":"https:\/\/pubeurope.com\/@fr\/115813059518173897","error":""},"_links":{"self":[{"href":"https:\/\/www.europesays.com\/fr\/wp-json\/wp\/v2\/posts\/631622","targetHints":{"allow":["GET"]}}],"collection":[{"href":"https:\/\/www.europesays.com\/fr\/wp-json\/wp\/v2\/posts"}],"about":[{"href":"https:\/\/www.europesays.com\/fr\/wp-json\/wp\/v2\/types\/post"}],"author":[{"embeddable":true,"href":"https:\/\/www.europesays.com\/fr\/wp-json\/wp\/v2\/users\/2"}],"replies":[{"embeddable":true,"href":"https:\/\/www.europesays.com\/fr\/wp-json\/wp\/v2\/comments?post=631622"}],"version-history":[{"count":0,"href":"https:\/\/www.europesays.com\/fr\/wp-json\/wp\/v2\/posts\/631622\/revisions"}],"wp:featuredmedia":[{"embeddable":true,"href":"https:\/\/www.europesays.com\/fr\/wp-json\/wp\/v2\/media\/631623"}],"wp:attachment":[{"href":"https:\/\/www.europesays.com\/fr\/wp-json\/wp\/v2\/media?parent=631622"}],"wp:term":[{"taxonomy":"category","embeddable":true,"href":"https:\/\/www.europesays.com\/fr\/wp-json\/wp\/v2\/categories?post=631622"},{"taxonomy":"post_tag","embeddable":true,"href":"https:\/\/www.europesays.com\/fr\/wp-json\/wp\/v2\/tags?post=631622"}],"curies":[{"name":"wp","href":"https:\/\/api.w.org\/{rel}","templated":true}]}}