{"id":631624,"date":"2025-12-31T07:43:10","date_gmt":"2025-12-31T07:43:10","guid":{"rendered":"https:\/\/www.europesays.com\/fr\/631624\/"},"modified":"2025-12-31T07:43:10","modified_gmt":"2025-12-31T07:43:10","slug":"dinspiration-bresilienne-et-rafraichissante-cette-facade-de-maison-a-toulouse-a-fait-remporter-un-prix-a-son-architecte","status":"publish","type":"post","link":"https:\/\/www.europesays.com\/fr\/631624\/","title":{"rendered":"D\u2019inspiration br\u00e9silienne et rafra\u00eechissante, cette fa\u00e7ade de maison \u00e0 Toulouse a fait remporter un prix \u00e0 son architecte"},"content":{"rendered":"<p class=\"paragraph text_align_left lp-f-body-02\">Et si, avec l\u2019augmentation des temp\u00e9ratures, le cobog\u00f3, sorte de moucharabieh br\u00e9silien en b\u00e9ton, avait un avenir \u00e0 Toulouse ? C\u2019est en tout cas le pari d\u2019Ana\u00efs Magnabal, qui a re\u00e7u le 15 d\u00e9cembre dernier le prix 2025 de l\u2019\u0153uvre originale r\u00e9alis\u00e9e par une femme architecte <a href=\"https:\/\/www.femmes-archi.org\/\" target=\"_blank\" rel=\"noreferrer noopener\">d\u00e9cern\u00e9 par l\u2019Association pour la recherche sur la ville et l\u2019habitat<\/a> (Arvha). Cette organisation a ainsi r\u00e9compens\u00e9 un projet men\u00e9 pendant six ans dans un quartier r\u00e9sidentiel de la Ville rose.<\/p>\n<p class=\"\">\u00ab Avec mon p\u00e8re, artisan ma\u00e7on-pl\u00e2trier, on cherchait \u00e0 acqu\u00e9rir un bien, moi comme premier achat et lui comme investissement \u00bb, resitue Ana\u00efs Magnabal, originaire d\u2019Albi (Tarn). La parcelle, dot\u00e9e <a href=\"https:\/\/www.leparisien.fr\/haute-garonne-31\/les-toulousaines-rayees-de-la-carte-controverse-dans-la-ville-rose-autour-des-maisons-traditionnelles-08-05-2024-L2MEPF2O6FC5DHQIDYFNXUCPGE.php\" target=\"_blank\" rel=\"noreferrer noopener\">d\u2019une toulousaine abandonn\u00e9e<\/a> et d\u2019un terrain d\u00e9laiss\u00e9, leur offre la possibilit\u00e9 d\u2019avoir deux b\u00e2timents.<\/p>\n<p class=\"\">Mais le projet pr\u00e9sente plusieurs contraintes, comme l\u2019explique la jeune femme de 34 ans, dipl\u00f4m\u00e9e de l\u2019\u00c9cole nationale sup\u00e9rieure d\u2019architecture de Toulouse (Ensat) en 2014 et qui a mont\u00e9 sa propre agence en 2019 : \u00ab D\u2019un point de vue \u00e9thique, je me suis demand\u00e9 comment int\u00e9grer une maison individuelle neuve \u00e0 c\u00f4t\u00e9 d\u2019une toulousaine du XIXe si\u00e8cle. Par ailleurs, les chambres \u00e0 l\u2019\u00e9tage donnent sur un vis-\u00e0-vis assez haut et sont orient\u00e9es sud-est. \u00bb<\/p>\n<p>\u00ab Une lumi\u00e8re l\u00e9g\u00e8rement color\u00e9e par le b\u00e9ton teint\u00e9 \u00bb<\/p>\n<p class=\"\">Lui vient alors l\u2019id\u00e9e du cobog\u00f3, ces modules pr\u00e9fabriqu\u00e9s permettant de construire des murs offrant une ventilation constante. Elle souhaite y associer l\u2019approche de l\u2019artiste br\u00e9silien Athos Bulc\u00e3o \u2013 qui a notamment travaill\u00e9 avec <a href=\"https:\/\/www.leparisien.fr\/culture-loisirs\/deces-de-l-architecte-bresilien-oscar-niemeyer-06-12-2012-2384733.php\" target=\"_blank\" rel=\"noreferrer noopener\">le l\u00e9gendaire Oscar Niemeyer<\/a> \u2013 consistant \u00e0 reproduire un motif en le faisant pivoter.<\/p>\n<p class=\"\">\u00ab \u00c0 la base, je voulais travailler avec des briques foraines, mais il m\u2019en aurait fallu beaucoup trop. J\u2019ai alors imagin\u00e9 des modules plus gros, de 30 cm par 30, permettant une mise en \u0153uvre plus simple \u00bb, d\u00e9veloppe Ana\u00efs Magnabal. Ses moules viennent du Br\u00e9sil, o\u00f9 elle les trouve gr\u00e2ce \u00e0 des connaissances datant de son ann\u00e9e d\u2019\u00e9tude en Argentine. Avec l\u2019aide de son p\u00e8re, elle m\u00e8ne ensuite, pendant deux ans, des tests de solidit\u00e9 et de colorim\u00e9trie pour s\u2019inscrire au mieux dans l\u2019environnement b\u00e2ti.<\/p>\n<p class=\"\">L\u2019architecte toulousaine, qui travaille aujourd\u2019hui notamment sur des maisons individuelles et des projets de cabinets m\u00e9dicaux, fabrique alors, pendant dix mois, les 400 modules de b\u00e9ton teint\u00e9 dans la masse qui vont constituer la deuxi\u00e8me peau de la fa\u00e7ade de sa maison Cob. \u00ab Les gens s\u2019interrogent souvent sur la luminosit\u00e9, mais l\u2019espace est baign\u00e9 d\u2019une lumi\u00e8re l\u00e9g\u00e8rement color\u00e9e par le b\u00e9ton teint\u00e9 \u00bb, assure-t-elle.<\/p>\n<p class=\"\">Sur l\u2019aspect thermique, outre l\u2019ombre cr\u00e9\u00e9e par ce moucharabieh en cobog\u00f3 qui rafra\u00eechit forc\u00e9ment les chambres, Ana\u00efs Magnabal m\u00e8ne une th\u00e8se en architecture et thermique avec le laboratoire de recherche en architecture de l\u2019Ensat et l\u2019Insa Toulouse. \u00ab L\u2019objectif est de mesurer pr\u00e9cis\u00e9ment les effets, d\u2019approfondir mes connaissances pour monter en comp\u00e9tences et travailler la possibilit\u00e9 de le mettre en place sur des b\u00e2timents plus importants \u00bb, imagine-t-elle. \u00ab C\u2019est la masse qui cr\u00e9e l\u2019inertie, ce qui a un int\u00e9r\u00eat thermique et architectural. La perception est tr\u00e8s diff\u00e9rente de jour et de nuit, o\u00f9 on a l\u2019impression d\u2019une peau d\u00e9coll\u00e9e de la fa\u00e7ade. \u00bb Avec ce prix, Ana\u00efs Magnabal esp\u00e8re aussi gagner en visibilit\u00e9 et pouvoir se distinguer par son approche sur des march\u00e9s publics.<\/p>\n","protected":false},"excerpt":{"rendered":"Et si, avec l\u2019augmentation des temp\u00e9ratures, le cobog\u00f3, sorte de moucharabieh br\u00e9silien en b\u00e9ton, avait un avenir \u00e0&hellip;\n","protected":false},"author":2,"featured_media":631625,"comment_status":"","ping_status":"","sticky":false,"template":"","format":"standard","meta":{"footnotes":""},"categories":[2816],"tags":[1111,917,11,459,1777,674,1011,27,3746,4623,12,2680,25,2312],"class_list":{"0":"post-631624","1":"post","2":"type-post","3":"status-publish","4":"format-standard","5":"has-post-thumbnail","7":"category-toulouse","8":"tag-actu","9":"tag-actu-locale","10":"tag-actualites","11":"tag-departements-horsidfo","12":"tag-eu","13":"tag-europe","14":"tag-fr","15":"tag-france","16":"tag-futurs","17":"tag-haute-garonne-31","18":"tag-news","19":"tag-occitanie","20":"tag-republique-francaise","21":"tag-toulouse"},"share_on_mastodon":{"url":"https:\/\/pubeurope.com\/@fr\/115813063246847787","error":""},"_links":{"self":[{"href":"https:\/\/www.europesays.com\/fr\/wp-json\/wp\/v2\/posts\/631624","targetHints":{"allow":["GET"]}}],"collection":[{"href":"https:\/\/www.europesays.com\/fr\/wp-json\/wp\/v2\/posts"}],"about":[{"href":"https:\/\/www.europesays.com\/fr\/wp-json\/wp\/v2\/types\/post"}],"author":[{"embeddable":true,"href":"https:\/\/www.europesays.com\/fr\/wp-json\/wp\/v2\/users\/2"}],"replies":[{"embeddable":true,"href":"https:\/\/www.europesays.com\/fr\/wp-json\/wp\/v2\/comments?post=631624"}],"version-history":[{"count":0,"href":"https:\/\/www.europesays.com\/fr\/wp-json\/wp\/v2\/posts\/631624\/revisions"}],"wp:featuredmedia":[{"embeddable":true,"href":"https:\/\/www.europesays.com\/fr\/wp-json\/wp\/v2\/media\/631625"}],"wp:attachment":[{"href":"https:\/\/www.europesays.com\/fr\/wp-json\/wp\/v2\/media?parent=631624"}],"wp:term":[{"taxonomy":"category","embeddable":true,"href":"https:\/\/www.europesays.com\/fr\/wp-json\/wp\/v2\/categories?post=631624"},{"taxonomy":"post_tag","embeddable":true,"href":"https:\/\/www.europesays.com\/fr\/wp-json\/wp\/v2\/tags?post=631624"}],"curies":[{"name":"wp","href":"https:\/\/api.w.org\/{rel}","templated":true}]}}