{"id":631626,"date":"2025-12-31T07:45:17","date_gmt":"2025-12-31T07:45:17","guid":{"rendered":"https:\/\/www.europesays.com\/fr\/631626\/"},"modified":"2025-12-31T07:45:17","modified_gmt":"2025-12-31T07:45:17","slug":"voici-les-10-articles-les-plus-lus-cette-annee-sur-lille-actu","status":"publish","type":"post","link":"https:\/\/www.europesays.com\/fr\/631626\/","title":{"rendered":"voici les 10 articles les plus lus cette ann\u00e9e sur Lille actu"},"content":{"rendered":"<p>                    Par<br \/>\n        <strong><br \/>\n            <a href=\"https:\/\/actu.fr\/auteur\/margot-nicodeme\" title=\"Consulter tous les articles de Margot Nicod\u00e8me\" target=\"_blank\" rel=\"noopener\">Margot Nicod\u00e8me<\/a><br \/>\n                    <\/strong><\/p>\n<p>        Publi\u00e9 le<\/p>\n<p>            31 d\u00e9c. 2025 \u00e0 6h30        <\/p>\n<p>Nous y sommes\u2009: que vous r\u00e9veillonniez ou non, ce soir, \u00e0 minuit, <b>l\u2019ann\u00e9e 2025 sera officiellement derri\u00e8re nous<\/b>. L\u2019occasion de dresser divers bilans en ce 31\u00a0d\u00e9cembre, dont celui de l\u2019actualit\u00e9 des 12 derniers mois. \u00c0 <a href=\"https:\/\/actu.fr\/hauts-de-france\/lille_59350\" target=\"_blank\" rel=\"noopener\">Lille<\/a>, dans le <a href=\"https:\/\/actu.fr\/hauts-de-france\/nord_59\" target=\"_blank\" rel=\"noopener\">Nord<\/a>, et parfois l\u00e9g\u00e8rement au-del\u00e0, voici <b>les articles qui vous ont le plus touch\u00e9s<\/b> tout au long de l\u2019ann\u00e9e. Il ne s\u2019agit pas n\u00e9cessairement des informations locales les plus marquantes, mais elles ont en tout cas suscit\u00e9 l\u2019int\u00e9r\u00eat, la curiosit\u00e9, l\u2019\u00e9motion \u00e0 quelques occasions.<\/p>\n<p>Miss, Auchan, futur tramway, tribunal\u2026 Voici les 10 articles les plus lus en 2025 sur Lille actu<\/p>\n<p class=\" wall-content\">Ci-dessous,<b> les 10 articles les plus lus sur <a href=\"https:\/\/actu.fr\/lille\/\" target=\"_blank\" rel=\"noopener\">Lille actu<\/a> <\/b>depuis le 1er\u00a0janvier 2025 (dans l\u2019ordre invers\u00e9, pour faire monter le suspense\u2026). Par avance, l\u2019\u00e9quipe vous souhaite une excellente ann\u00e9e 2026.<\/p>\n<p class=\" wall-content\"><b>10.<\/b> <a href=\"https:\/\/actu.fr\/hauts-de-france\/lille_59350\/miss-france-2026-lola-lachere-miss-nord-pas-de-calais-nest-pas-finaliste-retour-sur-sa-prestation_63541241.html\" target=\"_blank\" rel=\"noopener\">Miss France 2026. Lola Lacher\u00e9, Miss Nord \u2013 Pas-de-Calais, n\u2019est pas finaliste\u2009: retour sur sa prestation<\/a><\/p>\n<p class=\" wall-content\">C\u2019\u00e9tait il y a quelques semaines \u00e0 peine\u2009: le concours Miss France a bien s\u00fbr vu d\u00e9filer Miss Nord-Pas-de-Calais, Lola Lach\u00e8re. Si la reine de beaut\u00e9 n\u2019a pas \u00e9t\u00e9 couronn\u00e9e, elle restait digne de se voir consacrer un retour sur son parcours.<\/p>\n<p class=\" wall-content\"><b>9.<\/b>\u00a0<a href=\"https:\/\/actu.fr\/economie\/auchan-voici-les-15-supermarches-du-nord-et-du-pas-de-calais-qui-seront-transformes-en-intermarche-ou-netto_63504824.html\" target=\"_blank\" rel=\"noopener\">Auchan\u2009: voici les 15 supermarch\u00e9s du Nord et du Pas-de-Calais qui seront transform\u00e9s en Intermarch\u00e9 ou Netto<\/a><\/p>\n<p class=\" wall-content\">Le groupe Auchan a annonc\u00e9, il y a un mois, le basculement de ses supermarch\u00e9s sous la banni\u00e8re Intermarch\u00e9 ou Netto. Les habitants ont voulu savoir si leur magasin \u00e9tait concern\u00e9, et cette liste exhaustive des futurs Intermarch\u00e9 ou Netto dans nos deux d\u00e9partements leur a permis d\u2019\u00eatre fix\u00e9s.<\/p>\n<p class=\" wall-content\"><b>8. <\/b><a href=\"https:\/\/actu.fr\/hauts-de-france\/lille_59350\/lille-la-coiffeuse-avait-une-demande-aberrante-a-son-apprentie-il-lui-est-maintenant-interdit-den-recruter_62061499.html\" target=\"_blank\" rel=\"noopener\">\u00c0 Lille, la coiffeuse fait une demande aberrante \u00e0 son apprentie, il lui est maintenant interdit d\u2019en recruter<\/a><\/p>\n<p class=\" wall-content\">Situations cocasses, qui m\u00e8nent parfois devant la justice\u2026 Cette coiffeuse n\u2019a en tout cas eu peur de rien, en exigeant de son apprentie qu\u2019elle lui rende des services d\u00e9passant de tr\u00e8s loin ses fonctions. Elle a d\u00fb s\u2019en expliquer devant un juge.<\/p>\n<p>Votre r\u00e9gion, votre actu !<\/p>\n<p>Recevez chaque jour les infos qui comptent pour vous.<\/p>\n<p>\t<a href=\"https:\/\/actu.fr\/newsletter\" class=\"ac-btn ac-btn--corner ac-btn--medium ac-btn--blue800\" target=\"_blank\" rel=\"noopener\">S&rsquo;incrire<\/a><\/p>\n<p class=\" wall-content\"><b>7.<\/b> <a href=\"https:\/\/actu.fr\/hauts-de-france\/lille_59350\/lille-sa-montre-de-luxe-a-interpelle-la-police-le-controle-sest-revele-tres-fructueux_62078802.html\" target=\"_blank\" rel=\"noopener\">\u00c0 Lille, sa montre de luxe a interpell\u00e9 la police\u2009: le contr\u00f4le s\u2019est r\u00e9v\u00e9l\u00e9 tr\u00e8s fructueux<\/a><\/p>\n<p class=\" wall-content\">Ce fait divers, remontant \u00e0 janvier\u00a02025, a beaucoup int\u00e9ress\u00e9.\u00a0Lors d\u2019un simple contr\u00f4le \u00e0 Lille, un automobiliste accompagn\u00e9 de sa famille roulait sans permis, sans assurance, avec des stup\u00e9fiants, et surtout une montre de luxe\u2026 vol\u00e9e.<\/p>\n<p class=\" wall-content\"><b>6.<\/b>\u00a0<a href=\"https:\/\/actu.fr\/hauts-de-france\/lille_59350\/futur-tramway-de-lille-le-trace-est-definitif-et-va-traverser-11-villes_63323443.html\" target=\"_blank\" rel=\"noopener\">Futur tramway de Lille\u2009: le trac\u00e9 est d\u00e9finitif et va traverser 11 villes<\/a><\/p>\n<p class=\" wall-content\">\u00c0 juste titre, le trac\u00e9 du futur tramway de Lille et sa couronne suscite interrogations, voire inqui\u00e9tudes. Sa mise en circulation est pr\u00e9vue en 2035. Quels sites desservira-t-il\u2009? Quels seront ses stations et terminus\u2009? Cet article d\u00e9taille son trac\u00e9 d\u00e9finitif, \u00e0 travers 11 villes de la m\u00e9tropole lilloise.<\/p>\n<p class=\" wall-content\"><b>5.<\/b> <a href=\"https:\/\/actu.fr\/societe\/belgique-un-tres-gros-changement-annonce-au-sein-de-limmense-jardinerie-famiflora-situee-a-la-frontiere_62195262.html\" target=\"_blank\" rel=\"noopener\">Belgique\u2009: la jardinerie Famiflora situ\u00e9e \u00e0 la fronti\u00e8re annonce un tr\u00e8s gros changement<\/a><\/p>\n<p class=\" wall-content\">Cet article remonte \u00e0 janvier\u00a02025. L\u2019enseigne Famiflora \u00e0 la fronti\u00e8re en Belgique, et <a href=\"https:\/\/actu.fr\/economie\/le-noel-xxl-et-feerique-de-famiflora-en-belgique-attire-chaque-annee-les-francais-par-milliers_63537184.html\" target=\"_blank\" rel=\"noopener\">tr\u00e8s fr\u00e9quent\u00e9e par les Nordistes<\/a>, a dit adieu \u00e0 la vente d\u2019un produit en particulier, dans sa galerie marchande.<\/p>\n<p class=\" wall-content\"><b>4.<a href=\"https:\/\/actu.fr\/hauts-de-france\/lille_59350\/lille-le-chauffeur-poids-lourds-qui-a-grille-le-feu-rouge-dit-avoir-agi-pour-la-securite-des-autres-usagers_63155922.html\" target=\"_blank\" rel=\"noopener\"> <\/a><\/b><a href=\"https:\/\/actu.fr\/hauts-de-france\/lille_59350\/lille-le-chauffeur-poids-lourds-qui-a-grille-le-feu-rouge-dit-avoir-agi-pour-la-securite-des-autres-usagers_63155922.html\" target=\"_blank\" rel=\"noopener\">Lille. Le chauffeur poids lourds qui a grill\u00e9 le feu rouge dit avoir agi pour la s\u00e9curit\u00e9 des autres usagers<\/a><b\/><\/p>\n<p class=\" wall-content\">En septembre dernier, ce chauffeur a racont\u00e9 au tribunal de police de Lille comment, selon lui, freiner au feu rouge aurait \u00e9t\u00e9 \u201ctrop dangereux\u201d. L\u2019histoire vous a vraisemblablement plu, c\u2019est le 4e article le plus lu de l\u2019ann\u00e9e.<\/p>\n<p class=\" wall-content\"><b>3.\u00a0<\/b><a href=\"https:\/\/actu.fr\/societe\/neige-meteo-france-annonce-larrivee-des-premiers-flocons-dans-le-nord-et-le-pas-de-calais_63445767.html\" target=\"_blank\" rel=\"noopener\">Neige\u2009: M\u00e9t\u00e9o France annonce l\u2019arriv\u00e9e des premiers flocons dans le Nord et le Pas-de-Calais<\/a><\/p>\n<p class=\" wall-content\">La neige\u2026 Vaste sujet. Certains la d\u00e9testent, d\u2019autres l\u2019accueillent avec beaucoup d\u2019\u00e9merveillement, mais elle ne laisse en tout cas personne insensible. Alors quand l\u2019arriv\u00e9e des premiers flocons de cette fin d\u2019ann\u00e9e est annonc\u00e9e par M\u00e9t\u00e9o France\u2026 Naturellement, on veut savoir quand exactement et \u00e0 quelle intensit\u00e9.<\/p>\n<p class=\" wall-content\"><b>2. <\/b><a href=\"https:\/\/actu.fr\/societe\/belgique-en-raison-de-son-caractere-bien-trempe-cet-animal-doit-quitter-limmense-parc-pairi-daiza_63173682.html\" target=\"_blank\" rel=\"noopener\">Belgique. En raison de son caract\u00e8re bien tremp\u00e9, cette femelle doit quitter l\u2019immense parc Pairi Daiza<\/a><b><br \/><\/b><br \/>Septembre\u00a02025\u2009: les soigneurs du parc animalier Pairi Daiza en Belgique annon\u00e7aient une triste nouvelle. Noubia, une pensionnaire, a d\u00fb quitter le site, car elle n\u2019\u00e9tait pas pr\u00eate \u00e0 vivre une idylle avec le m\u00e2le Vojta. Elle a ainsi fait ses valises et a pris l\u2019avion direction l\u2019Angleterre\u2026 Saurez-vous vous rappeler (ou deviner) de quelle esp\u00e8ce est Noubia\u2009?<\/p>\n<p class=\" wall-content\"><b>1<\/b>. <a href=\"https:\/\/actu.fr\/societe\/la-tempete-benjamin-va-frapper-le-nord-et-le-pas-de-calais-voici-ou-les-vents-les-plus-forts-sont-attendus_63333690.html\" target=\"_blank\" rel=\"noopener\">La temp\u00eate Benjamin va frapper le Nord et le Pas-de-Calais\u2009: voici o\u00f9 les vents les plus forts sont attendus<\/a><\/p>\n<p class=\" wall-content\">Fin octobre\u00a02025, la temp\u00eate Benjamin a fait son entr\u00e9e sur la r\u00e9gion, faisant basculer les d\u00e9partements en vigilance orange. Avec des rafales de vent atteignant les 120\u00a0km\/h, elle a fait <a href=\"https:\/\/actu.fr\/faits-divers\/vitesses-limitees-parcs-fermes-la-tempete-benjamin-sabat-sur-le-nord-et-le-pas-de-calais_63339580.html\" target=\"_blank\" rel=\"noopener\">de nombreux d\u00e9g\u00e2ts<\/a>. Cet article recensant les zones les plus \u00e0 risques est le plus de l\u2019ann\u00e9e.<\/p>\n<p class=\" wall-content\">Vous savez tout\u2026 \u00c0 demain, pour <a href=\"https:\/\/actu.fr\/societe\/prix-de-l-energie-dons-d-argent-retraite-controle-technique-tout-ce-qui-change-au-1er-janvier-2026_63576669.html\" target=\"_blank\" rel=\"noopener\">une nouvelle ann\u00e9e<\/a> toujours plus riche en actualit\u00e9s.<\/p>\n<p class=\" wall-content\">Personnalisez votre actualit\u00e9 en ajoutant vos villes et m\u00e9dias en favori avec <a href=\"https:\/\/moncompte.actu.fr\" title=\"D\u00e9couvez Mon Actu\" rel=\"nofollow noopener\" data-trk=\"{&quot;cta&quot;:{&quot;action&quot;:&quot;https:\\\/\\\/moncompte.actu.fr&quot;,&quot;category&quot;:&quot;mon compte&quot;,&quot;from&quot;:&quot;article footer&quot;,&quot;name&quot;:&quot;Mon actu&quot;,&quot;type&quot;:&quot;cta&quot;}}\" target=\"_blank\">Mon Actu<\/a>.<\/p>\n","protected":false},"excerpt":{"rendered":"Par Margot Nicod\u00e8me Publi\u00e9 le 31 d\u00e9c. 2025 \u00e0 6h30 Nous y sommes\u2009: que vous r\u00e9veillonniez ou non,&hellip;\n","protected":false},"author":2,"featured_media":631627,"comment_status":"","ping_status":"","sticky":false,"template":"","format":"standard","meta":{"footnotes":""},"categories":[2815],"tags":[1111,11,1777,674,1011,27,811,1307,12,25,104],"class_list":{"0":"post-631626","1":"post","2":"type-post","3":"status-publish","4":"format-standard","5":"has-post-thumbnail","7":"category-lille","8":"tag-actu","9":"tag-actualites","10":"tag-eu","11":"tag-europe","12":"tag-fr","13":"tag-france","14":"tag-hauts-de-france","15":"tag-lille","16":"tag-news","17":"tag-republique-francaise","18":"tag-societe"},"share_on_mastodon":{"url":"https:\/\/pubeurope.com\/@fr\/115813071123046523","error":""},"_links":{"self":[{"href":"https:\/\/www.europesays.com\/fr\/wp-json\/wp\/v2\/posts\/631626","targetHints":{"allow":["GET"]}}],"collection":[{"href":"https:\/\/www.europesays.com\/fr\/wp-json\/wp\/v2\/posts"}],"about":[{"href":"https:\/\/www.europesays.com\/fr\/wp-json\/wp\/v2\/types\/post"}],"author":[{"embeddable":true,"href":"https:\/\/www.europesays.com\/fr\/wp-json\/wp\/v2\/users\/2"}],"replies":[{"embeddable":true,"href":"https:\/\/www.europesays.com\/fr\/wp-json\/wp\/v2\/comments?post=631626"}],"version-history":[{"count":0,"href":"https:\/\/www.europesays.com\/fr\/wp-json\/wp\/v2\/posts\/631626\/revisions"}],"wp:featuredmedia":[{"embeddable":true,"href":"https:\/\/www.europesays.com\/fr\/wp-json\/wp\/v2\/media\/631627"}],"wp:attachment":[{"href":"https:\/\/www.europesays.com\/fr\/wp-json\/wp\/v2\/media?parent=631626"}],"wp:term":[{"taxonomy":"category","embeddable":true,"href":"https:\/\/www.europesays.com\/fr\/wp-json\/wp\/v2\/categories?post=631626"},{"taxonomy":"post_tag","embeddable":true,"href":"https:\/\/www.europesays.com\/fr\/wp-json\/wp\/v2\/tags?post=631626"}],"curies":[{"name":"wp","href":"https:\/\/api.w.org\/{rel}","templated":true}]}}