{"id":631630,"date":"2025-12-31T07:47:10","date_gmt":"2025-12-31T07:47:10","guid":{"rendered":"https:\/\/www.europesays.com\/fr\/631630\/"},"modified":"2025-12-31T07:47:10","modified_gmt":"2025-12-31T07:47:10","slug":"les-drones-etendent-leur-surveillance-sur-le-reveillon-a-marseille","status":"publish","type":"post","link":"https:\/\/www.europesays.com\/fr\/631630\/","title":{"rendered":"Les drones \u00e9tendent leur surveillance sur le r\u00e9veillon \u00e0 Marseille"},"content":{"rendered":"\n<p>La tradition veut que l\u2019on s\u2019embrasse sous le gui pour le nouvel an. Les Marseillais, eux, pourront le faire sous le regard des drones. Ce lundi soir en effet, la pr\u00e9fecture de police des Bouches-du-Rh\u00f4ne a autoris\u00e9 leur d\u00e9ploiement pour surveiller tout le centre-ville de Marseille \u00e0 l\u2019occasion de la Saint-Sylvestre, de 17h jusqu\u2019\u00e0 6h du matin. Vingt cit\u00e9s \u00ab\u00a0concern\u00e9es par des faits de violence urbaine\u00a0\u00bb sont aussi cibl\u00e9es, depuis la Castellane (16e) jusqu\u2019\u00e0 la Soude (9e) en passant par Air Bel (11e).<\/p>\n<p>C\u2019est que le ministre de l\u2019Int\u00e9rieur, Laurent Nu\u00f1ez, a promis avoir donn\u00e9 des \u00ab\u00a0consignes de fermet\u00e9 et d\u2019autorit\u00e9\u00a0\u00bb aux pr\u00e9fets. Dans les Bouches-du-Rh\u00f4ne, la pr\u00e9fecture de police annonce ainsi \u00ab\u00a0plus de 2\u00a0000\u00a0forces de s\u00e9curit\u00e9 et forces de secours mobilis\u00e9es\u00a0\u00bb, avec en particulier plusieurs compagnies de CRS d\u00e9ploy\u00e9es \u00ab\u00a0dans les quartiers et zones les plus sensibles aux ph\u00e9nom\u00e8nes de violences urbaines\u00a0\u00bb. Des arr\u00eat\u00e9s interdisant la vente, le port et l\u2019utilisation d\u2019artifice ainsi que de contenants de carburants compl\u00e8tent le dispositif.<\/p>\n<p>\u00ab\u00a0Certaines zones \u00e0 surveiller sont d\u00e9pourvues de cam\u00e9ras de vid\u00e9oprotection permettant une vue sur les diff\u00e9rents points hauts pr\u00e9sents sur les diff\u00e9rentes cit\u00e9s\u00a0\u00bb, justifie la pr\u00e9fecture de police dans son arr\u00eat\u00e9 autorisant le survol par drones. Elle craint que soient install\u00e9s sur les toits des \u00ab\u00a0objets dangereux pouvant mettre en p\u00e9ril la s\u00e9curit\u00e9 des effectifs amen\u00e9s \u00e0 intervenir\u00a0\u00bb, notamment des mortiers d\u2019artifice. Et que les d\u00e9gradations bloquent la circulation sur les grands axes.<\/p>\n<p> Plus de 250\u00a0arr\u00eat\u00e9s pris\n              <\/p>\n<p>Le dispositif pourtant reste in\u00e9dit pour un r\u00e9veillon \u00e0 Marseille. En 2023, le p\u00e9rim\u00e8tre se cantonnait aux environs de la Soude. La secr\u00e9taire d\u2019\u00c9tat charg\u00e9e de la Ville, Sabrina Agresti-Roubache, \u00e9tait all\u00e9e \u00e0 la rencontre des policiers de la division Sud \u00e0 l\u2019occasion de la Saint-Sylvestre. L\u2019ann\u00e9e suivante, six cit\u00e9s \u00e9taient cette fois vis\u00e9es. Sollicit\u00e9e pour expliquer cette \u00e9volution au fil des ans, la pr\u00e9fecture de police indiquait, ce mardi, ne pas \u00eatre en mesure de r\u00e9pondre. La veille, un arr\u00eat\u00e9 similaire pris par le pr\u00e9fet de l\u2019Ari\u00e8ge a pourtant \u00e9t\u00e9 annul\u00e9 par la justice, le juge administratif pointant \u00ab\u00a0une atteinte grave et manifestement ill\u00e9gale au droit au respect de la vie priv\u00e9e\u00a0\u00bb.<\/p>\n<p>L\u2019arr\u00eat\u00e9 pris pour Marseille, de son c\u00f4t\u00e9, prend bien le soin d\u2019expliquer que les engins voleront \u00e0 plus de 60\u00a0m\u00e8tres de hauteur, \u00ab\u00a0ne permettant pas ainsi une captation d\u2019images \u00e0 l\u2019int\u00e9rieur des habitations\u00a0\u00bb. La pr\u00e9fecture de police est rod\u00e9e \u00e0 l\u2019exercice\u00a0: le 9\u00a0d\u00e9cembre, \u00e0 l\u2019occasion d\u2019op\u00e9rations coordonn\u00e9es contre le narcotrafic (<a href=\"https:\/\/www.lamarseillaise.fr\/societe\/l-etat-montre-les-muscles-face-aux-narcotrafiquants-CC19283504\" target=\"_blank\" rel=\"noopener\">notre \u00e9dition du 10\/12<\/a>), le cap de 250\u00a0autorisations a \u00e9t\u00e9 atteint dans le d\u00e9partement selon notre d\u00e9compte, les trois-quarts pour Marseille. Seules un quart d\u2019entre elles concernent directement la lutte contre les trafics, tandis que les mobilisations sociales sont de plus en plus vis\u00e9es.<\/p>\n<p> Circulation interdite sur le Vieux-Port\n              <\/p>\n","protected":false},"excerpt":{"rendered":"La tradition veut que l\u2019on s\u2019embrasse sous le gui pour le nouvel an. Les Marseillais, eux, pourront le&hellip;\n","protected":false},"author":2,"featured_media":631631,"comment_status":"","ping_status":"","sticky":false,"template":"","format":"standard","meta":{"footnotes":""},"categories":[2814],"tags":[1111,11,2024,1777,674,1011,27,884,12,882,25],"class_list":{"0":"post-631630","1":"post","2":"type-post","3":"status-publish","4":"format-standard","5":"has-post-thumbnail","7":"category-marseille","8":"tag-actu","9":"tag-actualites","10":"tag-drones","11":"tag-eu","12":"tag-europe","13":"tag-fr","14":"tag-france","15":"tag-marseille","16":"tag-news","17":"tag-provence-alpes-cote-dazur","18":"tag-republique-francaise"},"share_on_mastodon":{"url":"https:\/\/pubeurope.com\/@fr\/115813078989006616","error":""},"_links":{"self":[{"href":"https:\/\/www.europesays.com\/fr\/wp-json\/wp\/v2\/posts\/631630","targetHints":{"allow":["GET"]}}],"collection":[{"href":"https:\/\/www.europesays.com\/fr\/wp-json\/wp\/v2\/posts"}],"about":[{"href":"https:\/\/www.europesays.com\/fr\/wp-json\/wp\/v2\/types\/post"}],"author":[{"embeddable":true,"href":"https:\/\/www.europesays.com\/fr\/wp-json\/wp\/v2\/users\/2"}],"replies":[{"embeddable":true,"href":"https:\/\/www.europesays.com\/fr\/wp-json\/wp\/v2\/comments?post=631630"}],"version-history":[{"count":0,"href":"https:\/\/www.europesays.com\/fr\/wp-json\/wp\/v2\/posts\/631630\/revisions"}],"wp:featuredmedia":[{"embeddable":true,"href":"https:\/\/www.europesays.com\/fr\/wp-json\/wp\/v2\/media\/631631"}],"wp:attachment":[{"href":"https:\/\/www.europesays.com\/fr\/wp-json\/wp\/v2\/media?parent=631630"}],"wp:term":[{"taxonomy":"category","embeddable":true,"href":"https:\/\/www.europesays.com\/fr\/wp-json\/wp\/v2\/categories?post=631630"},{"taxonomy":"post_tag","embeddable":true,"href":"https:\/\/www.europesays.com\/fr\/wp-json\/wp\/v2\/tags?post=631630"}],"curies":[{"name":"wp","href":"https:\/\/api.w.org\/{rel}","templated":true}]}}