{"id":631637,"date":"2025-12-31T07:52:10","date_gmt":"2025-12-31T07:52:10","guid":{"rendered":"https:\/\/www.europesays.com\/fr\/631637\/"},"modified":"2025-12-31T07:52:10","modified_gmt":"2025-12-31T07:52:10","slug":"psg-playlist-speciale-et-feu-dartifice-que-reserve-le-programme-du-nouvel-an-sur-les-champs-elysees","status":"publish","type":"post","link":"https:\/\/www.europesays.com\/fr\/631637\/","title":{"rendered":"PSG, playlist sp\u00e9ciale et feu d&rsquo;artifice&#8230; Que r\u00e9serve le programme du Nouvel An sur les Champs-\u00c9lys\u00e9es\u00a0?"},"content":{"rendered":"<p>                    Par<br \/>\n        <strong><br \/>\n            <a href=\"https:\/\/actu.fr\/auteur\/m-pomme\" title=\"Consulter tous les articles de Marie Pomme\" target=\"_blank\" rel=\"noopener\">Marie Pomme<\/a><br \/>\n                    <\/strong><\/p>\n<p>        Publi\u00e9 le<\/p>\n<p>            31 d\u00e9c. 2025 \u00e0 6h28        <\/p>\n<p>Plus que quelques heures avant de passer \u00e0 l\u2019ann\u00e9e 2026. Malgr\u00e9 l\u2019<a href=\"https:\/\/actu.fr\/ile-de-france\/paris_75056\/paris-le-concert-du-nouvel-an-sur-les-champs-elysees-annule-pour-des-raisons-de-securite_63522117.html\" target=\"_blank\" rel=\"noopener\">annulation du concert<\/a> qui \u00e9tait pr\u00e9vu, sur les Champs-\u00c9lys\u00e9es, l\u2019ambiance sera \u00e0 la f\u00eate. C\u2019est en tout cas ce que promet le programme annonc\u00e9 par la Mairie de Paris.<\/p>\n<p>Une soir\u00e9e tout feux tout femmes<\/p>\n<p class=\" wall-content\">La soir\u00e9e commencera \u00e0 23\u2009h\u200950 avec un mapping (une composition visuelle) projet\u00e9 sur l\u2019Arc de triomphe. Un tableau rendra hommage au 70e anniversaire du <a href=\"https:\/\/actu.fr\/ile-de-france\/paris_75056\/cette-ville-magnifique-est-la-seule-au-monde-a-etre-jumelee-avec-paris-des-avantages-pour-les-parisiens_62744477.html\" target=\"_blank\" rel=\"noopener\">jumelage entre Paris et Rome<\/a>\u2009; il y aura aussi un passage sur le th\u00e8me du sport, avec un clin d\u2019\u0153il \u00e0 <a href=\"https:\/\/actu.fr\/tag\/paris-saint-germain-psg\" target=\"_blank\" rel=\"noopener\">l\u2019ann\u00e9e historique que cl\u00f4t le PSG<\/a>. Une musique d\u2019Ena Eno et Andr\u00e9 Manoukian accompagnera cette repr\u00e9sentation.<\/p>\n<p class=\" wall-content\">Apr\u00e8s l\u2019incontournable d\u00e9compte, le feu d\u2019artifice qui d\u00e9butera par un \u00ab\u2009flash blanc total\u2009\u00bb signera la fin de l\u2019ann\u00e9e 2025. Le programme compte bien mettre les femmes \u00e0 l\u2019honneur dans la playlist et terminera par Imagine, de John Lennon, \u00ab\u2009pour d\u00e9buter l\u2019ann\u00e9e dans un esprit de paix, d\u2019espoir et de fraternit\u00e9\u2009\u00bb.<\/p>\n<p>Acc\u00e8s, rediffusion et s\u00e9curit\u00e9<\/p>\n<p class=\" wall-content\">Les Champs-\u00c9lys\u00e9es ouvriront au public d\u00e8s 19\u2009heures. Par le sud, il est conseill\u00e9 d\u2019emprunter les avenues Montaigne et Franklin-D.-Roosevelt\u2009; par le nord, l\u2019avenue Matignon et Franklin-D.-Roosevelt et par l\u2019est, la place de la Concorde.<\/p>\n<p class=\" wall-content\">Afin de passer la meilleure soir\u00e9e du Nouvel An possible, les <a href=\"https:\/\/actu.fr\/ile-de-france\/paris_75056\/ratp-et-sncf-les-perturbations-attendues-dans-les-transports-a-paris-et-en-ile-de-france-cette-semaine-39_63628356.html\" target=\"_blank\" rel=\"noopener\">transports franciliens<\/a> mettent le paquet. Le r\u00e9seau d\u2019\u00cele-de-France Mobilit\u00e9s s\u2019adapte\u2009: un service sera assur\u00e9 toute la nuit pour les m\u00e9tros, RER, Transiliens, trams et bus. En dehors des zones a\u00e9roports, ils seront m\u00eame gratuits toute la nuit. En revanche, plusieurs stations de m\u00e9tro seront ferm\u00e9es.<\/p>\n<p class=\" wall-content\">Pour ceux qui ne pourront pas se rendre sur place (ou qui souhaitent \u00e9viter le bain de foule), la soir\u00e9e sera diffus\u00e9e en direct sur France 2, pr\u00e9sent\u00e9e par St\u00e9phane Bern.<\/p>\n<p class=\" wall-content\">C\u00f4t\u00e9 s\u00e9curit\u00e9, pas moins de <a href=\"https:\/\/actu.fr\/ile-de-france\/paris_75056\/carte-nouvel-an-a-paris-sur-les-champs-elysees-un-dispositif-de-securite-et-de-circulation-renforce_63634371.html\" target=\"_blank\" rel=\"noopener\">10\u2009000 policiers et gendarmes seront mobilis\u00e9s \u00e0 Paris<\/a>, dans les Hauts-de-Seine, la Seine-Saint-Denis et le Val-de-Marne, s\u2019ajoutant aux pompiers, militaires de l\u2019op\u00e9ration Sentinelle et policiers municipaux de l\u2019agglom\u00e9ration parisienne.<\/p>\n<p class=\" wall-content\">Personnalisez votre actualit\u00e9 en ajoutant vos villes et m\u00e9dias en favori avec <a href=\"https:\/\/moncompte.actu.fr\" title=\"D\u00e9couvez Mon Actu\" rel=\"nofollow noopener\" data-trk=\"{&quot;cta&quot;:{&quot;action&quot;:&quot;https:\\\/\\\/moncompte.actu.fr&quot;,&quot;category&quot;:&quot;mon compte&quot;,&quot;from&quot;:&quot;article footer&quot;,&quot;name&quot;:&quot;Mon actu&quot;,&quot;type&quot;:&quot;cta&quot;}}\" target=\"_blank\">Mon Actu<\/a>.<\/p>\n","protected":false},"excerpt":{"rendered":"Par Marie Pomme Publi\u00e9 le 31 d\u00e9c. 2025 \u00e0 6h28 Plus que quelques heures avant de passer \u00e0&hellip;\n","protected":false},"author":2,"featured_media":631638,"comment_status":"","ping_status":"","sticky":false,"template":"","format":"standard","meta":{"footnotes":""},"categories":[1888],"tags":[1111,1928,11,1927,6984,1777,674,3696,16701,1011,27,12,1926,68950,626,1925,25],"class_list":{"0":"post-631637","1":"post","2":"type-post","3":"status-publish","4":"format-standard","5":"has-post-thumbnail","7":"category-paris","8":"tag-actu","9":"tag-actu-paris","10":"tag-actualites","11":"tag-actualites-paris","12":"tag-champs-elysees","13":"tag-eu","14":"tag-europe","15":"tag-evenements","16":"tag-feu-dartifice","17":"tag-fr","18":"tag-france","19":"tag-news","20":"tag-news-paris","21":"tag-nouvel-an-a-paris","22":"tag-paris","23":"tag-paris-news","24":"tag-republique-francaise"},"share_on_mastodon":{"url":"https:\/\/pubeurope.com\/@fr\/115813098639056130","error":""},"_links":{"self":[{"href":"https:\/\/www.europesays.com\/fr\/wp-json\/wp\/v2\/posts\/631637","targetHints":{"allow":["GET"]}}],"collection":[{"href":"https:\/\/www.europesays.com\/fr\/wp-json\/wp\/v2\/posts"}],"about":[{"href":"https:\/\/www.europesays.com\/fr\/wp-json\/wp\/v2\/types\/post"}],"author":[{"embeddable":true,"href":"https:\/\/www.europesays.com\/fr\/wp-json\/wp\/v2\/users\/2"}],"replies":[{"embeddable":true,"href":"https:\/\/www.europesays.com\/fr\/wp-json\/wp\/v2\/comments?post=631637"}],"version-history":[{"count":0,"href":"https:\/\/www.europesays.com\/fr\/wp-json\/wp\/v2\/posts\/631637\/revisions"}],"wp:featuredmedia":[{"embeddable":true,"href":"https:\/\/www.europesays.com\/fr\/wp-json\/wp\/v2\/media\/631638"}],"wp:attachment":[{"href":"https:\/\/www.europesays.com\/fr\/wp-json\/wp\/v2\/media?parent=631637"}],"wp:term":[{"taxonomy":"category","embeddable":true,"href":"https:\/\/www.europesays.com\/fr\/wp-json\/wp\/v2\/categories?post=631637"},{"taxonomy":"post_tag","embeddable":true,"href":"https:\/\/www.europesays.com\/fr\/wp-json\/wp\/v2\/tags?post=631637"}],"curies":[{"name":"wp","href":"https:\/\/api.w.org\/{rel}","templated":true}]}}