{"id":631643,"date":"2025-12-31T07:55:16","date_gmt":"2025-12-31T07:55:16","guid":{"rendered":"https:\/\/www.europesays.com\/fr\/631643\/"},"modified":"2025-12-31T07:55:16","modified_gmt":"2025-12-31T07:55:16","slug":"monaco-finit-lannee-en-beaute-lasvel-soffre-paris","status":"publish","type":"post","link":"https:\/\/www.europesays.com\/fr\/631643\/","title":{"rendered":"Monaco finit l&rsquo;ann\u00e9e en beaut\u00e9, l&rsquo;Asvel s&rsquo;offre Paris"},"content":{"rendered":"<p><strong>En terres catalanes face au FC<br \/>\nBarcelone, l\u2019AS Monaco a parfaitement n\u00e9goci\u00e9 ce dernier<br \/>\nrendez-vous de l\u2019ann\u00e9e ce mardi soir lors de la 19\u00e8me journ\u00e9e<br \/>\nd\u2019Euroligue (74-90). De son c\u00f4t\u00e9, Lyon-Villeurbanne n\u2019est plus<br \/>\ndernier du classement \u00e0 la faveur de son succ\u00e8s face \u00e0 Paris<br \/>\n(94-89).<\/strong><\/p>\n<p>D\u00e9cid\u00e9ment, l\u2019AS Monaco appr\u00e9cie les \u00e9quipes venant de l\u2019autre<br \/>\nc\u00f4t\u00e9 des Pyr\u00e9n\u00e9es. Quatre jours apr\u00e8s avoir pris le meilleur sur le<br \/>\nReal Madrid, la Roca Team a appliqu\u00e9 le m\u00eame tarif, cette fois en<br \/>\nCatalogne, face au FC Barcelone ce mardi soir lors de la 19\u00e8me<br \/>\njourn\u00e9e d\u2019Euroligue (74-90). Il s\u2019agit de la cinqui\u00e8me victoire de<br \/>\nrang toutes comp\u00e9titions confondues pour le club du Rocher. Malgr\u00e9<br \/>\nune atmosph\u00e8re hostile au Palau Blaugrana, la bande \u00e0 Vassilis<br \/>\nSpanoulis a r\u00e9pondu pr\u00e9sente, notamment Mike James (19 points, 4<br \/>\nrebonds, 4 passes) et \u00c9lie Okobo (12 points, 4 rebonds, 5 passes).<br \/>\nD\u00e8s les premi\u00e8res minutes du match, les Mon\u00e9gasques ont impos\u00e9 un<br \/>\ntempo int\u00e9ressant, profitant des absences dans le camp d\u2019en face de<br \/>\nl\u2019int\u00e9rieur Tornike Shengelia et l\u2019ailier Will Clyburn.<\/p>\n<p>L\u2019AS Monaco a produit un tr\u00e8s bon basket notamment lors du<br \/>\ndeuxi\u00e8me quart-temps, approchant m\u00eame jusqu\u2019\u00e0 vingt points<br \/>\nd\u2019avance, bien aid\u00e9 aussi par le manque de pr\u00e9cision du FCB sur les<br \/>\ntirs longue distance. En seconde p\u00e9riode, la Roca Team a \u00e9t\u00e9<br \/>\ns\u00e9rieuse du d\u00e9but \u00e0 la fin pour contr\u00f4ler le maigre retour des<br \/>\nCatalans malgr\u00e9 les 25 points de Dario Brizuela. Le finaliste<br \/>\nmalheureux de l\u2019Euroligue la saison derni\u00e8re est 5\u00e8me du classement<br \/>\n(12 victoires, 7 d\u00e9faites) \u00e0 la moiti\u00e9 de la comp\u00e9tition.<\/p>\n<p>L\u2019Asvel au forceps<\/p>\n<p>Mal embarqu\u00e9 en Euroligue (5 victoires, 13 d\u00e9faites),<br \/>\nLyon-Villeurbanne n\u2019emmenait pas large d\u2019autant qu\u2019il restait sur<br \/>\nune d\u00e9faite en championnat il y a quelques jours contre<br \/>\nBourg-en-Bresse. La bande \u00e0 Pierric Poupet est n\u00e9anmoins pass\u00e9e en<br \/>\nmode \u00ab Euroligue \u00bb, elle qui restait sur une victoire apr\u00e8s deux<br \/>\nprolongations contre Andalou Efes. Et \u00e7a a pay\u00e9 ! \u00c0 la LDLC Arena,<br \/>\nl\u2019Asvel a eu le dernier mot contre le Paris Basketball (94-89).<br \/>\nAvec ce succ\u00e8s, la formation rhodanienne quitte la derni\u00e8re place<br \/>\ndu classement de la comp\u00e9tition europ\u00e9enne. Et c\u2019est d\u00e9j\u00e0 une tr\u00e8s<br \/>\nbonne nouvelle face \u00e0 un adversaire direct.<\/p>\n<p>Et que d\u2019\u00e9motions. Durant les trois premiers quarts-temps du<br \/>\nmatch, Lyon-Villeurbanne a \u00e9t\u00e9 domin\u00e9, malmen\u00e9 mais jamais largu\u00e9<br \/>\nau tableau d\u2019affichage. Glynn Watson a enfil\u00e9 les points comme les<br \/>\nperles (28 points, 3 rebonds, 1 passe) comme Shaquille Harrison (10<br \/>\npoints, 5 rebonds, 1 passe), ce qui a permis \u00e0 l\u2019Asvel de rester au<br \/>\ncontact de son adversaire. En face, Nadir Hifi (26 points, 4<br \/>\nrebonds, 7 passes) a bien tent\u00e9 de montrer la voie mais le Fran\u00e7ais<br \/>\na \u00e9t\u00e9 tr\u00e8s esseul\u00e9, et le Paris Basketball a subi de plein fouet le<br \/>\nretour en gr\u00e2ce de Lyon-Villeurbanne. Incarn\u00e9 par Nando De Colo (17<br \/>\npoints, 5 rebonds, 5 passes), ce quatri\u00e8me quart-temps a \u00e9t\u00e9<br \/>\ncompl\u00e8tement \u00e0 l\u2019avantage des locaux qui sont revenus \u00e0 hauteur<br \/>\npuis ont devanc\u00e9 leur homologue fran\u00e7ais dans les derni\u00e8res<br \/>\nsecondes du match. Un succ\u00e8s qui fait du bien \u00e0 l\u2019Asvel.<\/p>\n","protected":false},"excerpt":{"rendered":"En terres catalanes face au FC Barcelone, l\u2019AS Monaco a parfaitement n\u00e9goci\u00e9 ce dernier rendez-vous de l\u2019ann\u00e9e ce&hellip;\n","protected":false},"author":2,"featured_media":631644,"comment_status":"","ping_status":"","sticky":false,"template":"","format":"standard","meta":{"footnotes":""},"categories":[1888],"tags":[11,1777,674,1011,27,12,626,25,57681],"class_list":{"0":"post-631643","1":"post","2":"type-post","3":"status-publish","4":"format-standard","5":"has-post-thumbnail","7":"category-paris","8":"tag-actualites","9":"tag-eu","10":"tag-europe","11":"tag-fr","12":"tag-france","13":"tag-news","14":"tag-paris","15":"tag-republique-francaise","16":"tag-sport365-fr"},"share_on_mastodon":{"url":"https:\/\/pubeurope.com\/@fr\/115813110458450182","error":""},"_links":{"self":[{"href":"https:\/\/www.europesays.com\/fr\/wp-json\/wp\/v2\/posts\/631643","targetHints":{"allow":["GET"]}}],"collection":[{"href":"https:\/\/www.europesays.com\/fr\/wp-json\/wp\/v2\/posts"}],"about":[{"href":"https:\/\/www.europesays.com\/fr\/wp-json\/wp\/v2\/types\/post"}],"author":[{"embeddable":true,"href":"https:\/\/www.europesays.com\/fr\/wp-json\/wp\/v2\/users\/2"}],"replies":[{"embeddable":true,"href":"https:\/\/www.europesays.com\/fr\/wp-json\/wp\/v2\/comments?post=631643"}],"version-history":[{"count":0,"href":"https:\/\/www.europesays.com\/fr\/wp-json\/wp\/v2\/posts\/631643\/revisions"}],"wp:featuredmedia":[{"embeddable":true,"href":"https:\/\/www.europesays.com\/fr\/wp-json\/wp\/v2\/media\/631644"}],"wp:attachment":[{"href":"https:\/\/www.europesays.com\/fr\/wp-json\/wp\/v2\/media?parent=631643"}],"wp:term":[{"taxonomy":"category","embeddable":true,"href":"https:\/\/www.europesays.com\/fr\/wp-json\/wp\/v2\/categories?post=631643"},{"taxonomy":"post_tag","embeddable":true,"href":"https:\/\/www.europesays.com\/fr\/wp-json\/wp\/v2\/tags?post=631643"}],"curies":[{"name":"wp","href":"https:\/\/api.w.org\/{rel}","templated":true}]}}