{"id":631652,"date":"2025-12-31T08:00:14","date_gmt":"2025-12-31T08:00:14","guid":{"rendered":"https:\/\/www.europesays.com\/fr\/631652\/"},"modified":"2025-12-31T08:00:14","modified_gmt":"2025-12-31T08:00:14","slug":"une-banque-braquee-a-gelsenkirchen-le-prejudice-estime-a-30-millions-deuros","status":"publish","type":"post","link":"https:\/\/www.europesays.com\/fr\/631652\/","title":{"rendered":"une banque braqu\u00e9e \u00e0 Gelsenkirchen, le pr\u00e9judice estim\u00e9 \u00e0 30 millions d&rsquo;euros"},"content":{"rendered":"<p>      lire plus tard<\/p>\n<p id=\"dialog__title\" class=\"dialog__title\">Pour sauvegarder cet article, connectez-vous ou cr\u00e9ez un compte franceinfo<\/p>\n<p class=\"dialog__description\">Sans paiement. Sans abonnement.<\/p>\n<p>        Fermer la fen\u00eatre d\u2019activation des notifications France Info<\/p>\n<p>      cr\u00e9er votre compte<\/p>\n<p>      se connecter<\/p>\n<p>      :<\/p>\n<p>        Fermer la fen\u00eatre de pr\u00e9sentation<\/p>\n<p>    Publi\u00e9 le 31\/12\/2025 07:39<\/p>\n<p>        Temps de lecture : 2min &#8211; vid\u00e9o : 2min<\/p>\n<p>    <img decoding=\"async\" class=\"francetv-player-wrapper__image\" alt=\"\u00c0 Gelsenkirchen (Allemagne), une banque a \u00e9t\u00e9 vid\u00e9e de ses coffres pendant la pause de No\u00ebl. Pr\u00e8s de trente millions d'euros ont \u00e9t\u00e9 d\u00e9rob\u00e9s par des malfrats qui sont parvenus \u00e0 creuser un trou dans le mur d'une banque pour acc\u00e9der \u00e0 la salle des coffres. Ils se sont empar\u00e9s de tout l'argent liquide, de bijoux ou encore de l'or.\"  width=\"432\" height=\"243\" src=\"https:\/\/www.europesays.com\/fr\/wp-content\/uploads\/2025\/12\/allemagne-braquage-spectaculaire-a-30-millions-d-euros-6954c3174d694331232814.jpg\" fetchpriority=\"high\"\/><\/p>\n<p>              \u00c0 Gelsenkirchen (Allemagne), une banque a \u00e9t\u00e9 vid\u00e9e de ses coffres pendant la pause de No\u00ebl. Pr\u00e8s de trente millions d&rsquo;euros ont \u00e9t\u00e9 d\u00e9rob\u00e9s par des malfrats qui sont parvenus \u00e0 creuser un trou dans le mur d&rsquo;une banque pour acc\u00e9der \u00e0 la salle des coffres. Ils se sont empar\u00e9s de tout l&rsquo;argent liquide, de bijoux ou encore de l&rsquo;or.<br \/>\n                    (franceinfo)<\/p>\n<p>      2min<\/p>\n<p>\n  \u00c0 Gelsenkirchen (Allemagne), une banque a \u00e9t\u00e9 vid\u00e9e de ses coffres pendant la pause de No\u00ebl. Pr\u00e8s de trente millions d&rsquo;euros ont \u00e9t\u00e9 d\u00e9rob\u00e9s par des malfrats qui sont parvenus \u00e0 creuser un trou dans le mur d&rsquo;une banque pour acc\u00e9der \u00e0 la salle des coffres. Ils se sont empar\u00e9s de tout l&rsquo;argent liquide, de bijoux ou encore de l&rsquo;or.\n<\/p>\n<p><strong>Ce texte correspond \u00e0 une partie de la retranscription du reportage ci-dessus. Cliquez sur la vid\u00e9o pour la regarder dans son int\u00e9gralit\u00e9.<\/strong><\/p>\n<p>Ils ont tout fouill\u00e9, tout renvers\u00e9 dans les locaux d&rsquo;une banque allemande. Des cambrioleurs ont perc\u00e9 un trou g\u00e9ant afin d&rsquo;atteindre les 3 300 coffres que l&rsquo;\u00e9tablissement abritait. Le montant du pr\u00e9judice est estim\u00e9 \u00e0 30 millions d&rsquo;euros. De l&rsquo;argent liquide, de l&rsquo;or ou encore des bijoux qui appartenaient \u00e0 des particuliers. 2 700 clients, dont certains craignent d&rsquo;avoir tout perdu.\u00a0\u00ab\u00a0J&rsquo;ai plac\u00e9 et d\u00e9pos\u00e9 ici toutes mes \u00e9conomies, je suis ouvrier\u00a0\u00bb, s&rsquo;insurge l&rsquo;un d&rsquo;eux.<\/p>\n<p>Pour p\u00e9n\u00e9trer dans la banque, les malfrats sont d&rsquo;abord pass\u00e9s par un parking, situ\u00e9 \u00e0 quelques m\u00e8tres de l&rsquo;\u00e9tablissement. De l\u00e0, ils ont forc\u00e9 plusieurs portes pour atteindre la pi\u00e8ce adjacente \u00e0 la salle des coffres avant d&rsquo;y creuser un trou \u00e0 l&rsquo;aide d&rsquo;une perceuse g\u00e9ante. Une sc\u00e8ne d\u00e9couverte presque par hasard par les policiers, qui se sont d\u00e9plac\u00e9s pour une alarme incendie.\u00a0\u00ab\u00a0On a fouill\u00e9 le b\u00e2timent \u00e0 la recherche d&rsquo;un incendie et c&rsquo;est alors que nous avons remarqu\u00e9 ce cambriolage spectaculaire\u00a0\u00bb,\u00a0r\u00e9v\u00e8le Thomas Nowaczyk, porte-parole de la police de Gelsenkirchen.<\/p>\n<p>En cette p\u00e9riode de f\u00eate, l&rsquo;\u00e9tablissement \u00e9tait ferm\u00e9. Mais les clients s&rsquo;insurgent qu&rsquo;une simple alarme incendie ait alert\u00e9 les autorit\u00e9s et non le syst\u00e8me de s\u00e9curit\u00e9 de l&rsquo;\u00e9tablissement.\u00a0\u00ab\u00a0M\u00eame des magasins comme Netto, Lidl et Aldi ont des d\u00e9tecteurs de mouvement et des syst\u00e8mes d&rsquo;alarme. On parle d&rsquo;une caisse d&rsquo;\u00e9pargne. Et pendant qu&rsquo;on \u00e9tait \u00e0 notre repas de f\u00eate, d&rsquo;autres ont vol\u00e9 tout ce qu&rsquo;on avait\u00a0\u00bb, d\u00e9plore un homme.<\/p>\n<p>Les suspects sont toujours activement recherch\u00e9s, alors que la banque indique de son c\u00f4t\u00e9 que neuf clients sur dix pourraient \u00eatre touch\u00e9s.<\/p>\n","protected":false},"excerpt":{"rendered":"lire plus tard Pour sauvegarder cet article, connectez-vous ou cr\u00e9ez un compte franceinfo Sans paiement. Sans abonnement. Fermer&hellip;\n","protected":false},"author":2,"featured_media":631653,"comment_status":"","ping_status":"","sticky":false,"template":"","format":"standard","meta":{"footnotes":""},"categories":[1587],"tags":[11,672,1804,1805,1803,1777,674,1801,12,1802],"class_list":{"0":"post-631652","1":"post","2":"type-post","3":"status-publish","4":"format-standard","5":"has-post-thumbnail","7":"category-allemagne","8":"tag-actualites","9":"tag-allemagne","10":"tag-bundesrepublik-deutschland","11":"tag-de","12":"tag-deutschland","13":"tag-eu","14":"tag-europe","15":"tag-germany","16":"tag-news","17":"tag-republique-federale-dallemagne"},"share_on_mastodon":{"url":"https:\/\/pubeurope.com\/@fr\/115813130228017198","error":""},"_links":{"self":[{"href":"https:\/\/www.europesays.com\/fr\/wp-json\/wp\/v2\/posts\/631652","targetHints":{"allow":["GET"]}}],"collection":[{"href":"https:\/\/www.europesays.com\/fr\/wp-json\/wp\/v2\/posts"}],"about":[{"href":"https:\/\/www.europesays.com\/fr\/wp-json\/wp\/v2\/types\/post"}],"author":[{"embeddable":true,"href":"https:\/\/www.europesays.com\/fr\/wp-json\/wp\/v2\/users\/2"}],"replies":[{"embeddable":true,"href":"https:\/\/www.europesays.com\/fr\/wp-json\/wp\/v2\/comments?post=631652"}],"version-history":[{"count":0,"href":"https:\/\/www.europesays.com\/fr\/wp-json\/wp\/v2\/posts\/631652\/revisions"}],"wp:featuredmedia":[{"embeddable":true,"href":"https:\/\/www.europesays.com\/fr\/wp-json\/wp\/v2\/media\/631653"}],"wp:attachment":[{"href":"https:\/\/www.europesays.com\/fr\/wp-json\/wp\/v2\/media?parent=631652"}],"wp:term":[{"taxonomy":"category","embeddable":true,"href":"https:\/\/www.europesays.com\/fr\/wp-json\/wp\/v2\/categories?post=631652"},{"taxonomy":"post_tag","embeddable":true,"href":"https:\/\/www.europesays.com\/fr\/wp-json\/wp\/v2\/tags?post=631652"}],"curies":[{"name":"wp","href":"https:\/\/api.w.org\/{rel}","templated":true}]}}