{"id":631656,"date":"2025-12-31T08:02:14","date_gmt":"2025-12-31T08:02:14","guid":{"rendered":"https:\/\/www.europesays.com\/fr\/631656\/"},"modified":"2025-12-31T08:02:14","modified_gmt":"2025-12-31T08:02:14","slug":"bulgarie-le-pays-le-plus-pauvre-de-lue-passe-a-leuro-le-1er-janvier-2026-malgre-la-crainte-de-linflation","status":"publish","type":"post","link":"https:\/\/www.europesays.com\/fr\/631656\/","title":{"rendered":"Bulgarie : le pays le plus pauvre de l&rsquo;UE passe \u00e0 l&rsquo;euro le 1er janvier 2026 malgr\u00e9 la crainte de l&rsquo;inflation"},"content":{"rendered":"<ul class=\"jsx-862013697 ArticleChapo__List\">\n<li class=\"jsx-862013697 ArticleChapo__List_Item flex\">La Bulgarie rejoint jeudi la zone euro et deviendra ainsi le 21\u00e8me pays \u00e0 adopter la monnaie unique europ\u00e9enne.<\/li>\n<li class=\"jsx-862013697 ArticleChapo__List_Item flex\">Pourtant, certains craignent que cette int\u00e9gration ne favorise l&rsquo;inflation et n&rsquo;accentue l&rsquo;instabilit\u00e9 politique.<\/li>\n<\/ul>\n<p data-module=\"article-paragraph\" class=\"jsx-157965717 Paragraph Paragraph__End\">Trois ans apr\u00e8s <a href=\"https:\/\/www.tf1info.fr\/international\/monnaie-la-croatie-adopte-l-euro-qui-remplace-la-kuna-et-entre-dans-l-espace-schengen-2243585.html\" target=\"_blank\" rel=\"noopener\">la Croatie<\/a>, dernier pays en date \u00e0 avoir adopt\u00e9 la monnaie unique en 2023, <a href=\"https:\/\/www.tf1info.fr\/international\/la-bulgarie-rejoindra-la-zone-euro-monnaie-le-1er-janvier-2026-2374967.html\" target=\"_blank\" rel=\"noopener\">la Bulgarie passe \u00e0 l&rsquo;euro<\/a>. Le pays des Balkans de 6,4 millions d&rsquo;habitants abandonne le lev bulgare pour devenir le 21e \u00c9tat \u00e0 adopter la monnaie europ\u00e9enne, introduite initialement le 1er janvier 2002 dans douze pays. Une int\u00e9gration dont certains craignent pourtant qu&rsquo;elle ne favorise l&rsquo;inflation et n&rsquo;accentue l&rsquo;instabilit\u00e9 politique au sein du pays le plus pauvre de l&rsquo;UE, dont Sofia est membre depuis 2007.<\/p>\n<p data-module=\"article-paragraph\" class=\"jsx-157965717 Paragraph Paragraph__End\">Les gouvernements successifs ont pouss\u00e9 \u00e0 l&rsquo;adoption de l&rsquo;euro afin de dynamiser l&rsquo;\u00e9conomie, de renforcer ses liens avec l&rsquo;Ouest de l&rsquo;Europe et de le prot\u00e9ger de l&rsquo;influence de la Russie. Or, <a href=\"https:\/\/www.tf1info.fr\/international\/la-bulgarie-n-a-plus-de-gouvernement-cette-crise-politique-que-traverse-le-pays-a-3-semaines-de-son-passage-a-l-euro-2412399.html\" target=\"_blank\" rel=\"noopener\">le gouvernement de coalition conservateur en place depuis moins d&rsquo;un an a d\u00e9missionn\u00e9 mi-d\u00e9cembre<\/a> sous la pression de manifestations anticorruption, annon\u00e7ant la tenue des huiti\u00e8mes \u00e9lections l\u00e9gislatives en cinq ans.<\/p>\n<p>49% des Bulgares oppos\u00e9s \u00e0 la monnaie unique<\/p>\n<p data-module=\"article-paragraph\" class=\"jsx-157965717 Paragraph Paragraph__End\">Au cours de l&rsquo;\u00e9t\u00e9, un mouvement de protestation r\u00e9clamant de \u00ab\u00a0garder le lev bulgare\u00a0\u00bb est apparu, \u00e0 l&rsquo;initiative notamment de partis d&rsquo;extr\u00eame droite et prorusses, jouant sur les craintes des Bulgares de voir les prix grimper. Selon la derni\u00e8re enqu\u00eate d&rsquo;opinion de l&rsquo;agence de sondage de l&rsquo;UE Eurobarom\u00e8tre, 49% des Bulgares sont oppos\u00e9s \u00e0 la monnaie unique. Dans ce contexte d&rsquo;instabilit\u00e9, tout probl\u00e8me li\u00e9 \u00e0 l&rsquo;introduction de l&rsquo;euro sera exploit\u00e9 par les responsables politiques anti-UE, estime \u00a0Boryana Dimitrova, de l&rsquo;institut de sondage Alpha Research, joint par l&rsquo;AFP.<\/p>\n<blockquote class=\"jsx-2786790838 Quote__Text\"><p>Il faut reconna\u00eetre que la hausse des prix n&rsquo;a pas \u00e9t\u00e9 n\u00e9gligeable (ces derniers temps)<\/p><\/blockquote>\n<p>Boryana Dimitrova, de l&rsquo;institut de sondage Alpha Research, \u00e0 l&rsquo;AFP<\/p>\n<p data-module=\"article-paragraph\" class=\"jsx-157965717 Paragraph Paragraph__End\">L&rsquo;inqui\u00e9tude est particuli\u00e8rement palpable dans les zones rurales pauvres de la Bulgarie, o\u00f9 les habitants redoutent une hausse des prix et une perte de rep\u00e8res avec l&rsquo;adoption de l&rsquo;euro. D&rsquo;autant qu'\u00a0\u00bbil faut reconna\u00eetre que la hausse des prix n&rsquo;a pas \u00e9t\u00e9 n\u00e9gligeable\u00a0\u00bb ces derniers temps, d&rsquo;apr\u00e8s l&rsquo;Institut national des statistiques, rappelle Boryana Dimitrova. Les prix des denr\u00e9es alimentaires avaient par exemple augment\u00e9 de 5% sur un an en novembre 2025, soit plus du double de la moyenne de la zone euro, et l&rsquo;immobilier s&rsquo;est lui envol\u00e9 de 15,5% au deuxi\u00e8me trimestre 2025, soit trois fois plus que la moyenne dans la zone euro.<\/p>\n<p><img decoding=\"async\" src=\"https:\/\/www.europesays.com\/fr\/wp-content\/uploads\/2025\/12\/bulgarie-euro-bce-ef5ca5-2@1x.jpeg\" alt=\"La BCE est illumin\u00e9e aux couleurs du drapeau bulgare le 30 d\u00e9cembre 2025 \u00e0 Francfort-sur-le-Main, en Allemagne. - HELMUT FRICKE \/ DPA \/ dpa Picture-Alliance via AFP\" loading=\"lazy\" importance=\"low\" fetchpriority=\"low\" class=\"\" data-module=\"article-image\"\/>La BCE est illumin\u00e9e aux couleurs du drapeau bulgare le 30 d\u00e9cembre 2025 \u00e0 Francfort-sur-le-Main, en Allemagne. &#8211; HELMUT FRICKE \/ DPA \/ dpa Picture-Alliance via AFP<\/p>\n<p data-module=\"article-paragraph\" class=\"jsx-157965717 Paragraph Paragraph__End\">Pour autant, la pr\u00e9sidente de la Banque centrale europ\u00e9enne (BCE), Christine Lagarde, a relativis\u00e9 les changements de prix, les qualifiant de \u00ab\u00a0modestes et de courte dur\u00e9e\u00a0\u00bb et affirmant que lors des pr\u00e9c\u00e9dents passages \u00e0 l&rsquo;euro, l&rsquo;impact se situait entre 0,2 et 0,4 point de pourcentage. Elle a \u00e9galement affirm\u00e9 que les gains li\u00e9s \u00e0 l&rsquo;adoption de l&rsquo;euro seront \u00ab\u00a0substantiels\u00a0\u00bb, citant \u00ab\u00a0des \u00e9changes plus fluides, des co\u00fbts de financement plus faibles et des prix plus stables\u00a0\u00bb. Les petites et moyennes entreprises pourraient \u00e9conomiser l&rsquo;\u00e9quivalent d&rsquo;environ 500 millions d&rsquo;euros en frais de change, a-t-elle ajout\u00e9 le mois dernier \u00e0 Sofia.<\/p>\n<p><a href=\"https:\/\/www.tf1info.fr\/international\/il-y-aura-des-perturbations-la-bulgarie-passera-bien-a-l-euro-en-2026-2410747.html\" rel=\"noopener\" class=\"jsx-3308031228 Link flex\" target=\"_blank\"><img decoding=\"async\" src=\"https:\/\/www.europesays.com\/fr\/wp-content\/uploads\/2025\/12\/bulgarie-europe-union-d33680-0@1x.jpeg\" alt=\"Getty Images\/iStockphoto\" loading=\"lazy\" importance=\"low\" fetchpriority=\"low\" class=\"\" aria-hidden=\"true\"\/><\/p>\n<p class=\"jsx-3657663356 ReadMoreArticle__Title\">Lire aussi<\/p>\n<p class=\"jsx-3657663356\">\u00ab\u00a0Il y aura des perturbations\u00a0\u00bb : la Bulgarie passera bien \u00e0 l&rsquo;euro en 2026<\/p>\n<p><\/a><\/p>\n<p data-module=\"article-paragraph\" class=\"jsx-157965717 Paragraph Paragraph__End\">Pour tenter de rassurer l&rsquo;opinion publique, le parlement bulgare a renforc\u00e9 au cours de l&rsquo;\u00e9t\u00e9 les organes de contr\u00f4le charg\u00e9s d&rsquo;enqu\u00eater sur les hausses brutales des prix et de freiner toute flamb\u00e9e \u00ab\u00a0injustifi\u00e9e\u00a0\u00bb li\u00e9e au passage \u00e0 l&rsquo;euro. Un secteur en particulier devrait b\u00e9n\u00e9ficier de l&rsquo;euro dans le pays bordant la mer Noire : celui du tourisme, qui a g\u00e9n\u00e9r\u00e9 cette ann\u00e9e environ 8% du PIB.<\/p>\n<p>Victor GAUTIER avec AFP<\/p>\n","protected":false},"excerpt":{"rendered":"La Bulgarie rejoint jeudi la zone euro et deviendra ainsi le 21\u00e8me pays \u00e0 adopter la monnaie unique&hellip;\n","protected":false},"author":2,"featured_media":631657,"comment_status":"","ping_status":"","sticky":false,"template":"","format":"standard","meta":{"footnotes":""},"categories":[1586],"tags":[1111,11,1921,25440,21171,1777,674,1779,1011,27,1922,12,25,1778,364,133,1920],"class_list":{"0":"post-631656","1":"post","2":"type-post","3":"status-publish","4":"format-standard","5":"has-post-thumbnail","7":"category-europe","8":"tag-actu","9":"tag-actualites","10":"tag-article-video","11":"tag-christine-lagarde","12":"tag-croatie","13":"tag-eu","14":"tag-europe","15":"tag-european-union","16":"tag-fr","17":"tag-france","18":"tag-info","19":"tag-news","20":"tag-republique-francaise","21":"tag-ue","22":"tag-union-europeenne","23":"tag-video","24":"tag-video-international"},"share_on_mastodon":{"url":"https:\/\/pubeurope.com\/@fr\/115813138167721663","error":""},"_links":{"self":[{"href":"https:\/\/www.europesays.com\/fr\/wp-json\/wp\/v2\/posts\/631656","targetHints":{"allow":["GET"]}}],"collection":[{"href":"https:\/\/www.europesays.com\/fr\/wp-json\/wp\/v2\/posts"}],"about":[{"href":"https:\/\/www.europesays.com\/fr\/wp-json\/wp\/v2\/types\/post"}],"author":[{"embeddable":true,"href":"https:\/\/www.europesays.com\/fr\/wp-json\/wp\/v2\/users\/2"}],"replies":[{"embeddable":true,"href":"https:\/\/www.europesays.com\/fr\/wp-json\/wp\/v2\/comments?post=631656"}],"version-history":[{"count":0,"href":"https:\/\/www.europesays.com\/fr\/wp-json\/wp\/v2\/posts\/631656\/revisions"}],"wp:featuredmedia":[{"embeddable":true,"href":"https:\/\/www.europesays.com\/fr\/wp-json\/wp\/v2\/media\/631657"}],"wp:attachment":[{"href":"https:\/\/www.europesays.com\/fr\/wp-json\/wp\/v2\/media?parent=631656"}],"wp:term":[{"taxonomy":"category","embeddable":true,"href":"https:\/\/www.europesays.com\/fr\/wp-json\/wp\/v2\/categories?post=631656"},{"taxonomy":"post_tag","embeddable":true,"href":"https:\/\/www.europesays.com\/fr\/wp-json\/wp\/v2\/tags?post=631656"}],"curies":[{"name":"wp","href":"https:\/\/api.w.org\/{rel}","templated":true}]}}