{"id":631678,"date":"2025-12-31T08:18:11","date_gmt":"2025-12-31T08:18:11","guid":{"rendered":"https:\/\/www.europesays.com\/fr\/631678\/"},"modified":"2025-12-31T08:18:11","modified_gmt":"2025-12-31T08:18:11","slug":"la-chaine-lequipe-la-grande-annonce","status":"publish","type":"post","link":"https:\/\/www.europesays.com\/fr\/631678\/","title":{"rendered":"La cha\u00eene L\u2019Equipe, la grande annonce\u00a0!"},"content":{"rendered":"<p><strong>De plus en plus suivie, la cha\u00eene<br \/>\nL&rsquo;Equipe confirme sa mont\u00e9e en puissance dans le paysage<br \/>\naudiovisuel fran\u00e7ais.<\/strong><\/p>\n<p>2025 touche \u00e0 sa fin et l\u2019heure du bilan a sonn\u00e9 pour la cha\u00eene<br \/>\nL\u2019Equipe. Diffuseur de nombreux \u00e9v\u00e8nements sportifs majeurs, comme<br \/>\nla c\u00e9r\u00e9monie du Ballon d\u2019Or et les qualifications pour la Coupe du<br \/>\nmonde 2026 en football, le Dakar ou encore la Coupe du monde de<br \/>\nbiathlon, le m\u00e9dia s\u2019est fait une place de choix aupr\u00e8s des<br \/>\nt\u00e9l\u00e9spectateurs fran\u00e7ais, qui sont \u00e9galement nombreux \u00e0 regarder<br \/>\nses talk-shows, en particulier L\u2019Equipe du Soir.<\/p>\n<blockquote class=\"twitter-tweet\"><p><a class=\"twitter-link\" rel=\"noindex, nofollow noopener\" href=\"https:\/\/twitter.com\/sports_fr\/status\/2005265978788094400\" target=\"_blank\"><\/p><\/blockquote>\n<p>Aussi cette ann\u00e9e aura-t-elle \u00e9t\u00e9<br \/>\n\u00ab\u00a0historique\u00a0\u00bb pour la cha\u00eene, accessible sur le<br \/>\ncanal 21 de la TNT. Sur son site internet, L\u2019Equipe se<br \/>\nf\u00e9licite d\u2019avoir r\u00e9alis\u00e9 \u00ab\u00a0la meilleure audience de son<br \/>\nexistence aupr\u00e8s de l\u2019ensemble du public (4 ans et plus), avec<br \/>\n1,6%, selon les chiffres publi\u00e9s par M\u00e9diam\u00e9trie\u00a0\u00bb. Des<br \/>\nchiffres en hausse de 0,2 point, \u00ab\u00a0soit la deuxi\u00e8me<br \/>\nmeilleure progression des t\u00e9l\u00e9s fran\u00e7aises, hors cha\u00eenes<br \/>\nd\u2019information\u00a0\u00bb, indique le groupe.<\/p>\n<p>Une ann\u00e9e historique pour la cha\u00eene L\u2019Equipe<\/p>\n<p>\u00ab\u00a02025 aura \u00e9t\u00e9 une ann\u00e9e importante pour la cha\u00eene<br \/>\nL\u2019Equipe et ce, \u00e0 plus d\u2019un titre: la cha\u00eene signe sa meilleure<br \/>\nann\u00e9e historique sur l\u2019ensemble du public ainsi que sa meilleure<br \/>\nann\u00e9e sur la cible commerciale (2% de part d\u2019audience sur les -50<br \/>\nans)\u00a0\u00bb, se r\u00e9jouit le directeur g\u00e9n\u00e9ral du p\u00f4le TV du<br \/>\ngroupe, Vincent Broussard. Une tendance que le m\u00e9dia entend<br \/>\nrenforcer avec <a href=\"https:\/\/www.sports.fr\/medias\/droits-tv-le-gros-coup-de-la-chaine-lequipe-976806.html\" target=\"_blank\" rel=\"noopener\"><br \/>\nsa derni\u00e8re acquisition, le circuit WTT<\/a>, que disputent les<br \/>\nfr\u00e8res Lebrun.<\/p>\n<p>Dans le d\u00e9tail, le sacre d\u2019Ousmane Demb\u00e9l\u00e9 et Aitana Bonmati au<br \/>\nBallon d\u2019Or a rassembl\u00e9 beaucoup de monde, le 22 septembre. Cette<br \/>\nc\u00e9r\u00e9monie, organis\u00e9e \u00e0 Paris, a \u00e9t\u00e9 suivie par 1,6 million de<br \/>\nt\u00e9l\u00e9spectateurs en moyenne, avec un pic d\u2019audience enregistr\u00e9 \u00e0 2,5<br \/>\nmillions. La mass-start f\u00e9minine des Mondiaux de biathlon (1,9<br \/>\nmillion de t\u00e9l\u00e9spectateurs) et la course des 24 Heures du Mans (1,5<br \/>\nmillion de t\u00e9l\u00e9spectateurs) ont aussi fait un carton.<\/p>\n<blockquote class=\"twitter-tweet\"><p><a class=\"twitter-link\" rel=\"noindex, nofollow noopener\" href=\"https:\/\/twitter.com\/sports_fr\/status\/2003702124866068898\" target=\"_blank\"><\/p><\/blockquote>\n<p><script async src=\"https:\/\/platform.twitter.com\/widgets.js\" charset=\"utf-8\"><\/script><\/p>\n","protected":false},"excerpt":{"rendered":"De plus en plus suivie, la cha\u00eene L&rsquo;Equipe confirme sa mont\u00e9e en puissance dans le paysage audiovisuel fran\u00e7ais.&hellip;\n","protected":false},"author":2,"featured_media":631679,"comment_status":"","ping_status":"","sticky":false,"template":"","format":"standard","meta":{"footnotes":""},"categories":[1356],"tags":[58,59,1011,27,252,1364],"class_list":{"0":"post-631678","1":"post","2":"type-post","3":"status-publish","4":"format-standard","5":"has-post-thumbnail","7":"category-television","8":"tag-divertissement","9":"tag-entertainment","10":"tag-fr","11":"tag-france","12":"tag-television","13":"tag-tv"},"share_on_mastodon":{"url":"https:\/\/pubeurope.com\/@fr\/115813200942373847","error":""},"_links":{"self":[{"href":"https:\/\/www.europesays.com\/fr\/wp-json\/wp\/v2\/posts\/631678","targetHints":{"allow":["GET"]}}],"collection":[{"href":"https:\/\/www.europesays.com\/fr\/wp-json\/wp\/v2\/posts"}],"about":[{"href":"https:\/\/www.europesays.com\/fr\/wp-json\/wp\/v2\/types\/post"}],"author":[{"embeddable":true,"href":"https:\/\/www.europesays.com\/fr\/wp-json\/wp\/v2\/users\/2"}],"replies":[{"embeddable":true,"href":"https:\/\/www.europesays.com\/fr\/wp-json\/wp\/v2\/comments?post=631678"}],"version-history":[{"count":0,"href":"https:\/\/www.europesays.com\/fr\/wp-json\/wp\/v2\/posts\/631678\/revisions"}],"wp:featuredmedia":[{"embeddable":true,"href":"https:\/\/www.europesays.com\/fr\/wp-json\/wp\/v2\/media\/631679"}],"wp:attachment":[{"href":"https:\/\/www.europesays.com\/fr\/wp-json\/wp\/v2\/media?parent=631678"}],"wp:term":[{"taxonomy":"category","embeddable":true,"href":"https:\/\/www.europesays.com\/fr\/wp-json\/wp\/v2\/categories?post=631678"},{"taxonomy":"post_tag","embeddable":true,"href":"https:\/\/www.europesays.com\/fr\/wp-json\/wp\/v2\/tags?post=631678"}],"curies":[{"name":"wp","href":"https:\/\/api.w.org\/{rel}","templated":true}]}}