{"id":631680,"date":"2025-12-31T08:19:10","date_gmt":"2025-12-31T08:19:10","guid":{"rendered":"https:\/\/www.europesays.com\/fr\/631680\/"},"modified":"2025-12-31T08:19:10","modified_gmt":"2025-12-31T08:19:10","slug":"le-jour-ou-gilbert-becaud-la-oubliee-dans-sa-loge","status":"publish","type":"post","link":"https:\/\/www.europesays.com\/fr\/631680\/","title":{"rendered":"le jour o\u00f9 Gilbert B\u00e9caud l\u2019a oubli\u00e9e dans sa loge"},"content":{"rendered":"<p>Le 31 d\u00e9cembre 1957, Gilbert B\u00e9caud, 30 ans, \u00e9toile montante de la chanson fran\u00e7aise, enregistre \u00ab Parade de fin d&rsquo;ann\u00e9e \u00bb, \u00e9mission de l&rsquo;ORTF qui sera diffus\u00e9e le soir m\u00eame pour la Saint-Sylvestre. Il entonne \u00ab Alors raconte \u00bb sous les yeux d&rsquo;une jeune actrice encore peu connue que la production a choisie pour l&rsquo;accompagner. Il tombe imm\u00e9diatement fou amoureux de <a href=\"https:\/\/www.parismatch.com\/bio\/brigitte-bardot\" target=\"_blank\" rel=\"noopener\">Brigitte Bardot<\/a>. Elle est alors la ma\u00eetresse de Jean-Louis Trintignant \u2013 parti faire son service militaire \u2013 qu&rsquo;elle a rencontr\u00e9 sur le tournage de \u00ab Et Dieu cr\u00e9a la femme \u00bb, film mythique dirig\u00e9 par son mari Roger Vadim. Gilbert est lui aussi mari\u00e9 et d\u00e9j\u00e0 p\u00e8re de famille. L&rsquo;idylle entre le jeune chanteur et la future star sera intense et br\u00e8ve. Et surtout tr\u00e8s discr\u00e8te.<\/p>\n<p>    La suite apr\u00e8s cette publicit\u00e9<\/p>\n<p>B\u00e9caud fait la f\u00eate avec ses musiciens<\/p>\n<p>Un soir, alors qu&rsquo;il se produit \u00e0 l&rsquo;Olympia, elle se glisse dans sa loge quelques chansons avant la fin du show. Son amant lui a dit \u00ab Tu m&rsquo;attendras dans les toilettes \u00bb. Au terme de son r\u00e9cital, monsieur 100 000 volts d\u00e9barque avec une bande de copains et d&rsquo;admirateurs. Imaginez BB toujours cach\u00e9e dans ce lieu incongru. Le champagne coule \u00e0 flots, les rires fusent. Puis soudain le silence. Le rai de lumi\u00e8re sous la porte s&rsquo;\u00e9teint. La jeune amoureuse sort de sa planque folle de rage. La loge est vide.\u00a0<\/p>\n<p>Elle sait o\u00f9 trouver son amant et se pr\u00e9sente flamboyante deux heures plus tard devant le restaurant o\u00f9 B\u00e9caud fait la f\u00eate avec ses musiciens. Elle gare sa d\u00e9capotable et s&rsquo;assoit sur le haut du si\u00e8ge, provocante. Elle attend. Lorsqu&rsquo;il la voit, il se rend compte de sa b\u00e9vue. Penaud, il se pr\u00e9cipite vers elle pour s&rsquo;excuser. \u00ab \u00c9coute Gilbert, c&rsquo;est simple, tu m&rsquo;as oubli\u00e9e \u00bb, lui r\u00e9torque-t-elle, \u00ab je vais aller passer la nuit avec Raf Vallone, lui ne m&rsquo;oublie jamais \u00bb. On ne saura pas si elle a mis sa menace \u00e0 ex\u00e9cution. Toujours est-il que plus tard en Suisse, B\u00e9caud l&rsquo;oubliera encore une fois et qu&rsquo;il en sera cette fois fini de leur folle passion.<\/p>\n","protected":false},"excerpt":{"rendered":"Le 31 d\u00e9cembre 1957, Gilbert B\u00e9caud, 30 ans, \u00e9toile montante de la chanson fran\u00e7aise, enregistre \u00ab Parade de&hellip;\n","protected":false},"author":2,"featured_media":631681,"comment_status":"","ping_status":"","sticky":false,"template":"","format":"standard","meta":{"footnotes":""},"categories":[1355],"tags":[58,59,1011,27,1361,873],"class_list":{"0":"post-631680","1":"post","2":"type-post","3":"status-publish","4":"format-standard","5":"has-post-thumbnail","7":"category-musique","8":"tag-divertissement","9":"tag-entertainment","10":"tag-fr","11":"tag-france","12":"tag-music","13":"tag-musique"},"share_on_mastodon":{"url":"https:\/\/pubeurope.com\/@fr\/115813204798289712","error":""},"_links":{"self":[{"href":"https:\/\/www.europesays.com\/fr\/wp-json\/wp\/v2\/posts\/631680","targetHints":{"allow":["GET"]}}],"collection":[{"href":"https:\/\/www.europesays.com\/fr\/wp-json\/wp\/v2\/posts"}],"about":[{"href":"https:\/\/www.europesays.com\/fr\/wp-json\/wp\/v2\/types\/post"}],"author":[{"embeddable":true,"href":"https:\/\/www.europesays.com\/fr\/wp-json\/wp\/v2\/users\/2"}],"replies":[{"embeddable":true,"href":"https:\/\/www.europesays.com\/fr\/wp-json\/wp\/v2\/comments?post=631680"}],"version-history":[{"count":0,"href":"https:\/\/www.europesays.com\/fr\/wp-json\/wp\/v2\/posts\/631680\/revisions"}],"wp:featuredmedia":[{"embeddable":true,"href":"https:\/\/www.europesays.com\/fr\/wp-json\/wp\/v2\/media\/631681"}],"wp:attachment":[{"href":"https:\/\/www.europesays.com\/fr\/wp-json\/wp\/v2\/media?parent=631680"}],"wp:term":[{"taxonomy":"category","embeddable":true,"href":"https:\/\/www.europesays.com\/fr\/wp-json\/wp\/v2\/categories?post=631680"},{"taxonomy":"post_tag","embeddable":true,"href":"https:\/\/www.europesays.com\/fr\/wp-json\/wp\/v2\/tags?post=631680"}],"curies":[{"name":"wp","href":"https:\/\/api.w.org\/{rel}","templated":true}]}}