{"id":631694,"date":"2025-12-31T08:26:16","date_gmt":"2025-12-31T08:26:16","guid":{"rendered":"https:\/\/www.europesays.com\/fr\/631694\/"},"modified":"2025-12-31T08:26:16","modified_gmt":"2025-12-31T08:26:16","slug":"en-allemagne-un-nouvel-an-a-laeroport-pour-fuir-les-feux-dartifice-actualites","status":"publish","type":"post","link":"https:\/\/www.europesays.com\/fr\/631694\/","title":{"rendered":"En Allemagne, un Nouvel An \u00e0 l&rsquo;a\u00e9roport pour fuir les feux d&rsquo;artifice : Actualit\u00e9s"},"content":{"rendered":"<p class=\"lead \">Alors que 42.000 tonnes de feux d&rsquo;artifice import\u00e9s s&rsquo;appr\u00eatent \u00e0 retentir pour le Nouvel An en Allemagne, Anja Gerauer organise sa fuite, esp\u00e9rant prot\u00e9ger sa chienne Joy d&rsquo;une nuit de traumatismes.<\/p>\n<p class=\"lead \">Son exil volontaire l&rsquo;am\u00e8nera mercredi \u00e0 l&rsquo;a\u00e9roport de Francfort, \u00e0 quelques kilom\u00e8tres de son domicile, o\u00f9 cette r\u00e9alisatrice dans le cin\u00e9ma de 56 ans a r\u00e9serv\u00e9 une chambre d&rsquo;h\u00f4tel pour passer une nuit \u00ab\u00a0d\u00e9tendue et au calme\u00a0\u00bb avec son canid\u00e9, raconte-elle \u00e0 l&rsquo;AFP.<\/p>\n<p class=\"lead \">Comme les h\u00f4pitaux ou les maisons de retraite, les abords des a\u00e9roports sont en effet une zone d&rsquo;interdiction des explosifs, ce qui en fait un havre de paix pour les animaux en proie au stress des d\u00e9tonations, \u00e9clats lumineux et odeurs de fum\u00e9e.<\/p>\n<p class=\"lead \">Anja Gerauer se souvient du premier r\u00e9veillon allemand de sa chienne, qui \u00ab\u00a0a aboy\u00e9 toute la nuit et trembl\u00e9 sous le lit. Je ne referai pas \u00e7a, je craignais qu&rsquo;elle fasse une crise cardiaque\u00a0\u00bb.<\/p>\n<p class=\"lead \">Joy \u00ab\u00a0n&rsquo;est pas seule\u00a0\u00bb, souligne sa propri\u00e9taire : l&rsquo;h\u00f4tel o\u00f9 elle pr\u00e9voit de d\u00e9penser environ 200 euros la nuit a r\u00e9serv\u00e9 une centaine de chambres sur 300 pour des clients accompagn\u00e9s de chiens, a indiqu\u00e9 l&rsquo;\u00e9tablissement \u00e0 l&rsquo;AFP.<\/p>\n<p class=\"lead \">Le Sheraton, \u00e9tablissement voisin, a flair\u00e9 l&rsquo;affaire : son site internet invite les clients avec chien \u00e0 y passer un r\u00e9veillon \u00ab\u00a0sans stress\u00a0\u00bb.<\/p>\n<p class=\"lead \">&#8211; Cinq d\u00e9c\u00e8s accidentels &#8211;<\/p>\n<p class=\"lead \">Option plus \u00e9conomique, certains viennent m\u00eame \u00ab\u00a0s&rsquo;installer sur les bancs\u00a0\u00bb des terminaux avec leurs b\u00eates, indique l&rsquo;a\u00e9roport de D\u00fcsseldorf (ouest) \u00e0 l&rsquo;AFP.<\/p>\n<p class=\"lead \">Autoris\u00e9 mercredi et jeudi, le recours aux p\u00e9tards et fus\u00e9es, en vente l\u00e9gale depuis lundi, s&rsquo;annonce massif : entre janvier et septembre, plus de 42.000 tonnes de feux d&rsquo;artifice ont \u00e9t\u00e9 import\u00e9es en Allemagne, soit 62% de plus par rapport \u00e0 l&rsquo;ann\u00e9e pr\u00e9c\u00e9dente, selon les statistiques officielles.<\/p>\n<p class=\"lead \">Des chiffres qui n&rsquo;incluent pas les importations ill\u00e9gales, jug\u00e9es particuli\u00e8rement accidentog\u00e8nes, de la perte de vision et des dommages auditifs aux amputations.<\/p>\n<p class=\"lead \">L&rsquo;opposition aux engins pyrotechniques, d&rsquo;o\u00f9 qu&rsquo;ils proviennent, s&rsquo;est renforc\u00e9e apr\u00e8s la mort accidentelle de cinq personnes dans le pays au dernier Nouvel An, et 300 interpellations \u00e0 Berlin, o\u00f9 30 policiers avaient \u00e9t\u00e9 bless\u00e9s.<\/p>\n<p class=\"lead \">Toujours dans la capitale, l&rsquo;explosion d&rsquo;un engin pyrotechnique avait endommag\u00e9 les ouvertures d&rsquo;une quarantaine de logements d&rsquo;un m\u00eame bloc.<\/p>\n<p class=\"lead \">Les touristes \u00e9trangers y sont souvent surpris par l&rsquo;atmosph\u00e8re de chaos cr\u00e9\u00e9e par l&rsquo;intensit\u00e9 des d\u00e9tonations sourdes, fum\u00e9es \u00e2cres et sir\u00e8nes d&rsquo;ambulance.<\/p>\n<p class=\"lead \">&#8211; \u00ab\u00a0Nuit d&rsquo;horreur\u00a0\u00bb &#8211;<\/p>\n<p class=\"lead \">\u00ab\u00a0Tout le monde est au bout de ses forces\u00a0\u00bb avec ces p\u00e9tards \u00ab\u00a0anxiog\u00e8nes, beaucoup trop bruyants et dangereux\u00a0\u00bb, s&rsquo;\u00e9meut Christine Ryck, crois\u00e9e devant un magasin de feux d&rsquo;artifice.<\/p>\n<p class=\"lead \">Cette Berlinoise de 65 ans peut t\u00e9moigner d&rsquo;une enfance o\u00f9 fus\u00e9es et cierges magiques faisaient d\u00e9j\u00e0 partie du spectacle, mais ces engins n&rsquo;\u00e9taient alors \u00ab\u00a0pas dangereux\u00a0\u00bb.<\/p>\n<p class=\"lead \">Initi\u00e9e d\u00e9but janvier par la division berlinoise du syndicat policier Gewerkschaft der Polizei (GdP), une p\u00e9tition pour une interdiction nationale des feux d&rsquo;artifice se rapproche d\u00e9sormais des 3 millions de signatures en ligne.<\/p>\n<p class=\"lead \">Mais le chancelier Friedrich Merz, investi en mai, est rest\u00e9 sourd \u00e0 cet appel, et les interdictions restent tr\u00e8s limit\u00e9es localement : la porte de Brandebourg et quelques autres lieux de rassemblement \u00e0 Berlin, ou les centres historiques des villes anciennes&#8230;<\/p>\n<p class=\"lead \">Pas de quoi satisfaire les opposants, qui redoutent une nouvelle \u00ab\u00a0nuit d&rsquo;horreur\u00a0\u00bb d&rsquo;une ampleur \u00ab\u00a0in\u00e9dite\u00a0\u00bb, a averti J\u00fcrgen Resch, directeur g\u00e9n\u00e9ral de l&rsquo;ONG environnementale Deutsche Umwelthilfe (DUH).<\/p>\n<p class=\"lead \">L&rsquo;ordre des m\u00e9decins et la f\u00e9d\u00e9ration des h\u00f4pitaux ont rejoint le concert de critiques, ces derniers recensant 100 bless\u00e9s graves &#8211; total en \u00ab\u00a0hausse brutale\u00a0\u00bb &#8211; li\u00e9s aux feux d&rsquo;artifice lors du dernier r\u00e9veillon.<\/p>\n<p class=\"lead \">&#8211; Tradition &#8211;<\/p>\n<p class=\"lead \">Des accidents graves \u00ab\u00a0pratiquement exclusivement li\u00e9s aux feux d&rsquo;artifice ill\u00e9gaux\u00a0\u00bb, tandis que ceux l\u00e9gaux sont \u00ab\u00a0strictement contr\u00f4l\u00e9s et fortement limit\u00e9s en taille et en effet\u00a0\u00bb, a r\u00e9pondu \u00e0 l&rsquo;AFP Christoph Kr\u00f6pl, le directeur g\u00e9n\u00e9rale de la F\u00e9d\u00e9ration allemande de pyrotechnie et des feux d&rsquo;artifice artistiques (bvpk).<\/p>\n<p class=\"lead \">Avec 12,7 millions d&rsquo;acheteurs au dernier Nouvel An, les feux d&rsquo;artifice restent un loisir tr\u00e8s populaire et \u00ab\u00a0une magnifique tradition en Allemagne\u00a0\u00bb, souligne de son c\u00f4t\u00e9 la F\u00e9d\u00e9ration de l&rsquo;industrie pyrotechnique (VPI).<\/p>\n<p class=\"lead \">Vivre cette \u00ab\u00a0exp\u00e9rience\u00a0\u00bb en famille et entre amis, en \u00ab\u00a0faisant attention\u00a0\u00bb et sans \u00ab\u00a0exag\u00e9rer\u00a0\u00bb : c&rsquo;est l&rsquo;intention d&rsquo;Erdogan, un Berlinois de 54 ans, rencontr\u00e9 par l&rsquo;AFP \u00e0 la sortie d&rsquo;un magasin berlinois.<\/p>\n<p class=\"lead \">\u00ab\u00a0J&rsquo;ai \u00e9t\u00e9 jeune, je comprends aussi\u00a0\u00bb: Emren, son fils de 12 ans, fus\u00e9es sous le bras, doit \u00ab\u00a0aussi pouvoir go\u00fbter un peu \u00e0 cela\u00a0\u00bb, estime le p\u00e8re.<\/p>\n<p class=\"small font-weight-bold text-gray3 \"> publi\u00e9 le 30 d\u00e9cembre \u00e0 18h50, AFP<\/p>\n<p>                             Partager<\/p>\n","protected":false},"excerpt":{"rendered":"Alors que 42.000 tonnes de feux d&rsquo;artifice import\u00e9s s&rsquo;appr\u00eatent \u00e0 retentir pour le Nouvel An en Allemagne, Anja&hellip;\n","protected":false},"author":2,"featured_media":631695,"comment_status":"","ping_status":"","sticky":false,"template":"","format":"standard","meta":{"footnotes":""},"categories":[5],"tags":[11,672,1867,436,1011,27,14,12,74038,20348,30838,28],"class_list":{"0":"post-631694","1":"post","2":"type-post","3":"status-publish","4":"format-standard","5":"has-post-thumbnail","7":"category-international","8":"tag-actualites","9":"tag-allemagne","10":"tag-animaux","11":"tag-environnement","12":"tag-fr","13":"tag-france","14":"tag-international","15":"tag-news","16":"tag-nouvelan","17":"tag-tradition","18":"tag-troubles","19":"tag-world"},"share_on_mastodon":{"url":"https:\/\/pubeurope.com\/@fr\/115813232369555890","error":""},"_links":{"self":[{"href":"https:\/\/www.europesays.com\/fr\/wp-json\/wp\/v2\/posts\/631694","targetHints":{"allow":["GET"]}}],"collection":[{"href":"https:\/\/www.europesays.com\/fr\/wp-json\/wp\/v2\/posts"}],"about":[{"href":"https:\/\/www.europesays.com\/fr\/wp-json\/wp\/v2\/types\/post"}],"author":[{"embeddable":true,"href":"https:\/\/www.europesays.com\/fr\/wp-json\/wp\/v2\/users\/2"}],"replies":[{"embeddable":true,"href":"https:\/\/www.europesays.com\/fr\/wp-json\/wp\/v2\/comments?post=631694"}],"version-history":[{"count":0,"href":"https:\/\/www.europesays.com\/fr\/wp-json\/wp\/v2\/posts\/631694\/revisions"}],"wp:featuredmedia":[{"embeddable":true,"href":"https:\/\/www.europesays.com\/fr\/wp-json\/wp\/v2\/media\/631695"}],"wp:attachment":[{"href":"https:\/\/www.europesays.com\/fr\/wp-json\/wp\/v2\/media?parent=631694"}],"wp:term":[{"taxonomy":"category","embeddable":true,"href":"https:\/\/www.europesays.com\/fr\/wp-json\/wp\/v2\/categories?post=631694"},{"taxonomy":"post_tag","embeddable":true,"href":"https:\/\/www.europesays.com\/fr\/wp-json\/wp\/v2\/tags?post=631694"}],"curies":[{"name":"wp","href":"https:\/\/api.w.org\/{rel}","templated":true}]}}