{"id":631703,"date":"2025-12-31T08:31:18","date_gmt":"2025-12-31T08:31:18","guid":{"rendered":"https:\/\/www.europesays.com\/fr\/631703\/"},"modified":"2025-12-31T08:31:18","modified_gmt":"2025-12-31T08:31:18","slug":"infrastructure-nancy-thermal-enfin-sur-les-bons-rails-apres-une-annee-2025-decisive","status":"publish","type":"post","link":"https:\/\/www.europesays.com\/fr\/631703\/","title":{"rendered":"Infrastructure.\u00a0Nancy Thermal\u00a0enfin sur les bons rails apr\u00e8s une ann\u00e9e 2025 d\u00e9cisive ?"},"content":{"rendered":"<p>Ces derniers mois, les\u00a0\u00e9quipes de direction\u00a0de <a href=\"https:\/\/www.lasemaine.fr\/economie\/nancy-thermal-pres-de-3-000-curistes-pour-une-premiere-saison-complete\/\" data-type=\"post\" data-id=\"408688\" target=\"_blank\" rel=\"noopener\">Nancy Thermal<\/a> \u00e9taient\u00a0en apn\u00e9e.\u00a0Depuis mi-d\u00e9cembre, elles peuvent\u00a0respirer. Le vote d\u00e9finitif du budget de la S\u00e9curit\u00e9 sociale a permis de trancher\u00a0: les cures thermales continueront d\u2019\u00eatre\u00a0rembours\u00e9es.\u00a0Lors de l\u2019examen du budget, un amendement pr\u00e9voyait de faire passer la prise en charge du\u00a0forfait thermal de 65\u00a0% \u00e0 15\u00a0%, tout en supprimant la prise\u00a0en charge \u00e0 100\u00a0% pour les patients en affection longue dur\u00e9e (ALD). Un moyen de r\u00e9aliser pr\u00e8s de 200\u00a0millions d\u2019euros d\u2019\u00e9conomie, dans un moment o\u00f9 chaque centime compte.<\/p>\n<blockquote class=\"wp-block-quote is-layout-flow wp-block-quote-is-layout-flow\">\n<p>\u00ab\u00a0Cette\u00a0d\u00e9cision\u00a0met un terme\u00a0a\u0300 plusieurs semaines d\u2019incertitudes pr\u00e9judiciables\u00a0pour notre\u00a0fili\u00e8re.\u00a0\u00bb<\/p>\n<p>Bernard Riac, PDG de ValVital.<\/p><\/blockquote>\n<p>\u00ab\u00a0Le d\u00e9ficit de la S\u00e9curit\u00e9 sociale est de 17\u00a0milliards d\u2019euros. Or, le march\u00e9 global du thermalisme repr\u00e9sente 500\u00a0millions d\u2019euros. Une goutte d\u2019eau\u00a0alors qu\u2019une soixantaine d\u2019\u00e9tudes scientifiques attestent de l\u2019int\u00e9r\u00eat sanitaire des cures thermales\u00a0\u00bb, commente Didier\u00a0Ringwald, directeur de\u00a0<a href=\"https:\/\/www.lasemaine.fr\/culture\/evenement\/une-soiree-de-nouvel-an-insolite-a-nancy-thermal\/\" data-type=\"post\" data-id=\"409714\" target=\"_blank\" rel=\"noopener\">Nancy Thermal<\/a>, soulag\u00e9 apr\u00e8s le vote. \u00ab\u00a0Cette\u00a0d\u00e9cision\u00a0met un terme \u00e0 plusieurs semaines\u00a0 d\u2019incertitudes\u00a0particuli\u00e8rement\u00a0pr\u00e9judiciables\u00a0pour notre\u00a0fili\u00e8re.\u00a0Malgr\u00e9\u0301 un\u00a0contexte\u00a0\u00e9conomique\u00a0et\u00a0budg\u00e9taire\u00a0contraint, le maintien du remboursement confirme le\u00a0r\u00f4le\u00a0cl\u00e9\u0301 de la cure thermale dans la\u00a0pr\u00e9vention\u00a0et la prise en charge des maladies chroniques\u00a0\u00bb, d\u00e9clare\u00a0de son c\u00f4t\u00e9\u00a0<a href=\"https:\/\/www.lasemaine.fr\/economie\/saison-estivale-quel-bilan-pour-nancy-thermal\/\" data-type=\"post\" data-id=\"400606\" target=\"_blank\" rel=\"noopener\">Bernard\u00a0Riac, PDG de\u00a0ValVital<\/a>, deuxi\u00e8me groupe thermal en France, qui exploite\u00a0Nancy Thermal. Cette saison (qui s\u2019\u00e9tale\u00a0de mars \u00e0 novembre), l\u2019\u00e9tablissement\u00a0nanc\u00e9ien\u00a0a quasiment\u00a0franchi\u00a0la barre symbolique des 3\u00a0000 curistes (2\u00a0887).\u00a0Or, la seule perspective d\u2019un possible d\u00e9remboursement a d\u00e9j\u00e0 conduit \u00e0 une baisse des inscriptions de 7 \u00e0 10\u00a0% aux cures propos\u00e9es par\u00a0Nancy Thermal.\u00a0Ce qui permet de mesurer\u00a0l\u2019importance\u00a0cruciale du vote du 16\u00a0d\u00e9cembre dernier.<\/p>\n<p><img data-lazyloaded=\"1\" decoding=\"async\" src=\"https:\/\/www.europesays.com\/fr\/wp-content\/uploads\/2025\/12\/DidierRingwalJErOmeMondiEre-664x1024.jpg\" alt=\"Le directeur de Nancy Thermal Didier Ringwald a encore des leviers pour faire progresser la fr\u00e9quentation de Nancy Thermal.\"\/>\u00a9 J\u00e9r\u00f4me Mondiere<\/p>\n<p>C\u2019est l\u2019esprit tranquille\u00a0donc\u00a0que\u00a0Didier\u00a0Ringwald, 30 ans d\u2019exp\u00e9rience dans la direction d\u2019\u00e9tablissements de thermalisme, et les 150 collaborateurs\u00a0de l\u2019infrastructure nanc\u00e9ienne, vont pouvoir\u00a0poursuivre\u00a0la strat\u00e9gie d\u00e9veloppement du lieu ouvert en 2023, qui a n\u00e9cessit\u00e9 97\u00a0millions d\u2019euros d\u2019investissements. Pour g\u00e9n\u00e9rer de l\u2019activit\u00e9, Nancy Thermal s\u2019appuie sur quatre p\u00f4les\u00a0: l\u2019h\u00e9bergement, les cures thermales, le SPA et l\u2019Aquasport. Chacun d\u2019entre eux dispose d\u2019une marge de progression.<\/p>\n<p>Les cures\u00a0thermales\u00a0: finies les vagues<\/p>\n<p>Sur\u00a0son secteur d\u2019activit\u00e9 des cures thermales, l\u2019\u00e9tablissement part de (tr\u00e8s) loin. Tandis que le coup d\u2019envoi devait \u00eatre donn\u00e9 le\u00a015\u00a0mai 2023, un premier report avait \u00e9t\u00e9 annonc\u00e9 alors que 2\u00a0000 personnes avaient d\u00e9j\u00e0 r\u00e9serv\u00e9\u00a0leur s\u00e9jour. Des analyses port\u00e9es par l\u2019agence r\u00e9gionale de sant\u00e9 faisaient \u00e9tat d\u2019une qualit\u00e9 de l\u2019eau thermale non pleinement conforme aux exigences r\u00e9glementaires des soins individuels. Rouvertes\u00a0au mois de juillet\u00a02023, les cures avaient d\u00fb fermer \u00e0 nouveau en ao\u00fbt\u00a0pour une longue p\u00e9riode de travaux. Cet \u00e9pisode douloureux, qui avait provoqu\u00e9 la col\u00e8re de Mathieu Klein, pr\u00e9sident de la M\u00e9tropole du\u00a0Grand Nancy (actionnaire principal du site), mais\u00a0aussi d\u2019autres \u00e9lus locaux, fait d\u00e9sormais partie de l\u2019histoire ancienne. \u00ab\u00a0Nous travaillons de concert avec les collectivit\u00e9s.\u00a0Nous sommes contents de notre ann\u00e9e 2025. Nous sommes encore en phase d\u2019ouverture\u00a0\u00bb, r\u00e9sume Didier\u00a0Ringwald.\u00a0Le p\u00f4le thermal de 4\u00a0000 m\u00e8tres carr\u00e9s a \u00e9t\u00e9 construit dans l\u2019objectif d\u2019accueillir, \u00e0 plein r\u00e9gime, 15\u00a0000 curistes.\u00a0Pour atteindre ce nombre ambitieux, cinq fois sup\u00e9rieur \u00e0 la fr\u00e9quentation actuelle, et ancrer Nancy pour de bon\u00a0comme un bastion national du thermalisme, ValVital a pour objectif de renforcer son offre.<\/p>\n<blockquote class=\"wp-block-quote is-layout-flow wp-block-quote-is-layout-flow\">\n<p>\u00ab\u00a0Chaque ann\u00e9e, nous constatons une augmentation de 10 \u00e0 20\u00a0% sur l\u2019activit\u00e9 des mini-cures.\u00a0\u00bb<\/p>\n<p>Didier\u00a0Ringwald, directeur de Nancy Thermal.<\/p><\/blockquote>\n<p>En plus de cures reconnues pour traiter les rhumatismes, l\u2019\u00e9tablissement ambitionne d\u2019obtenir les agr\u00e9ments\u00a0pour pouvoir proposer des s\u00e9jours ax\u00e9s sur la phl\u00e9bologie et les voies respiratoires.\u00a0Un long processus\u00a0qui commencera d\u00e8s 2026. \u00ab\u00a0Un groupe\u00a0de\u00a0scientifiques\u00a0ind\u00e9pendants\u00a0analysera l\u2019\u00e9volution de personnes qui ont une pathologie d\u00e9clar\u00e9e\u00a0suite \u00e0 une\u00a0cure \u00e0 Nancy Thermal. Les dossiers seront envoy\u00e9s \u00e0 l\u2019Acad\u00e9mie nationale de m\u00e9decine, avant\u00a0que l\u2019Assurance maladie ne donne\u00a0l\u2019agr\u00e9ment final.\u00a0Il faudra patienter au moins jusqu\u2019en 2028 avant de l\u2019avoir, puisque\u00a0les effets b\u00e9n\u00e9fiques doivent \u00eatre attest\u00e9s sur le long terme\u00a0\u00bb, explique Didier\u00a0Ringwald.\u00a0Le groupe engagera une enveloppe de 200\u00a0000\u00a0euros dans le cadre de l\u2019obtention de ces pr\u00e9cieux s\u00e9sames. \u00ab\u00a0Notamment parce qu\u2019il nous faut offrir les cures aux patients qui seront \u00e9tudi\u00e9s.\u00a0\u00bb En attendant ces nouvelles perspectives concernant les cures de 18 jours, Nancy Thermal peut compter sur ses mini-cures. Elles s\u2019adressent aux sportifs qui veulent r\u00e9cup\u00e9rer\u00a0d\u2019un effort, mais aussi au grand public.\u00a0Pour des jambes l\u00e9g\u00e8res, pour la silhouette, ou en phl\u00e9bologies, les soins durent d\u2019un jour \u00e0 une semaine\u00a0ne sont pas pris en charge. \u00ab\u00a0Chaque ann\u00e9e, nous constatons une augmentation de 10 \u00e0 20\u00a0% sur cette\u00a0activit\u00e9.\u00a0Nous voulons acc\u00e9l\u00e9rer en 2026\u00a0\u00bb, assure encore le dirigeant.<\/p>\n<p>Le SPA comme locomotive<\/p>\n<p>Faire de\u00a0Nancy une capitale du thermalisme prendra du temps. \u00ab\u00a0Nous sommes le\u00a0seul site de thermalisme localis\u00e9 dans une m\u00e9tropole de la taille de Nancy. Ceux qui viennent chez nous peuvent profiter de l\u2019attractivit\u00e9 culturelle de la ville. Nous avons des atouts, mais c\u2019est le\u00a0jour o\u00f9 un m\u00e9decin normand enverra son patient chez nous, que nous aurons r\u00e9ussi\u00a0\u00bb, image Didier\u00a0Ringwald. Pour attirer une client\u00e8le de toute la France, Nancy Thermal s\u2019appuie sur la Villa\u00a0Thermae, une\u00a0r\u00e9sidence de tourisme 4 \u00e9toiles qui comprend 76 studios.<\/p>\n<blockquote class=\"wp-block-quote is-layout-flow wp-block-quote-is-layout-flow\">\n<p>\u00ab\u00a0Nous sommes\u00a0l\u2019une des piscines de Nancy\u2026 Et m\u00eame la plus belle.\u00a0\u00bb<\/p>\n<p>Didier\u00a0Ringwald, directeur de Nancy Thermal.<\/p><\/blockquote>\n<p>En attendant de parfaire sa r\u00e9putation sur le thermalisme, l\u2019\u00e9tablissement peut cro\u00eetre par le biais de son SPA. \u00ab\u00a0Ce p\u00f4le a souffert de la\u00a0non-ouverture\u00a0des cures thermales, \u00e0 cause d\u2019une confusion. Les gens ont pens\u00e9 que tout le site \u00e9tait ferm\u00e9, et pas uniquement la partie\u00a0d\u00e9di\u00e9e au thermalisme. En 2024, nous avons enregistr\u00e9 100\u00a0000 entr\u00e9es au SPA, et 150\u00a0000 cette ann\u00e9e. \u00c0 terme, gr\u00e2ce\u00a0au\u00a0bouche\u00a0\u00e0 oreille, nous visons 400\u00a0000 visiteurs par an.\u00a0\u00bb Les vacances de No\u00ebl constituent le grand temps fort de l\u2019espace\u00a0positionn\u00e9 sur la m\u00eame ligne premium que la Villa Pomp\u00e9i \u00e0 Amn\u00e9ville, avec 1\u00a0200 clients par jour et 10\u00a0% du chiffre d\u2019affaires annuel r\u00e9alis\u00e9 sur quinze jours. Au global, le SPA permet \u00e0 Nancy Thermal de d\u00e9gager 40\u00a0% de son activit\u00e9 qui culmine cette ann\u00e9e \u00e0 8,9\u00a0millions d\u2019euros (contre 5,8\u00a0millions d\u2019euros en 2024).\u00a0Essentiel dans la strat\u00e9gie \u00e9conomique de Nancy Thermal, \u00e9quipement malgr\u00e9 tout d\u00e9ficitaire en 2025, le p\u00f4le SPA cherche \u00e0 innover. \u00ab\u00a0Cette ann\u00e9e, nous proposons une soir\u00e9e du Nouvel an, avec deux heures de SPA, une session de maquillage avec une esth\u00e9ticienne et un service de restauration assur\u00e9e par un prestataire, avant\u00a0la f\u00eate\u00a0\u00bb, indique le dirigeant. Une soir\u00e9e qui s\u2019inscrit dans la lign\u00e9e des manifestations propos\u00e9es toute l\u2019ann\u00e9e\u00a0: le SPA-brunch se d\u00e9roule une fois par mois, comme le SPA-ap\u00e9ro, qui permet aux clients de se d\u00e9tendre et de d\u00e9couvrir des producteurs locaux.\u00a0En moyenne, les gens font moins d\u2019une heure de route pour se rendre au SPA de Nancy Thermal, ce qui assure au site une client\u00e8le locale, g\u00e9n\u00e9ralement\u00a0\u00e2g\u00e9e de 30 \u00e0 50 ans.<\/p>\n<p>Aquasport\u00a0: la touche ludique<\/p>\n<p>Nancy Thermal est aussi un \u00e9tablissement en capacit\u00e9 de faire du volume, gr\u00e2ce \u00e0 son 4e p\u00f4le, qui correspond \u00e0 l\u2019Aquasport. \u00ab\u00a0Nous sommes\u00a0l\u2019une des piscines de Nancy\u2026 Et m\u00eame la plus belle\u00a0\u00bb, sourit Didier\u00a0Ringwald.\u00a0Avec ses deux bassins de 50 m\u00e8tres, un autre ludique, des toboggans et jeux pour les enfants, l\u2019Aquasport\u00a0cumule 320\u00a0000 entr\u00e9es en 2025 (contre 275\u00a0000 en 2024). L\u00e0 encore, l\u2019\u00e9tablissement a encore de la marge, puisque l\u2019espace\u00a0est taill\u00e9 pour accueillir 400\u00a0000 personnes sur douze mois. \u00ab\u00a0Sur ce p\u00f4le, notre p\u00e9riode phare reste l\u2019\u00e9t\u00e9\u00a0\u00bb, livre le dirigeant. L\u00e0 encore, les \u00e9quipes veulent continuer de d\u00e9velopper l\u2019offre \u00e9v\u00e9nementielle, avec notamment la possibilit\u00e9 d\u2019organiser des anniversaires pour les enfants. Mais au-del\u00e0 de\u00a0l\u2019aspect ludique, l\u2019Aquasport\u00a0a aussi une vocation p\u00e9dagogique\u00a0: 400 jeunes viennent chaque ann\u00e9e y apprendre \u00e0 nager. Un apprentissage important, qui fait partie des enjeux pour les collectivit\u00e9s.<\/p>\n<p>Quand thermalisme rime avec bien-\u00eatre \u00e9conomique<\/p>\n<p>Chaque ann\u00e9e, le thermalisme m\u00e9dical concerne environ 500\u00a0000 curistes en France et permet de g\u00e9n\u00e9rer 25\u00a0000 emplois directs et indirects. \u00c0 Nancy Thermal, l\u2019espace d\u00e9di\u00e9 aux cures fonctionne gr\u00e2ce \u00e0 35 collaborateurs. \u00ab\u00a0Le thermalisme est aussi une source d\u2019attractivit\u00e9 \u00e9conomique dans une ville, avec des curistes qui d\u00e9pensent entre 1\u00a0000 et 1\u00a0200\u00a0euros pendant leur s\u00e9jour pour se loger, se restaurer, s\u2019occuper. 80\u00a0% des cures thermales se situent dans des villes de moins de 5\u00a0000 habitants, o\u00f9 elles constituent la principale ressource \u00e9conomique\u00a0\u00bb, rappelle\u00a0Didier\u00a0Ringwald. \u00ab\u00a0Or, avec la fin du remboursement, on rayait 80\u00a0% des stations de France\u2026\u00a0\u00bb explique encore\u00a0le directeur.\u00a0Au total, les retomb\u00e9es \u00e9conomiques li\u00e9es au march\u00e9 du thermalisme repr\u00e9sentent 4\u00a0milliards d\u2019euros. Un montant qui, selon, Didier\u00a0Ringwald, chuterait drastiquement si les cures n\u2019\u00e9taient plus rembours\u00e9es. La Lorraine y perdrait beaucoup, en tant que terre de thermalisme, avec des stations \u00e0 Amn\u00e9ville, Contrex\u00e9ville, Vittel, Bains-les-Bains, Plombi\u00e8res-les-Bains (m\u00eame si le site rencontre des difficult\u00e9s ces derniers mois).<\/p>\n<p>Qui est derri\u00e8re Nancy Thermal\u00a0?<\/p>\n<p>La soci\u00e9t\u00e9 d\u2019exploitation de Nancy Thermal est le groupe\u00a0ValVital. Au-dessus de cette structure d\u2019exploitation, il existe une soci\u00e9t\u00e9 \u00e0 qui la M\u00e9tropole a donn\u00e9\u00a0la d\u00e9l\u00e9gation de service public\u00a0: Grand Nancy Thermal D\u00e9veloppement. Cette soci\u00e9t\u00e9 d\u2019\u00e9conomie mixte (SEM) est d\u00e9tenue par la M\u00e9tropole \u00e0 85\u00a0%, par\u00a0ValVital\u00a0et par la Caisse des D\u00e9p\u00f4ts. Elle dispose d\u2019une d\u00e9l\u00e9gation de service public et c\u2019est donc \u00e0 cette entit\u00e9 que la M\u00e9tropole du Grand Nancy a demand\u00e9 de r\u00e9aliser les travaux de Nancy Thermal (97\u00a0millions d\u2019euros).\u00a0Le chiffre d\u2019affaires r\u00e9alis\u00e9 par le site est revers\u00e9 \u00e0 cette SEM.<\/p>\n","protected":false},"excerpt":{"rendered":"Ces derniers mois, les\u00a0\u00e9quipes de direction\u00a0de Nancy Thermal \u00e9taient\u00a0en apn\u00e9e.\u00a0Depuis mi-d\u00e9cembre, elles peuvent\u00a0respirer. Le vote d\u00e9finitif du budget&hellip;\n","protected":false},"author":2,"featured_media":631704,"comment_status":"","ping_status":"","sticky":false,"template":"","format":"standard","meta":{"footnotes":""},"categories":[9635],"tags":[1111,11,1777,674,1011,27,775,1702,12,25],"class_list":{"0":"post-631703","1":"post","2":"type-post","3":"status-publish","4":"format-standard","5":"has-post-thumbnail","7":"category-nancy","8":"tag-actu","9":"tag-actualites","10":"tag-eu","11":"tag-europe","12":"tag-fr","13":"tag-france","14":"tag-grand-est","15":"tag-nancy","16":"tag-news","17":"tag-republique-francaise"},"share_on_mastodon":{"url":"https:\/\/pubeurope.com\/@fr\/115813252057683988","error":""},"_links":{"self":[{"href":"https:\/\/www.europesays.com\/fr\/wp-json\/wp\/v2\/posts\/631703","targetHints":{"allow":["GET"]}}],"collection":[{"href":"https:\/\/www.europesays.com\/fr\/wp-json\/wp\/v2\/posts"}],"about":[{"href":"https:\/\/www.europesays.com\/fr\/wp-json\/wp\/v2\/types\/post"}],"author":[{"embeddable":true,"href":"https:\/\/www.europesays.com\/fr\/wp-json\/wp\/v2\/users\/2"}],"replies":[{"embeddable":true,"href":"https:\/\/www.europesays.com\/fr\/wp-json\/wp\/v2\/comments?post=631703"}],"version-history":[{"count":0,"href":"https:\/\/www.europesays.com\/fr\/wp-json\/wp\/v2\/posts\/631703\/revisions"}],"wp:featuredmedia":[{"embeddable":true,"href":"https:\/\/www.europesays.com\/fr\/wp-json\/wp\/v2\/media\/631704"}],"wp:attachment":[{"href":"https:\/\/www.europesays.com\/fr\/wp-json\/wp\/v2\/media?parent=631703"}],"wp:term":[{"taxonomy":"category","embeddable":true,"href":"https:\/\/www.europesays.com\/fr\/wp-json\/wp\/v2\/categories?post=631703"},{"taxonomy":"post_tag","embeddable":true,"href":"https:\/\/www.europesays.com\/fr\/wp-json\/wp\/v2\/tags?post=631703"}],"curies":[{"name":"wp","href":"https:\/\/api.w.org\/{rel}","templated":true}]}}