{"id":631711,"date":"2025-12-31T08:35:09","date_gmt":"2025-12-31T08:35:09","guid":{"rendered":"https:\/\/www.europesays.com\/fr\/631711\/"},"modified":"2025-12-31T08:35:09","modified_gmt":"2025-12-31T08:35:09","slug":"dix-etudiants-en-kine-de-montpellier-lancent-une-collecte-pour-soigner-des-enfants-handicapes-en-bolivie","status":"publish","type":"post","link":"https:\/\/www.europesays.com\/fr\/631711\/","title":{"rendered":"Dix \u00e9tudiants en kin\u00e9 de Montpellier lancent une collecte pour soigner des enfants handicap\u00e9s en Bolivie"},"content":{"rendered":"<p>\n                                                                Dix \u00e9tudiants de l\u2019institut de formation en masso-kin\u00e9sith\u00e9rapie (IFMK) de Montpellier lancent un appel aux dons pour financer un voyage humanitaire en Bolivie \u00e0 l\u2019\u00e9t\u00e9 2026. Membres de l\u2019association Hogar San Jos\u00e9, cr\u00e9\u00e9e en 2017, ils pr\u00e9voient d\u2019intervenir dans un orphelinat de Santa Cruz accueillant 32 enfants en situation de polyhandicaps lourds.\n                            <\/p>\n<p>Dix \u00e9tudiants de l\u2019institut de formation en masso-kin\u00e9sith\u00e9rapie (IFMK) de Montpellier sont \u00e0 la recherche de dons pour partir en voyage humanitaire avec leur association. Cr\u00e9e en 2017, Hogar San Jos\u00e9 a pour mission principale de subvenir \u00e0 des besoins m\u00e9dicaux et de kin\u00e9sith\u00e9rapie pour des enfants en situation de handicap\u00a0dans un orphelinat situ\u00e9 \u00e0 Santa Cruz, ville la plus peupl\u00e9e de\u00a0Bolivie. Le voyage est pr\u00e9vu pour juillet-ao\u00fbt\u00a02026.<\/p>\n<p>Le lieu accueille 32 enfants en situation de polyhandicaps lourds.\u00a0\u00ab\u00a0Il y a des enfants t\u00e9trapl\u00e9giques, trisomiques ou autistes. Il y a aussi des maladies neurod\u00e9g\u00e9n\u00e9ratives\u00a0\u00bb, pr\u00e9cise Manon Munda, vice-pr\u00e9sidente de l\u2019association. Elle estime le co\u00fbt du voyage \u00e0 20\u00a0000\u00a0\u20ac, la moiti\u00e9 \u00e9tant prise en charge par le fonds de solidarit\u00e9 et d\u00e9veloppement des initiatives \u00e9tudiantes (FSDIE).<\/p>\n<p>Loto, concert et course \u00e0 pied pour financer<\/p>\n<p>Pour financer leur voyage humanitaire, les dix \u00e9tudiants vont organiser plusieurs animations en 2026. \u00ab\u00a0On va faire un loto, le 17\u00a0f\u00e9vrier. On a aussi pr\u00e9vu un concert dans les mois \u00e0 venir et possiblement une course \u00e0 pied\u00a0\u00bb, d\u00e9taille la vice-pr\u00e9sidente.<\/p>\n<p>Une fois sur place, les \u00e9tudiants en kin\u00e9 pourront proposer des activit\u00e9s et soins aux enfants, tout en leur apportant du mat\u00e9riel m\u00e9dical. \u00ab\u00a0\u00c7a nous fera\u00a0une exp\u00e9rience professionnelle au niveau de la p\u00e9diatrie et de la neurologie, ainsi qu\u2019humaine avec cette action humanitaire\u00a0\u00bb, conclut Manon.<\/p>\n<p>Cagnotte sur le site <a href=\"https:\/\/www.helloasso.com\/associations\/hogar-san-jose\" target=\"_blank\" rel=\"noopener\">Hello asso<\/a>.<\/p>\n","protected":false},"excerpt":{"rendered":"Dix \u00e9tudiants de l\u2019institut de formation en masso-kin\u00e9sith\u00e9rapie (IFMK) de Montpellier lancent un appel aux dons pour financer&hellip;\n","protected":false},"author":2,"featured_media":631712,"comment_status":"","ping_status":"","sticky":false,"template":"","format":"standard","meta":{"footnotes":""},"categories":[9599],"tags":[1111,11,1777,674,1011,27,7089,2208,12,2680,25,1857,1932],"class_list":{"0":"post-631711","1":"post","2":"type-post","3":"status-publish","4":"format-standard","5":"has-post-thumbnail","7":"category-montpellier","8":"tag-actu","9":"tag-actualites","10":"tag-eu","11":"tag-europe","12":"tag-fr","13":"tag-france","14":"tag-herault","15":"tag-montpellier","16":"tag-news","17":"tag-occitanie","18":"tag-republique-francaise","19":"tag-sociu00e9tu00e9","20":"tag-solidaritu00e9"},"share_on_mastodon":{"url":"https:\/\/pubeurope.com\/@fr\/115813267789523191","error":""},"_links":{"self":[{"href":"https:\/\/www.europesays.com\/fr\/wp-json\/wp\/v2\/posts\/631711","targetHints":{"allow":["GET"]}}],"collection":[{"href":"https:\/\/www.europesays.com\/fr\/wp-json\/wp\/v2\/posts"}],"about":[{"href":"https:\/\/www.europesays.com\/fr\/wp-json\/wp\/v2\/types\/post"}],"author":[{"embeddable":true,"href":"https:\/\/www.europesays.com\/fr\/wp-json\/wp\/v2\/users\/2"}],"replies":[{"embeddable":true,"href":"https:\/\/www.europesays.com\/fr\/wp-json\/wp\/v2\/comments?post=631711"}],"version-history":[{"count":0,"href":"https:\/\/www.europesays.com\/fr\/wp-json\/wp\/v2\/posts\/631711\/revisions"}],"wp:featuredmedia":[{"embeddable":true,"href":"https:\/\/www.europesays.com\/fr\/wp-json\/wp\/v2\/media\/631712"}],"wp:attachment":[{"href":"https:\/\/www.europesays.com\/fr\/wp-json\/wp\/v2\/media?parent=631711"}],"wp:term":[{"taxonomy":"category","embeddable":true,"href":"https:\/\/www.europesays.com\/fr\/wp-json\/wp\/v2\/categories?post=631711"},{"taxonomy":"post_tag","embeddable":true,"href":"https:\/\/www.europesays.com\/fr\/wp-json\/wp\/v2\/tags?post=631711"}],"curies":[{"name":"wp","href":"https:\/\/api.w.org\/{rel}","templated":true}]}}