{"id":631715,"date":"2025-12-31T08:37:09","date_gmt":"2025-12-31T08:37:09","guid":{"rendered":"https:\/\/www.europesays.com\/fr\/631715\/"},"modified":"2025-12-31T08:37:09","modified_gmt":"2025-12-31T08:37:09","slug":"froid-et-neige-au-programme","status":"publish","type":"post","link":"https:\/\/www.europesays.com\/fr\/631715\/","title":{"rendered":"froid et neige au programme\u00a0?"},"content":{"rendered":"<p>                    Par<br \/>\n        <strong><br \/>\n            <a href=\"https:\/\/actu.fr\/auteur\/eaube\" title=\"Consulter tous les articles de Elo\u00efse Aub\u00e9\" target=\"_blank\" rel=\"noopener\">Elo\u00efse Aub\u00e9<\/a><br \/>\n                    <\/strong><\/p>\n<p>        Publi\u00e9 le<\/p>\n<p>            31 d\u00e9c. 2025 \u00e0 7h10        <\/p>\n<p><strong>On y est\u2009!<\/strong> Ce mercredi 31\u00a0d\u00e9cembre 2025 marque le<strong> dernier jour de l\u2019ann\u00e9e<\/strong>, ouvrant ainsi la porte \u00e0 2026. Certains vont c\u00e9l\u00e9brer le passage \u00e0 la nouvelle ann\u00e9e tandis que d\u2019autres resteront bien au chaud. Et dehors, quel temps fera-t-il\u2009? Le <a href=\"https:\/\/actu.fr\/meteo\/froid-avec-soleil-ou-neige-voici-a-quoi-s-attendre-en-seine-maritime-cette-derniere-semaine-de-l-annee_63628293.html\" target=\"_blank\" rel=\"noopener\">grand froid<\/a>, d\u00e9tect\u00e9 depuis No\u00ebl, va-t-il perdurer\u2009?<\/p>\n<p class=\" wall-content\">Voici les d\u00e9tails de la <strong>m\u00e9t\u00e9o en Seine-Maritime<\/strong> pour le r\u00e9veillon et le jour de l\u2019An.<\/p>\n<p>Gel\u00e9e et brouillard<\/p>\n<p class=\" wall-content\">Une chose est s\u00fbre\u2009: le froid continuera de nous piquer le nez ce mercredi 31 d\u00e9cembre 2025. M\u00e9t\u00e9o France vient d\u2019ailleurs de placer le d\u00e9partement en <strong>vigilance jaune pour neige et verglas<\/strong> jusqu\u2019en milieu de matin\u00e9e.<\/p>\n<p class=\" wall-content\">Ce temps est la cons\u00e9quence d\u2019un <strong>anticyclone<\/strong> [une zone dans l\u2019atmosph\u00e8re o\u00f9 la pression est plus \u00e9lev\u00e9e qu\u2019aux alentours et o\u00f9 l\u2019air est donc plus lourd, NDLR] qui laisse appara\u00eetre de <strong>nouvelles gel\u00e9es<\/strong>. Le matin, \u00ab\u2009il faut compter sur des nuages bas matinaux, parfois accompagn\u00e9s de bancs de brouillard dans les terres\u2009\u00bb, indique \u00e0 76actu Isabelle Laurent, pr\u00e9visionniste chez M\u00e9t\u00e9o France.<\/p>\n<blockquote class=\"ac-article-quote wall-content\">\n<p>Attention les brouillards pourront \u00eatre ponctuellement givrants.<\/p>\n<p>    <strong>Isabelle Laurent<\/strong><br \/>\n        Pr\u00e9visionniste chez M\u00e9t\u00e9o France    <\/p><\/blockquote>\n<p class=\" wall-content\">C\u00f4t\u00e9 temp\u00e9ratures, elles seront comprises <strong>-1 et-3 degr\u00e9s<\/strong> sur l\u2019ensemble du <a href=\"https:\/\/actu.fr\/76actu\/\" target=\"_blank\" rel=\"noopener\">d\u00e9partement<\/a>.<\/p>\n<p>Vid\u00e9os : en ce moment sur Actu<\/p>\n<p class=\" wall-content\">Le long du littoral et dans le pays de Caux, il pourrait y avoir des averses pendant la matin\u00e9e o\u00f9 des \u00ab\u2009petits flocons peuvent se m\u00ealer \u00e0 la pluie en rentrant dans les terres\u2009\u00bb, note de son c\u00f4t\u00e9 M\u00e9t\u00e9o Seine-Maritime.<\/p>\n<p class=\" wall-content\">Au fil de la journ\u00e9e, le soleil pointera le bout de son nez entre deux nuages. Quid de la nuit\u2009? Celle-ci sera marqu\u00e9e par la pr\u00e9sence de nuages en provenance de l\u2019Ouest. Les temp\u00e9ratures minimales atteignent 2 \u00e0 -2 degr\u00e9s du bord de mer vers<strong> le pays de Bray<\/strong>.<\/p>\n<p>Votre r\u00e9gion, votre actu !<\/p>\n<p>Recevez chaque jour les infos qui comptent pour vous.<\/p>\n<p>\t<a href=\"https:\/\/actu.fr\/newsletter\" class=\"ac-btn ac-btn--corner ac-btn--medium ac-btn--blue800\" target=\"_blank\" rel=\"noopener\">S&rsquo;incrire<\/a><br \/>\nLe plan d&rsquo;urgence hivernale activ\u00e9<\/p>\n<p>La pr\u00e9fecture de Seine-Maritime a activ\u00e9, le 24 d\u00e9cembre 2025,  le plan d\u2019urgence hivernale au niveau \u201ctemps froid\u201d, soit le premier niveau de vigilance. Celui-ci est pr\u00e9vu lorsque la temp\u00e9rature ressentie est comprise entre -5 degr\u00e9s et -10 degr\u00e9s. Le deuxi\u00e8me niveau, baptis\u00e9 \u00ab\u00a0grand froid\u00a0\u00bb est lanc\u00e9e lorsque la temp\u00e9rature ressentie est comprise entre &#8211; 11 degr\u00e9s et &#8211; 17 degr\u00e9s et le troisi\u00e8me \u00ab\u00a0froid extr\u00eame\u00a0\u00bb s&rsquo;active quand la temp\u00e9rature ressentie est inf\u00e9rieure \u00e0 \u2013 18 degr\u00e9s.<br \/>Ainsi, depuis le r\u00e9veillon de No\u00ebl, 390 places d\u2019h\u00e9bergement suppl\u00e9mentaires ont \u00e9t\u00e9 activ\u00e9es notamment au Havre et \u00e0 Rouen.<\/p>\n<p>Et la neige\u2009?<\/p>\n<p class=\" wall-content\">Le jeudi 1er\u00a0janvier 2026 marquera un changement de temps avec des pressions en baisse et un vent orient\u00e9 sud-ouest et ouest. \u00c0 la mi-journ\u00e9e, des gouttes pourront tomber dans les terres. Le thermom\u00e8tre, lui, oscillera en journ\u00e9e entre 7 degr\u00e9s (le long de la mer) et 4 degr\u00e9s (\u00e0 l\u2019int\u00e9rieur des terres).<\/p>\n<p class=\" wall-content\">Difficile pour autant d\u2019assurer <strong>un \u00e9pisode neigeux<\/strong>. En effet, la limite entre la neige et la pluie peut se jouer \u00e0 quelques dixi\u00e8mes de degr\u00e9s pr\u00e8s. La temp\u00e9rature du sol, notamment en plaine, est un autre facteur qui d\u00e9termine la tenue, ou non, de la neige<\/p>\n<p class=\" wall-content\">En d\u00e9but d\u2019ann\u00e9e, la Seine-Maritime avait \u00e9t\u00e9 plac\u00e9e en <a href=\"https:\/\/actu.fr\/meteo\/localement-10-centimetres-de-neige-annonces-la-seine-maritime-en-vigilance-orange-ce-mercredi_62085005.html\" target=\"_blank\" rel=\"noopener\">vigilance orange<\/a> en raison de chutes de neige. Reste \u00e0 savoir si ce sc\u00e9nario se reproduire en 2026.<\/p>\n<p>Suivez l\u2019actualit\u00e9 du<a href=\"https:\/\/www.whatsapp.com\/channel\/0029VaKfnf99hXF2ddApFB1D\" target=\"_blank\" rel=\"noopener\">\u00a0Havre<\/a> et de <a href=\"https:\/\/www.whatsapp.com\/channel\/0029VaKfnf99hXF2ddApFB1D\" target=\"_blank\" rel=\"noopener\">Rouen<\/a> sur WhatsApp et sur notre <a href=\"https:\/\/www.tiktok.com\/@76actu.fr?lang=fr\" target=\"_blank\" rel=\"noopener\">compte TikTok<\/a><\/p>\n<p class=\" wall-content\">Personnalisez votre actualit\u00e9 en ajoutant vos villes et m\u00e9dias en favori avec <a href=\"https:\/\/moncompte.actu.fr\" title=\"D\u00e9couvez Mon Actu\" rel=\"nofollow noopener\" data-trk=\"{&quot;cta&quot;:{&quot;action&quot;:&quot;https:\\\/\\\/moncompte.actu.fr&quot;,&quot;category&quot;:&quot;mon compte&quot;,&quot;from&quot;:&quot;article footer&quot;,&quot;name&quot;:&quot;Mon actu&quot;,&quot;type&quot;:&quot;cta&quot;}}\" target=\"_blank\">Mon Actu<\/a>.<\/p>\n<p>                    <script async src=\"\/\/www.tiktok.com\/embed.js\"><\/script><\/p>\n","protected":false},"excerpt":{"rendered":"Par Elo\u00efse Aub\u00e9 Publi\u00e9 le 31 d\u00e9c. 2025 \u00e0 7h10 On y est\u2009! Ce mercredi 31\u00a0d\u00e9cembre 2025 marque&hellip;\n","protected":false},"author":2,"featured_media":631716,"comment_status":"","ping_status":"","sticky":false,"template":"","format":"standard","meta":{"footnotes":""},"categories":[9587],"tags":[1111,11,1777,674,1011,27,3447,2487,2357,10584,12,5161,25,9590],"class_list":{"0":"post-631715","1":"post","2":"type-post","3":"status-publish","4":"format-standard","5":"has-post-thumbnail","7":"category-rouen","8":"tag-actu","9":"tag-actualites","10":"tag-eu","11":"tag-europe","12":"tag-fr","13":"tag-france","14":"tag-froid","15":"tag-meteo","16":"tag-meteo-france","17":"tag-neige","18":"tag-news","19":"tag-normandie","20":"tag-republique-francaise","21":"tag-rouen"},"share_on_mastodon":{"url":"https:\/\/pubeurope.com\/@fr\/115813275665185594","error":""},"_links":{"self":[{"href":"https:\/\/www.europesays.com\/fr\/wp-json\/wp\/v2\/posts\/631715","targetHints":{"allow":["GET"]}}],"collection":[{"href":"https:\/\/www.europesays.com\/fr\/wp-json\/wp\/v2\/posts"}],"about":[{"href":"https:\/\/www.europesays.com\/fr\/wp-json\/wp\/v2\/types\/post"}],"author":[{"embeddable":true,"href":"https:\/\/www.europesays.com\/fr\/wp-json\/wp\/v2\/users\/2"}],"replies":[{"embeddable":true,"href":"https:\/\/www.europesays.com\/fr\/wp-json\/wp\/v2\/comments?post=631715"}],"version-history":[{"count":0,"href":"https:\/\/www.europesays.com\/fr\/wp-json\/wp\/v2\/posts\/631715\/revisions"}],"wp:featuredmedia":[{"embeddable":true,"href":"https:\/\/www.europesays.com\/fr\/wp-json\/wp\/v2\/media\/631716"}],"wp:attachment":[{"href":"https:\/\/www.europesays.com\/fr\/wp-json\/wp\/v2\/media?parent=631715"}],"wp:term":[{"taxonomy":"category","embeddable":true,"href":"https:\/\/www.europesays.com\/fr\/wp-json\/wp\/v2\/categories?post=631715"},{"taxonomy":"post_tag","embeddable":true,"href":"https:\/\/www.europesays.com\/fr\/wp-json\/wp\/v2\/tags?post=631715"}],"curies":[{"name":"wp","href":"https:\/\/api.w.org\/{rel}","templated":true}]}}