{"id":631723,"date":"2025-12-31T08:44:10","date_gmt":"2025-12-31T08:44:10","guid":{"rendered":"https:\/\/www.europesays.com\/fr\/631723\/"},"modified":"2025-12-31T08:44:10","modified_gmt":"2025-12-31T08:44:10","slug":"un-homme-blesse-dans-un-accident-de-la-route-a-nouvoitou-pres-de-rennes","status":"publish","type":"post","link":"https:\/\/www.europesays.com\/fr\/631723\/","title":{"rendered":"Un homme bless\u00e9 dans un accident de la route \u00e0 Nouvoitou, pr\u00e8s de Rennes"},"content":{"rendered":"<p>Mardi soir, \u00e0 Nouvoitou, au sud-est de Rennes, un accident de la route est survenu entre un v\u00e9hicule et un pi\u00e9ton, au niveau du lieu-dit La Lande. Les pompiers ont \u00e9t\u00e9 appel\u00e9s pour intervenir peu apr\u00e8s 21 h 30.<\/p>\n<p>Un quadrag\u00e9naire hospitalis\u00e9<\/p>\n<p>La collision a impliqu\u00e9 quatre personnes : les trois qui \u00e9taient \u00e0 l\u2019int\u00e9rieur du v\u00e9hicule sont indemnes, et le pi\u00e9ton, un homme \u00e2g\u00e9 de 45 ans, en arr\u00eat cardio-respiratoire, a \u00e9t\u00e9 r\u00e9anim\u00e9 par les secours sur place, et a \u00e9t\u00e9 transport\u00e9 \u00e0 l\u2019h\u00f4pital Pontchaillou, \u00e0 Rennes. Au total, neuf sapeurs-pompiers sont intervenus.<\/p>\n","protected":false},"excerpt":{"rendered":"Mardi soir, \u00e0 Nouvoitou, au sud-est de Rennes, un accident de la route est survenu entre un v\u00e9hicule&hellip;\n","protected":false},"author":2,"featured_media":631724,"comment_status":"","ping_status":"","sticky":false,"template":"","format":"standard","meta":{"footnotes":""},"categories":[2821],"tags":[3085,1111,11,829,765,1777,674,118,1011,27,848,12,584,25],"class_list":{"0":"post-631723","1":"post","2":"type-post","3":"status-publish","4":"format-standard","5":"has-post-thumbnail","7":"category-rennes","8":"tag-accidents","9":"tag-actu","10":"tag-actualites","11":"tag-bretagne","12":"tag-en-continu","13":"tag-eu","14":"tag-europe","15":"tag-faits-divers","16":"tag-fr","17":"tag-france","18":"tag-ille-et-vilaine","19":"tag-news","20":"tag-rennes","21":"tag-republique-francaise"},"share_on_mastodon":{"url":"https:\/\/pubeurope.com\/@fr\/115813303099048508","error":""},"_links":{"self":[{"href":"https:\/\/www.europesays.com\/fr\/wp-json\/wp\/v2\/posts\/631723","targetHints":{"allow":["GET"]}}],"collection":[{"href":"https:\/\/www.europesays.com\/fr\/wp-json\/wp\/v2\/posts"}],"about":[{"href":"https:\/\/www.europesays.com\/fr\/wp-json\/wp\/v2\/types\/post"}],"author":[{"embeddable":true,"href":"https:\/\/www.europesays.com\/fr\/wp-json\/wp\/v2\/users\/2"}],"replies":[{"embeddable":true,"href":"https:\/\/www.europesays.com\/fr\/wp-json\/wp\/v2\/comments?post=631723"}],"version-history":[{"count":0,"href":"https:\/\/www.europesays.com\/fr\/wp-json\/wp\/v2\/posts\/631723\/revisions"}],"wp:featuredmedia":[{"embeddable":true,"href":"https:\/\/www.europesays.com\/fr\/wp-json\/wp\/v2\/media\/631724"}],"wp:attachment":[{"href":"https:\/\/www.europesays.com\/fr\/wp-json\/wp\/v2\/media?parent=631723"}],"wp:term":[{"taxonomy":"category","embeddable":true,"href":"https:\/\/www.europesays.com\/fr\/wp-json\/wp\/v2\/categories?post=631723"},{"taxonomy":"post_tag","embeddable":true,"href":"https:\/\/www.europesays.com\/fr\/wp-json\/wp\/v2\/tags?post=631723"}],"curies":[{"name":"wp","href":"https:\/\/api.w.org\/{rel}","templated":true}]}}