{"id":631725,"date":"2025-12-31T08:46:57","date_gmt":"2025-12-31T08:46:57","guid":{"rendered":"https:\/\/www.europesays.com\/fr\/631725\/"},"modified":"2025-12-31T08:46:57","modified_gmt":"2025-12-31T08:46:57","slug":"quiz-room-a-strasbourg-67-experiences-interactives-et-immersives-date-horaires-tarifs","status":"publish","type":"post","link":"https:\/\/www.europesays.com\/fr\/631725\/","title":{"rendered":"Quiz Room \u00e0 Strasbourg (67), Exp\u00e9riences interactives et immersives : date, horaires, tarifs"},"content":{"rendered":"<p class=\"fw-bold font-size-16 my-1\"> 10 rue de l&rsquo;Elbe | <a href=\"https:\/\/www.jds.fr\/strasbourg\/\" target=\"_blank\" rel=\"noopener\">Strasbourg<\/a><\/p>\n<p class=\"fw-bold font-size-16 my-1\"> Payant  (<a href=\"#tarifs\" class=\"js-scrollTo\">voir les d\u00e9tails<\/a>)<\/p>\n<ul class=\"list-unstyled d-flex flex-wrap mt-2\">\n<li class=\"me-2 mb-2\">insolite<\/li>\n<li class=\"me-2 mb-2\">festif<\/li>\n<li class=\"me-2 mb-2\">immersif<\/li>\n<li class=\"me-2 mb-2\">adultes<\/li>\n<li class=\"me-2 mb-2\">amis<\/li>\n<li class=\"me-2 mb-2\">groupes<\/li>\n<li class=\"me-2 mb-2\">int\u00e9rieur<\/li>\n<li class=\"me-2 mb-2\">musique<\/li>\n<li class=\"me-2 mb-2\">sport<\/li>\n<li class=\"me-2 mb-2\">cin\u00e9ma<\/li>\n<li class=\"me-2 mb-2\">anniversaire<\/li>\n<li class=\"me-2 mb-2\">EVG<\/li>\n<li class=\"me-2 mb-2\">EVJF<\/li>\n<\/ul>\n<p><a class=\"btn btn-lg shadow-lg btn-primary rounded-pill fnac_link\" data-fnac=\"haut\" href=\"https:\/\/lb.affilae.com\/r\/?p=5f7dd9b02760126e01e487b3&amp;af=628&amp;lp=https%3A%2F%2Fwww.funbooker.com%2Ffr%2Fannonce%2Fquizz-room-a-strasbourg-67%2Fvoir%3Futm_source%3Daffilae%26utm_medium%3Djds\" target=\"_blank\" rel=\"nofollow noopener\"> Acheter des billets<\/a><\/p>\n<p>Profitez d\u2019une activit\u00e9 insolite en jouant au premier quiz immersif dans un d\u00e9cor digne des plus grands plateaux t\u00e9l\u00e9\u00a0! Rigolade assur\u00e9e, comme au Burger Quiz. Les salles peuvent accueillir jusqu\u2019\u00e0 54 joueurs.<\/p>\n<p><a data-lightbox=\"article\" data-title=\"Quiz Room \u00e0 Strasbourg (67) DR\" class=\"image detail fullwidth  position-relative d-block\" href=\"https:\/\/www.jds.fr\/medias\/image\/quiz-room-a-strasbourg-67-805551-920-0-F.webp\" title=\"Quiz Room \u00e0 Strasbourg (67) DR\" target=\"_blank\" rel=\"noopener\"><br \/>\n<img decoding=\"async\" loading=\"lazy\" src=\"https:\/\/www.europesays.com\/fr\/wp-content\/uploads\/2025\/12\/quiz-room-a-strasbourg-67-805551-1200-0.webp.webp\"   width=\"685\" alt=\"Quiz Room \u00e0 Strasbourg (67)\" class=\"border\"\/><br \/>\nDR<br \/>\nQuiz Room \u00e0 Strasbourg (67)<br \/>\n<\/a><\/p>\n<p>Avec les trois manches, les jokers et les questions signature, tout le monde peut gagner jusqu\u2019au dernier buzz.<\/p>\n<p>Le jour J, \u00e0 vous de choisir les questions parmi six th\u00e8mes\u00a0:<\/p>\n<ul>\n<li>Sport<\/li>\n<li>Vie quotidienne<\/li>\n<li>Soci\u00e9t\u00e9<\/li>\n<li>Premier de la classe<\/li>\n<li>Musique<\/li>\n<li>Cin\u00e9ma et s\u00e9ries<\/li>\n<\/ul>\n<p>Il n\u2019est pas n\u00e9cessaire d\u2019\u00eatre le roi de la culture g\u00e9n\u00e9rale pour s\u2019amuser dans ce jeu\u00a0! Les questions sont accessibles \u00e0 tous et, le plus souvent, tir\u00e9es de la culture populaire. Pour les plus t\u00e9m\u00e9raires, il est possible d\u2019augmenter le niveau de difficult\u00e9 des questions.<\/p>\n<p>En option, pour les EVG, EVJF, anniversaires ou toute autre occasion, il est possible d\u2019int\u00e9grer des questions personnalis\u00e9es dans le jeu. Pour cela, vous pourrez r\u00e9diger vos propres questions.<\/p>\n<p>            Renseignements<\/p>\n<p><strong class=\"font-size-18\">O\u00f9\u00a0:<\/strong><br \/> 10 rue de l&rsquo;Elbe<a class=\"mt-1 d-block ps-4\" href=\"https:\/\/www.jds.fr\/strasbourg\/\" target=\"_blank\" rel=\"noopener\"> 67100 Strasbourg<\/a><\/p>\n<p>Tarifs et billetterie\u00a0: <\/p>\n<p>Tarif 4 \u00e0 6 joueurs, Prix \/ personne : 25\u00a0\u20ac<br \/>Tarif 7 \u00e0 54 joueurs, Prix \/ personne : 22\u00a0\u20ac<br \/>Option 3e partie, Prix \/ personne : 8,80\u00a0\u20ac<br \/>Option \u00ab\u00a0Questions personnalis\u00e9es\u00a0\u00bb, Jusqu&rsquo;\u00e0 10 questions enregistr\u00e9es par un com\u00e9dien : 60\u00a0\u20ac<\/p>\n<p>Les actualit\u00e9s \u00e0 Strasbourg<\/p>\n<ul class=\"mt-3 list-unstyled list-articles-v2\" id=\"liste-dates-6954e2fd4e755\">\n<li class=\"col-12 pt-4\" data-view-id-type=\"1\" data-view-id=\"1306988\" data-view-bc=\"0\"><a class=\"image\" href=\"https:\/\/www.jds.fr\/strasbourg\/magazine\/sorties-du-week-end\/top-5-des-idees-sorties-pour-ce-week-end-a-strasbourg-du-2-au-4-janvier-1306988_A\" target=\"_blank\" rel=\"noopener\"><img decoding=\"async\" loading=\"lazy\" src=\"https:\/\/www.europesays.com\/fr\/wp-content\/uploads\/2025\/12\/feerie-de-noel-a-saverne-3-811198-180-180.webp.webp\" width=\"180\" height=\"180\" alt=\"Top 5 des id\u00e9es sorties pour ce week-end \u00e0 Strasbourg (du 2 au 4 janvier)\" class=\"border\"\/><\/a><\/li>\n<li class=\"col-12 pt-4\" data-view-id-type=\"1\" data-view-id=\"1289835\" data-view-bc=\"0\"><a class=\"image\" href=\"https:\/\/www.jds.fr\/strasbourg\/magazine\/actu-magazine\/cahier-d-activites-en-alsacien-pour-enfants-le-feriespass-de-l-olca-1289835_A\" target=\"_blank\" rel=\"noopener\"><img decoding=\"async\" loading=\"lazy\" src=\"https:\/\/www.europesays.com\/fr\/wp-content\/uploads\/2025\/12\/cahier-d-activites-en-alsacien-pour-enfants-le-fer-796676-180-180.webp.webp\" width=\"180\" height=\"180\" alt=\"Cahier d'activit\u00e9s en alsacien pour enfants : le Feriesp\u00e0ss de l'OLCA\" class=\"border\"\/><\/a><\/li>\n<li class=\"col-12 pt-4\" data-view-id-type=\"1\" data-view-id=\"1283751\" data-view-bc=\"0\"><a class=\"image\" href=\"https:\/\/www.jds.fr\/strasbourg\/magazine\/actu-magazine\/noel-solidaire-a-strasbourg-l-armee-du-salut-relance-ses-marmites-de-noel-1283751_A\" target=\"_blank\" rel=\"noopener\"><img decoding=\"async\" loading=\"lazy\" src=\"https:\/\/www.europesays.com\/fr\/wp-content\/uploads\/2025\/12\/marmites-de-noel-de-l-armee-du-salut-a-strasbourg-793634-180-180.webp.webp\" width=\"180\" height=\"180\" alt=\"No\u00ebl solidaire \u00e0 Strasbourg : l\u2019Arm\u00e9e du Salut relance ses Marmites de No\u00ebl\" class=\"border\"\/><\/a><\/li>\n<\/ul>\n<p><a href=\"https:\/\/www.jds.fr\/strasbourg\/magazine\/\" class=\"btn btn-outline-primary py-2 px-4\" target=\"_blank\" rel=\"noopener\">Voir toutes les actualit\u00e9s \u00e0 Strasbourg<\/a><\/p>\n<p class=\"mt-0 mb-3 h2\">Newsletter JDS Strasbourg<\/p>\n<p class=\"font-size-18 fw-normal lh-sm\">Pr\u00eat pour un week-end de folie\u00a0? Chaque jeudi tous les bons plans sorties<\/p>\n","protected":false},"excerpt":{"rendered":"10 rue de l&rsquo;Elbe | Strasbourg Payant (voir les d\u00e9tails) insolite festif immersif adultes amis groupes int\u00e9rieur musique&hellip;\n","protected":false},"author":2,"featured_media":631726,"comment_status":"","ping_status":"","sticky":false,"template":"","format":"standard","meta":{"footnotes":""},"categories":[2820],"tags":[1111,11,1777,674,1011,27,775,12,25,640],"class_list":{"0":"post-631725","1":"post","2":"type-post","3":"status-publish","4":"format-standard","5":"has-post-thumbnail","7":"category-strasbourg","8":"tag-actu","9":"tag-actualites","10":"tag-eu","11":"tag-europe","12":"tag-fr","13":"tag-france","14":"tag-grand-est","15":"tag-news","16":"tag-republique-francaise","17":"tag-strasbourg"},"share_on_mastodon":{"url":"https:\/\/pubeurope.com\/@fr\/115813315082238262","error":""},"_links":{"self":[{"href":"https:\/\/www.europesays.com\/fr\/wp-json\/wp\/v2\/posts\/631725","targetHints":{"allow":["GET"]}}],"collection":[{"href":"https:\/\/www.europesays.com\/fr\/wp-json\/wp\/v2\/posts"}],"about":[{"href":"https:\/\/www.europesays.com\/fr\/wp-json\/wp\/v2\/types\/post"}],"author":[{"embeddable":true,"href":"https:\/\/www.europesays.com\/fr\/wp-json\/wp\/v2\/users\/2"}],"replies":[{"embeddable":true,"href":"https:\/\/www.europesays.com\/fr\/wp-json\/wp\/v2\/comments?post=631725"}],"version-history":[{"count":0,"href":"https:\/\/www.europesays.com\/fr\/wp-json\/wp\/v2\/posts\/631725\/revisions"}],"wp:featuredmedia":[{"embeddable":true,"href":"https:\/\/www.europesays.com\/fr\/wp-json\/wp\/v2\/media\/631726"}],"wp:attachment":[{"href":"https:\/\/www.europesays.com\/fr\/wp-json\/wp\/v2\/media?parent=631725"}],"wp:term":[{"taxonomy":"category","embeddable":true,"href":"https:\/\/www.europesays.com\/fr\/wp-json\/wp\/v2\/categories?post=631725"},{"taxonomy":"post_tag","embeddable":true,"href":"https:\/\/www.europesays.com\/fr\/wp-json\/wp\/v2\/tags?post=631725"}],"curies":[{"name":"wp","href":"https:\/\/api.w.org\/{rel}","templated":true}]}}