{"id":631727,"date":"2025-12-31T08:48:20","date_gmt":"2025-12-31T08:48:20","guid":{"rendered":"https:\/\/www.europesays.com\/fr\/631727\/"},"modified":"2025-12-31T08:48:20","modified_gmt":"2025-12-31T08:48:20","slug":"rc-strasbourg-saidou-sow-et-karl-johan-johnsson-de-retour","status":"publish","type":"post","link":"https:\/\/www.europesays.com\/fr\/631727\/","title":{"rendered":"RC Strasbourg : Saidou Sow et Karl-Johan Johnsson de retour"},"content":{"rendered":"<p data-start=\"259\" data-end=\"617\"><strong>Apr\u00e8s une semaine de<br \/>\ncoupure li\u00e9e aux f\u00eates de No\u00ebl, le Racing Club de Strasbourg a<br \/>\nrepris le chemin de l\u2019entra\u00eenement ce lundi matin \u00e0 la Meinau. Dans<br \/>\ndes conditions hivernales, les hommes de Liam Rosenior ont<br \/>\ntravaill\u00e9 avec intensit\u00e9 en vue du dernier match de la phase aller<br \/>\nde Ligue 1, programm\u00e9 ce samedi (19h) sur la pelouse de l\u2019OGC<br \/>\nNice.<\/strong><\/p>\n<p data-start=\"619\" data-end=\"768\">Une s\u00e9ance marqu\u00e9e par les<br \/>\nretours de <strong data-start=\"646\" data-end=\"694\">Saidou<br \/>\nSow<\/strong> et <strong data-start=\"646\" data-end=\"694\">Karl-Johan<br \/>\nJohnsson<\/strong> selon DNA,\u00a0deux joueurs suivis de<br \/>\npr\u00e8s par le staff m\u00e9dical ces derni\u00e8res semaines.<\/p>\n<p><strong data-start=\"778\" data-end=\"829\">Saidou Sow de retour apr\u00e8s sa blessure au<br \/>\ngenou<\/strong><\/p>\n<p data-start=\"831\" data-end=\"1105\">Absent ces derniers mois en<br \/>\nraison d\u2019un grave blessure au genou, <strong data-start=\"899\" data-end=\"913\">Saidou Sow<\/strong> a fait son retour \u00e0<br \/>\nl\u2019entra\u00eenement collectif. Le d\u00e9fenseur devrait enfin retrouver la<br \/>\ncomp\u00e9tition officielle ces prochaines semaines et passera<br \/>\nprobablement par la case r\u00e9serve.<\/p>\n<p><strong data-start=\"1268\" data-end=\"1322\">Karl-Johan Johnsson \u00e9galement pr\u00e9sent \u00e0 la<br \/>\nreprise<\/strong><\/p>\n<p data-start=\"1324\" data-end=\"1541\">Autre retour notable : celui<br \/>\nde <strong data-start=\"1356\" data-end=\"1379\">Karl-Johan<br \/>\nJohnsson<\/strong>. Le gardien su\u00e9dois, deuxi\u00e8me dans la hierarchie,<br \/>\ntouch\u00e9 au poignet depuis de longues semaines, a lui aussi retrouv\u00e9<br \/>\nle groupe.<\/p>\n","protected":false},"excerpt":{"rendered":"Apr\u00e8s une semaine de coupure li\u00e9e aux f\u00eates de No\u00ebl, le Racing Club de Strasbourg a repris le&hellip;\n","protected":false},"author":2,"featured_media":483041,"comment_status":"","ping_status":"","sticky":false,"template":"","format":"standard","meta":{"footnotes":""},"categories":[2820],"tags":[1111,11,1777,674,1011,27,775,12,25,640],"class_list":{"0":"post-631727","1":"post","2":"type-post","3":"status-publish","4":"format-standard","5":"has-post-thumbnail","7":"category-strasbourg","8":"tag-actu","9":"tag-actualites","10":"tag-eu","11":"tag-europe","12":"tag-fr","13":"tag-france","14":"tag-grand-est","15":"tag-news","16":"tag-republique-francaise","17":"tag-strasbourg"},"share_on_mastodon":{"url":"https:\/\/pubeurope.com\/@fr\/115813318938652969","error":""},"_links":{"self":[{"href":"https:\/\/www.europesays.com\/fr\/wp-json\/wp\/v2\/posts\/631727","targetHints":{"allow":["GET"]}}],"collection":[{"href":"https:\/\/www.europesays.com\/fr\/wp-json\/wp\/v2\/posts"}],"about":[{"href":"https:\/\/www.europesays.com\/fr\/wp-json\/wp\/v2\/types\/post"}],"author":[{"embeddable":true,"href":"https:\/\/www.europesays.com\/fr\/wp-json\/wp\/v2\/users\/2"}],"replies":[{"embeddable":true,"href":"https:\/\/www.europesays.com\/fr\/wp-json\/wp\/v2\/comments?post=631727"}],"version-history":[{"count":0,"href":"https:\/\/www.europesays.com\/fr\/wp-json\/wp\/v2\/posts\/631727\/revisions"}],"wp:featuredmedia":[{"embeddable":true,"href":"https:\/\/www.europesays.com\/fr\/wp-json\/wp\/v2\/media\/483041"}],"wp:attachment":[{"href":"https:\/\/www.europesays.com\/fr\/wp-json\/wp\/v2\/media?parent=631727"}],"wp:term":[{"taxonomy":"category","embeddable":true,"href":"https:\/\/www.europesays.com\/fr\/wp-json\/wp\/v2\/categories?post=631727"},{"taxonomy":"post_tag","embeddable":true,"href":"https:\/\/www.europesays.com\/fr\/wp-json\/wp\/v2\/tags?post=631727"}],"curies":[{"name":"wp","href":"https:\/\/api.w.org\/{rel}","templated":true}]}}