{"id":631731,"date":"2025-12-31T08:51:13","date_gmt":"2025-12-31T08:51:13","guid":{"rendered":"https:\/\/www.europesays.com\/fr\/631731\/"},"modified":"2025-12-31T08:51:13","modified_gmt":"2025-12-31T08:51:13","slug":"le-best-of-2025-de-mediacites-nantes","status":"publish","type":"post","link":"https:\/\/www.europesays.com\/fr\/631731\/","title":{"rendered":"le \u00ab best of 2025 \u00bb de Mediacit\u00e9s Nantes"},"content":{"rendered":"<p>C\u2019est une figure impos\u00e9e quand une ann\u00e9e se termine et une autre d\u00e9bute\u00a0: \u00e9tablir des classements. \u00c0 Mediacit\u00e9s, nous jetons un coup d\u2019\u0153il dans le r\u00e9troviseur de 2025 en vous proposant trois \u00ab\u202ftop 5\u202f\u00bb de nos enqu\u00eates \u00e0 Nantes. Celui des visiteurs du site de Mediacit\u00e9s, sur la base des audiences g\u00e9n\u00e9r\u00e9es par tel ou tel article. Celui de nos abonn\u00e9s, \u00e0 partir du nombre de lectures enregistr\u00e9es. Et, enfin, un choix compl\u00e8tement subjectif et discr\u00e9tionnaire de la r\u00e9daction de Mediacit\u00e9s Nantes. Bonne lecture\u202f!<\/p>\n<p>Le top 5 des audiences<\/p>\n<p><strong>\ud83e\udd47Apr\u00e8s Pierre\u2010\u00c9douard St\u00e9rin, le groupe Bollor\u00e9 investit dans la start\u2010up nantaise des \u00ab\u202fNuits du bien commun\u202f\u00bb<\/strong><\/p>\n<p>C\u2019est une des derni\u00e8res enqu\u00eates publi\u00e9es par Mediacit\u00e9s en 2025. Elle a \u00e9t\u00e9 men\u00e9e pendant six mois par Ma\u00efa Courtois et Annabelle Martella, membres du collectif Hors cadre. Deux \u00e9l\u00e9ments centraux in\u00e9dits et cruciaux y sont d\u00e9voil\u00e9s. Tout d\u2019abord, elle r\u00e9v\u00e8le le premier investissement capitalistique commun, au sein d\u2019Obole, de Pierre\u2010\u00c9douard St\u00e9rin et Vincent Bollor\u00e9, deux milliardaires proches de l\u2019extr\u00eame droite en France. Ensuite, elle d\u00e9taille comment cette start\u2010up qui organise les fameuses \u2013 et controvers\u00e9es \u2013 <a href=\"https:\/\/www.mediacites.fr\/decryptage\/nantes\/2025\/05\/22\/la-region-pays-de-la-loire-premier-soutien-de-la-nuit-du-bien-commun-de-pierre-edouard-sterin\/\" target=\"_blank\" rel=\"noopener\">\u00ab\u202fNuits du bien commun\u202f\u00bb<\/a> est implant\u00e9e depuis l\u2019origine \u00e0 Nantes. Il s\u2019agit du record de l\u2019audience de l\u2019ann\u00e9e pour Mediacit\u00e9s Nantes avec pr\u00e8s de 120 000\u00a0vues.\u00a0<\/p>\n<blockquote class=\"wp-embedded-content\" data-secret=\"vSZFvVbJm8\">\n<p><a href=\"https:\/\/www.mediacites.fr\/enquete\/nantes\/2025\/12\/15\/apres-pierre-edouard-sterin-le-groupe-bollore-investit-dans-la-start-up-nantaise-des-nuits-du-bien-commun\/\" target=\"_blank\" rel=\"noopener\">Apr\u00e8s Pierre\u2010\u00c9douard St\u00e9rin, le groupe Bollor\u00e9 investit dans la start\u2010up nantaise des \u00ab\u202fNuits du bien commun\u202f\u00bb<\/a><\/p>\n<\/blockquote>\n<p><strong>\ud83e\udd48Dans l\u2019acad\u00e9mie de Nantes, l\u2019enseignement catholique hors de contr\u00f4le<\/strong><\/p>\n<p>1 000 \u00e9tablissements, 260 000 \u00e9l\u00e8ves et\u2026 z\u00e9ro inspection en 2023 et 2024 dans l\u2019enseignement priv\u00e9 nantais. Voil\u00e0 le chiffre \u00e9difiant r\u00e9v\u00e9l\u00e9 par notre journaliste Matthieu Slisse lors d\u2019une enqu\u00eate publi\u00e9e au printemps dernier et qui a cumul\u00e9 94 000 vues. Empoisonn\u00e9 par l\u2019affaire Notre\u2010Dame de B\u00e9tharram, le gouvernement veut d\u00e9sormais revoir ce contr\u00f4le d\u00e9faillant des coll\u00e8ges et lyc\u00e9es priv\u00e9s. Cet \u00e9t\u00e9 a d\u2019ailleurs \u00e9clat\u00e9 \u00e0 Nantes <a href=\"https:\/\/www.mediacites.fr\/decryptage\/nantes\/2025\/09\/04\/le-diocese-de-nantes-face-a-laffaire-des-abus-sexuels-a-saint-stanislas\/\" target=\"_blank\" rel=\"noopener\">l\u2019affaire \u00ab\u202fSaint\u2010Stanislas \u202f\u00bb<\/a> devenue celle des violences sexuelles commises <a href=\"https:\/\/www.mediacites.fr\/breve\/nantes\/2025\/10\/23\/dans-lenseignement-catholique-nantais-plus-de-100-dossiers-ouverts-pour-viols-ou-agressions-sexuelles\/\" target=\"_blank\" rel=\"noopener\">dans l\u2019enseignement confessionnel de Loire\u2010Atlantique<\/a>.<\/p>\n<blockquote class=\"wp-embedded-content\" data-secret=\"GtcfoTFksE\">\n<p><a href=\"https:\/\/www.mediacites.fr\/enquete\/nantes\/2025\/03\/27\/dans-lacademie-de-nantes-lenseignement-catholique-hors-de-controle\/\" target=\"_blank\" rel=\"noopener\">Dans l\u2019acad\u00e9mie de Nantes, l\u2019enseignement catholique hors de contr\u00f4le<\/a><\/p>\n<\/blockquote>\n<p>\ud83e\udd49<strong>Diagnostic pr\u00e9occupant pour le plus grand bidonville de France<\/strong><\/p>\n<p>Depuis plus d\u2019un an, notre journaliste Marine Dumeurger suit ce sujet tr\u00e8s sensible, dont beaucoup de Nantais ne prennent pas la mesure ou ignorent l\u2019existence. De 700 \u00e0 1000 Roms vivent \u00e0 la prairie de Mauves sur un ancien terrain d\u2019une d\u00e9ch\u00e8terie. Ce qui en fait le plus grand bidonville de France m\u00e9tropolitaine. Nantes M\u00e9tropole <a href=\"https:\/\/www.mediacites.fr\/enquete\/nantes\/2025\/10\/23\/bidonvilles-a-nantes-lepineuse-equation-du-relogement-des-roms\/\" target=\"_blank\" rel=\"noopener\">planifie sa r\u00e9sorption<\/a> en y mettant les moyens, pr\u00e8s de 80 millions d\u2019euros, mais avec beaucoup de difficult\u00e9s. La collectivit\u00e9 veut en effet installer sur place un \u00ab\u202fp\u00f4le d\u2019\u00e9cologie urbaine\u202f\u00bb en 2030. Cet article affiche plus de 70 000\u00a0vues.<\/p>\n<blockquote class=\"wp-embedded-content\" data-secret=\"LBVJPbjrHx\">\n<p><a href=\"https:\/\/www.mediacites.fr\/complement-denquete\/nantes\/2025\/04\/10\/le-diagnostic-preoccupant-du-plus-grand-bidonville-de-france\/\" target=\"_blank\" rel=\"noopener\">\u00c0 Nantes, diagnostic pr\u00e9occupant pour le plus grand bidonville de France<\/a><\/p>\n<\/blockquote>\n<p><img loading=\"lazy\" decoding=\"async\" class=\"size-medium wp-image-415138\" src=\"https:\/\/www.europesays.com\/fr\/wp-content\/uploads\/2025\/12\/WhatsApp-Image-2025-10-14-a-12.16.37_3a7447f9-600x400.jpg\" alt=\"\" width=\"600\" height=\"400\"  \/>Une femme dans le bidonville du Moulin des Marais II, au Vieux Doulon, \u00e0 l\u2019est de Nantes. Photo\u00a0: Marine Dumeurger\/Mediacit\u00e9s.<\/p>\n<p>\ud83c\udf96\ufe0f<strong>Pr\u00e8s de Nantes, une voisine d\u2019agriculteurs se bat pour faire reconna\u00eetre le lien entre les pesticides et son cancer<\/strong><\/p>\n<p>La proc\u00e9dure est in\u00e9dite en France et Mediacit\u00e9s <a href=\"https:\/\/www.mediacites.fr\/enquete\/nantes\/2025\/08\/28\/pres-de-nantes-une-voisine-d-agriculteurs-se-bat-pour-faire-reconnaitre-le-lien-entre-les-pesticides-et-son-cancer\/\" target=\"_blank\" rel=\"noopener\">l\u2019a r\u00e9v\u00e9l\u00e9e en ao\u00fbt<\/a> sous la plume de Marion Coisine. \u00c0 Villeneuve\u2010en\u2010Retz, au sud\u2010ouest de Nantes, une assistante maternelle \u00e0 la retraite bataille pour que l\u2019Assurance maladie reconnaisse le lien entre son cancer et les \u00e9pandages de pesticides r\u00e9alis\u00e9s durant des ann\u00e9es par ses voisins mara\u00eechers. Elle esp\u00e8re ainsi cr\u00e9er un pr\u00e9c\u00e9dent pour d\u2019autres malades. Une enqu\u00eate qui a rassembl\u00e9 63 000 vues, soit un tout petit plus que la suivante (58\u00a0000).<\/p>\n<blockquote class=\"wp-embedded-content\" data-secret=\"7KMrBGuKwS\">\n<p><a href=\"https:\/\/www.mediacites.fr\/enquete\/nantes\/2025\/08\/28\/pres-de-nantes-une-voisine-d-agriculteurs-se-bat-pour-faire-reconnaitre-le-lien-entre-les-pesticides-et-son-cancer\/\" target=\"_blank\" rel=\"noopener\">Pr\u00e8s de Nantes, une voisine d\u2019agriculteurs se bat pour faire reconna\u00eetre le lien entre les pesticides\u00a0et\u00a0son\u00a0cancer<\/a><\/p>\n<\/blockquote>\n<p><strong>\ud83c\udf96\ufe0fNoirmoutier\u00a0: la f\u00eate est finie pour l\u2019\u00e9lu n\u1d52 1 de l\u2019\u00eele rattrap\u00e9 par la justice\u00a0<\/strong><\/p>\n<p>Enfin, direction la Vend\u00e9e pour notre cinqui\u00e8me enqu\u00eate la plus lue de l\u2019ann\u00e9e. Mediacit\u00e9s r\u00e9v\u00e9lait \u00e0 l\u2019hiver 2025 que le pr\u00e9sident de la communaut\u00e9 de communes de l\u2019\u00eele de Noirmoutier, Fabien Gaborit, <a href=\"https:\/\/www.mediacites.fr\/enquete\/nantes\/2025\/02\/13\/noirmoutier-la-fete-est-finie-pour-lelu-n1-de-lile-rattrape-par-la-justice\/\" target=\"_blank\" rel=\"noopener\">\u00e9tait rattrap\u00e9 par la justice<\/a>. Elle lui reproche d\u2019avoir ouvert un lieu de r\u00e9ception pouvant accueillir jusqu\u2019\u00e0 300 personnes dans une zone \u00e0 fort risque d\u2019inondation. Le 18 d\u00e9cembre dernier, l\u2019\u00e9lu comparaissait devant le tribunal correctionnel des Sables d\u2019Olonne <a href=\"https:\/\/france3-regions.franceinfo.fr\/pays-de-la-loire\/vendee\/sables-olonne-0\/le-president-de-la-communaute-de-communes-fabien-gaborit-pourrait-etre-condamne-a-une-peine-de-trois-ans-d-ineligibilite-3269333.html\" target=\"_blank\" rel=\"noopener\">en plaidant sa \u00ab\u202fbonne foi\u202f\u00bb<\/a>. Le procureur a requis trois ans d\u2019in\u00e9ligibilit\u00e9 ainsi que plusieurs amendes allant jusqu\u2019\u00e0 200 000 euros. Un premier jugement sera rendu le 12 f\u00e9vrier prochain.<\/p>\n<blockquote class=\"wp-embedded-content\" data-secret=\"hMVM9Ovvjj\">\n<p><a href=\"https:\/\/www.mediacites.fr\/enquete\/nantes\/2025\/02\/13\/noirmoutier-la-fete-est-finie-pour-lelu-n1-de-lile-rattrape-par-la-justice\/\" target=\"_blank\" rel=\"noopener\">Noirmoutier\u00a0: la f\u00eate est finie pour l\u2019\u00e9lu n\u00b01 de l\u2019\u00eele rattrap\u00e9 par la justice<\/a><\/p>\n<\/blockquote>\n<p>Le top 5 des abonn\u00e9s<\/p>\n<p><strong>\ud83e\udd47Ces bars et restaurants nantais en proie aux violences sexistes et sexuelles<\/strong><\/p>\n<p>Nos abonn\u00e9s de Mediacit\u00e9s Nantes n\u2019ont pas pl\u00e9biscit\u00e9 les m\u00eames articles que l\u2019ensemble de nos lecteurs. Le classement est tr\u00e8s serr\u00e9 en termes de lecture et de commentaires. En num\u00e9ro un se place cette enqu\u00eate de longue haleine de Claire Besnard (agence PressPepper) et Ana Pich sur l\u2019arri\u00e8re-cour lugubre de la nuit nantaise, marqu\u00e9e notamment par les violences sexistes et sexuelles \u00e0 r\u00e9p\u00e9tition. Elles ont <a href=\"https:\/\/www.mediacites.fr\/enquete\/nantes\/2025\/10\/16\/ces-bars-et-restaurants-nantais-en-proie-aux-violences-sexistes-et-sexuelles\/\" target=\"_blank\" rel=\"noopener\">recueilli 34 t\u00e9moignages<\/a> de salari\u00e9(e)s et d\u2019acteurs du secteur, en se concentrant sur trois \u00e9tablissements \u00e0 probl\u00e8mes.<\/p>\n<blockquote class=\"wp-embedded-content\" data-secret=\"ZGodB1HCkz\">\n<p><a href=\"https:\/\/www.mediacites.fr\/enquete\/nantes\/2025\/10\/16\/ces-bars-et-restaurants-nantais-en-proie-aux-violences-sexistes-et-sexuelles\/\" target=\"_blank\" rel=\"noopener\">Ces bars et restaurants nantais en proie aux violences sexistes et sexuelles<\/a><\/p>\n<\/blockquote>\n<p><strong>\ud83e\udd48Extr\u00eame droite\u00a0: les bars de Nantes sous influence<\/strong><\/p>\n<p>Dans le m\u00eame domaine, se classe ensuite la plong\u00e9e du journaliste Nicolas Moll\u00e9 dans ces bars sous l\u2019emprise de l\u2019extr\u00eame droite. Une relation politique assum\u00e9e pour les uns, r\u00e9fut\u00e9e pour d\u2019autres, qui a grandement int\u00e9ress\u00e9 nos abonn\u00e9s.<\/p>\n<blockquote class=\"wp-embedded-content\" data-secret=\"w3lHYNLooe\">\n<p><a href=\"https:\/\/www.mediacites.fr\/enquete\/nantes\/2025\/03\/13\/extreme-droite-enquete-sur-les-bars-de-nantes-sous-influence\/\" target=\"_blank\" rel=\"noopener\">Extr\u00eame droite\u00a0: enqu\u00eate sur les bars de Nantes sous influence<\/a><\/p>\n<\/blockquote>\n<p>\ud83e\udd49<strong>\u00c0 qui appartiennent les restaurants nantais\u202f?<\/strong><\/p>\n<p>L\u2019enqu\u00eate pr\u00e9cit\u00e9e sur la restauration de Claire Besnard et Ana Pich comprend <a href=\"https:\/\/www.mediacites.fr\/nantes\/dossier\/restaurants\/\" target=\"_blank\" rel=\"noopener\">en r\u00e9alit\u00e9 trois volets<\/a>. Le premier est centr\u00e9 sur qui poss\u00e8de quels \u00e9tablissements \u00e0 Nantes. Parce que si la cit\u00e9 des ducs de Bretagne compte plus de 1 000 caf\u00e9s et restaurants traditionnels de Nantes, on trouve \u00e0 la t\u00eate des plus embl\u00e9matiques une poign\u00e9e d\u2019investisseurs \u00e0 l\u2019app\u00e9tit f\u00e9roce. (Re)d\u00e9couvrez-les ci\u2010dessous.<\/p>\n<blockquote class=\"wp-embedded-content\" data-secret=\"Cug8YZkRkN\">\n<p><a href=\"https:\/\/www.mediacites.fr\/enquete\/nantes\/2025\/01\/09\/a-qui-appartiennent-les-restaurants-nantais\/\" target=\"_blank\" rel=\"noopener\">\u00c0 qui appartiennent les restaurants nantais\u202f?<\/a><\/p>\n<\/blockquote>\n<p><img loading=\"lazy\" decoding=\"async\" class=\"size-medium wp-image-413911\" src=\"https:\/\/www.europesays.com\/fr\/wp-content\/uploads\/2025\/12\/Dessin2ep3-scaled-e1760452224999-600x400.jpg\" alt=\"\" width=\"600\" height=\"400\"  \/>Consommation d\u2019alcool et de drogues, une fois le rideau d\u2019un bar ferm\u00e9. Dessin\u00a0: Ana\u00a0Pich<\/p>\n<p>\ud83c\udf96\ufe0f<strong>Ren\u00e9 Martin\u00a0: un management entre aura, humiliations et hypersexualisation<\/strong><\/p>\n<p>C\u2019est sans aucun doute la publication de Mediacit\u00e9s Nantes aux retentissements m\u00e9diatiques, politiques et juridiques <a href=\"https:\/\/www.mediacites.fr\/complement-denquete\/nantes\/2025\/12\/04\/la-folle-journee-2026-se-devoile-dans-une-ambiance-tendue-et-sans-rene-martin\/\" target=\"_blank\" rel=\"noopener\">les plus forts<\/a> cette ann\u00e9e. <a href=\"https:\/\/www.mediacites.fr\/enquete\/nantes\/2025\/09\/18\/rene-martin-un-management-entre-aura-humiliations-et-hypersexualisation\/\" target=\"_blank\" rel=\"noopener\">L\u2019enqu\u00eate journalistique<\/a> sur Ren\u00e9 Martin de Pauline Demange\u2010Dilasser et Thibault Dumas (auteur de ces lignes) a dur\u00e9 pr\u00e8s de dix mois. Elle se fonde sur 20 t\u00e9moignages de salari\u00e9es et ex\u2010salari\u00e9es, ainsi que pr\u00e8s de 200 documents. Sans surprise, elle a \u00e9t\u00e9 tr\u00e8s lue et comment\u00e9e par nos abonn\u00e9s.<\/p>\n<blockquote class=\"wp-embedded-content\" data-secret=\"4JXeMXQwmO\">\n<p><a href=\"https:\/\/www.mediacites.fr\/enquete\/nantes\/2025\/09\/18\/rene-martin-un-management-entre-aura-humiliations-et-hypersexualisation\/\" target=\"_blank\" rel=\"noopener\">Ren\u00e9 Martin\u00a0: un management entre aura, humiliations et hypersexualisation<\/a><\/p>\n<\/blockquote>\n<p><strong>\ud83c\udf96\ufe0fLes fausses notes financi\u00e8res du pape de la Folle Journ\u00e9e<\/strong><\/p>\n<p>Logiquement, on trouve en cinqui\u00e8me position de ce classement le second volet de notre enqu\u00eate initiale sur le pape de la Folle journ\u00e9e ainsi que\u00a0de la musique classique en France. Notons que vous pouvez retrouver sur <a href=\"https:\/\/www.mediacites.fr\/nantes\/dossier\/rene-martin\/\" target=\"_blank\" rel=\"noopener\">une page sp\u00e9ciale<\/a> les onze articles consacr\u00e9s \u00e0 \u00ab\u202fl\u2019affaire Ren\u00e9 Martin\u202f\u00bb et \u00e0 ses suites.\u00a0<\/p>\n<blockquote class=\"wp-embedded-content\" data-secret=\"YpGJTZuCV8\">\n<p><a href=\"https:\/\/www.mediacites.fr\/enquete\/nantes\/2025\/09\/18\/rene-martin-les-fausses-notes-financieres-du-pape-de-la-folle-journee\/\" target=\"_blank\" rel=\"noopener\">Ren\u00e9 Martin\u00a0: les fausses notes financi\u00e8res du pape de la Folle Journ\u00e9e de Nantes<\/a><\/p>\n<\/blockquote>\n<p>Le top 5 (subjectif) de la r\u00e9daction<\/p>\n<p><strong>\ud83c\udff5\ufe0fL\u2019enqu\u00eate la plus actuelle. \u00c0 qui profite \u00ab\u202fl\u2019\u00e9conomie de guerre\u202f\u00bb en Loire\u2010Atlantique\u202f?\u00a0<\/strong><\/p>\n<p>Dimanche 21 d\u00e9cembre, le pr\u00e9sident de la R\u00e9publique Emmanuel Macron a confirm\u00e9 la construction d\u2019un <a href=\"https:\/\/www.lefigaro.fr\/international\/78-000-tonnes-310-metres-de-long-2000-marins-30-avions-de-combat-les-dimensions-monumentales-du-nouveau-porte-avions-francais-20251222\" target=\"_blank\" rel=\"noopener\">m\u00e9ga porte\u2010avions fran\u00e7ais<\/a> pour 2038. Baptis\u00e9 PANG (pour \u00ab\u202fporte\u2010avions nouvelle g\u00e9n\u00e9ration\u202f\u00bb), long de 310 m\u00e8tres pour un poids de 78 000 tonnes, le navire est destin\u00e9 \u00e0 remplacer le Charles de Gaulle, entr\u00e9 en service en 2001. Ce seront des entreprises et PME fran\u00e7aises qui le construiront \u00e0 80 %. Or, on en compte 350 en Loire\u2010Atlantique dans le secteur de la d\u00e9fense, notamment Naval Group qui travaille sur\u2026 la propulsion nucl\u00e9aire des porte\u2010avions. L\u2019occasion de (re)lire cette enqu\u00eate de Samuel Hauraix.\u00a0<\/p>\n<blockquote class=\"wp-embedded-content\" data-secret=\"5Z1aOFlNsj\">\n<p><a href=\"https:\/\/www.mediacites.fr\/enquete\/nantes\/2025\/05\/29\/a-qui-profite-leconomie-de-la-guerre-en-loire-atlantique\/\" target=\"_blank\" rel=\"noopener\">\u00c0 qui profite \u00ab\u202fl\u2019\u00e9conomie de guerre\u202f\u00bb en Loire\u2010Atlantique\u202f?<\/a><\/p>\n<\/blockquote>\n<p><strong>\ud83c\udff5\ufe0fL\u2019enqu\u00eate la plus influente. Influenceurs nantais\u00a0: dans les coulisses du business du like<\/strong><\/p>\n<p>Le saviez\u2010vous\u202f? On compte pr\u00e8s de 2 000 influenceurs nantais. Vingt d\u2019entre eux comptent parmi les plus renomm\u00e9s et puissants sur la toile et les r\u00e9seaux sociaux, en cumulant plus de 100 000 abonn\u00e9s. Notre journaliste Marine Dumeurger en a rencontr\u00e9 trois d\u2019entre eux, op\u00e9rant dans des domaines vari\u00e9s\u00a0: Prestigeoff (micro\u2010trottoir), Chanala10 (d\u00e9coration) ou AKSianka (jeux vid\u00e9o). \u00c0 vos scrolls et likes\u202f!<\/p>\n<blockquote class=\"wp-embedded-content\" data-secret=\"fjPDrTNJuH\">\n<p><a href=\"https:\/\/www.mediacites.fr\/enquete\/nantes\/2025\/06\/26\/influenceurs-nantais-dans-les-coulisses-du-business-du-like\/\" target=\"_blank\" rel=\"noopener\">Influenceurs nantais\u00a0: dans les coulisses du business du\u00a0like<\/a><\/p>\n<\/blockquote>\n<p><strong>\ud83c\udff5\ufe0fLe portrait le plus inattendu. Foulques Chombart de Lauwe\u00a0: le franc\u2010tireur de la droite qui veut \u00ab\u202fd\u00e9gager\u202f\u00bb Johanna Rolland<\/strong><\/p>\n<p>Nous pourrions baptiser cela \u00ab\u202fJulien Bainvel, le portrait que vous ne lirez jamais\u202f\u00bb. En effet, pendant plusieurs mois au printemps 2025, Mediacit\u00e9s Nantes a pr\u00e9par\u00e9 le portrait du conseiller municipal et r\u00e9gional nantais. Il apparaissait alors comme le principal candidat de l\u2019opposition de droite et du centre face \u00e0 la maire (PS) sortante Johanna Rolland. Surprise, une primaire est finalement organis\u00e9e in extremis aupr\u00e8s des militants LR <a href=\"https:\/\/hitwest.ouest-france.fr\/primaires-de-la-droite-a-nantes-la-fin-du-fauteuil-pour-deux\" target=\"_blank\" rel=\"noopener\">les 30 et 31 ao\u00fbt<\/a>. Son r\u00e9sultat fut encore plus surprenant\u00a0: le franc\u2010tireur de la droite Foulques Chombart de Lauwe l\u2019emporte largement, d\u00e9fiant tous les pronostics (y compris de Mediacit\u00e9s donc). Vous pouvez (re)d\u00e9couvrir son portrait ci\u2010dessous.<\/p>\n<blockquote class=\"wp-embedded-content\" data-secret=\"IGTpFJrpYH\">\n<p><a href=\"https:\/\/www.mediacites.fr\/enquete\/nantes\/2025\/09\/04\/foulques-chombart-de-lauwe-le-franc-tireur-de-la-droite-qui-veut-degager-johanna-rolland\/\" target=\"_blank\" rel=\"noopener\">Foulques Chombart de Lauwe\u00a0: le franc\u2010tireur de la droite qui veut \u00ab\u202fd\u00e9gager\u202f\u00bb Johanna Rolland<\/a><\/p>\n<\/blockquote>\n<p><strong>\ud83c\udff5\ufe0fL\u2019enqu\u00eate pass\u00e9e inaper\u00e7ue. Au si\u00e8ge de Maisons du monde, licenciements sur fond de strat\u00e9gie low\u2010cost<\/strong><\/p>\n<p>Deux ans d\u2019enqu\u00eate sur une des enseignes de d\u00e9coration les plus c\u00e9l\u00e8bres en France, bas\u00e9e \u00e0 Vertou, pr\u00e8s de Nantes, o\u00f9 travaillent 150 salari\u00e9s. Pourtant, malgr\u00e9 des r\u00e9v\u00e9lations fortes, le t\u00e9moignage franc du fondateur Xavier Marie (parti en 2016), notre article (\u00e9crit par l\u2019auteur de ces lignes) n\u2019a pas trouv\u00e9 son lectorat ni eu d\u2019\u00e9cho m\u00e9diatique. Les prochains mois <a href=\"https:\/\/www.tradingsat.com\/maisons-du-monde-FR0013153541\/actualites\/maisons-du-monde-trop-c-est-trop-pour-tp-icap-midcap-qui-passe-a-l-achat-sur-maisons-du-monde-et-voit-le-titre-gagner-pres-de-40-1147713.html\" target=\"_blank\" rel=\"noopener\">s\u2019annoncent n\u00e9anmoins cruciaux<\/a> pour l\u2019avenir de Maisons du monde. L\u2019occasion de lire (enfin) cette enqu\u00eate.<\/p>\n<blockquote class=\"wp-embedded-content\" data-secret=\"RjbnYjfR7u\">\n<p><a href=\"https:\/\/www.mediacites.fr\/enquete\/nantes\/2025\/02\/06\/maisons-du-monde-apres-la-vague-de-licenciements-la-tentation-du-low-cost\/\" target=\"_blank\" rel=\"noopener\">Au si\u00e8ge de Maisons du monde, licenciements sur fond de strat\u00e9gie low\u2010cost<\/a><\/p>\n<\/blockquote>\n<p><img loading=\"lazy\" decoding=\"async\" class=\"size-medium wp-image-373051\" src=\"https:\/\/www.europesays.com\/fr\/wp-content\/uploads\/2025\/12\/Magasin-Maisons-du-monde-dans-le-centre-ville-de-Nantes-c-Thibault-Dumas-2-600x400.jpg\" alt=\"Magasin Maisons du monde dans le centre-ville de Nantes. Photo : Thibault Dumas\" width=\"600\" height=\"400\"  \/>Magasin Maisons du monde dans le centre\u2010ville de Nantes. Photo\u00a0: Thibault Dumas \/ Mediacit\u00e9s<\/p>\n<p><strong>\ud83c\udff5\ufe0fL\u2019enqu\u00eate la plus originale. WC absents ou indignes sur les chantiers\u00a0: la honte du\u00a0BTP<\/strong><\/p>\n<p>Le journalisme d\u2019investigation ne consiste pas uniquement \u00e0 r\u00e9v\u00e9ler des scandales politico\u2010financiers ou des secrets d\u2019\u00c9tat. C\u2019est aussi essayer de comprendre localement ce qui touche au quotidien des habitants d\u2019une m\u00e9tropole. Nantes accueille par exemple <a href=\"https:\/\/www.lefigaro.fr\/nantes\/nantes-le-nouveau-chu-attendu-pour-2027-s-est-deja-trouve-un-nom-20251120\" target=\"_blank\" rel=\"noopener\">l\u2019un des plus grands chantiers d\u2019Europe<\/a>. De 1300 \u00e0 1500 personnes travaillent en effet chaque jour \u00e0 la construction du nouveau CHU sur l\u2019\u00eele de Nantes. Avec un probl\u00e8me concret\u00a0: celui de la salubrit\u00e9 des WC pour les travailleurs du BTP. Plong\u00e9e \u00e9difiante avec Samuel Hauraix.\u00a0<\/p>\n<blockquote class=\"wp-embedded-content\" data-secret=\"JPfyod5LDw\">\n<p><a href=\"https:\/\/www.mediacites.fr\/enquete\/nantes\/2025\/04\/24\/wc-absents-ou-indignes-sur-les-chantiers-la-honte-du-btp\/\" target=\"_blank\" rel=\"noopener\">WC absents ou indignes sur les chantiers\u00a0: la honte du\u00a0BTP<\/a><\/p>\n<\/blockquote>\n","protected":false},"excerpt":{"rendered":"C\u2019est une figure impos\u00e9e quand une ann\u00e9e se termine et une autre d\u00e9bute\u00a0: \u00e9tablir des classements. \u00c0 Mediacit\u00e9s,&hellip;\n","protected":false},"author":2,"featured_media":631732,"comment_status":"","ping_status":"","sticky":false,"template":"","format":"standard","meta":{"footnotes":""},"categories":[2818],"tags":[1111,11,7023,1813,7168,25056,1771,7426,74039,554,1067,53046,1777,674,1076,74040,53104,48824,1011,27,2480,6945,3228,74041,766,22232,12,36213,2636,2091,24249,60712,53108,25,938,2923,21088,1022,53109,35391],"class_list":{"0":"post-631731","1":"post","2":"type-post","3":"status-publish","4":"format-standard","5":"has-post-thumbnail","7":"category-nantes","8":"tag-actu","9":"tag-actualites","10":"tag-ameublement","11":"tag-armee","12":"tag-bars","13":"tag-bidonville","14":"tag-btp","15":"tag-chu-de-nantes","16":"tag-controles-enseignement-prive","17":"tag-defense","18":"tag-enquete","19":"tag-enseignement-catholique","20":"tag-eu","21":"tag-europe","22":"tag-extreme-droite","23":"tag-fabien-gaborit","24":"tag-folle-journee","25":"tag-foulques-chombart-de-lauwe","26":"tag-fr","27":"tag-france","28":"tag-influenceurs","29":"tag-johanna-rolland","30":"tag-lr","31":"tag-maions-du-monde","32":"tag-nantes","33":"tag-naval-group","34":"tag-news","35":"tag-noirmoutier","36":"tag-pays-de-la-loire","37":"tag-pesticides","38":"tag-pierre-edouard-sterin","39":"tag-prairie-de-mauves","40":"tag-rene-martin","41":"tag-republique-francaise","42":"tag-reseaux-sociaux","43":"tag-restaurants","44":"tag-roms","45":"tag-vincent-bollore","46":"tag-vss","47":"tag-wc"},"share_on_mastodon":{"url":"","error":"Validation failed: Text character limit of 500 exceeded"},"_links":{"self":[{"href":"https:\/\/www.europesays.com\/fr\/wp-json\/wp\/v2\/posts\/631731","targetHints":{"allow":["GET"]}}],"collection":[{"href":"https:\/\/www.europesays.com\/fr\/wp-json\/wp\/v2\/posts"}],"about":[{"href":"https:\/\/www.europesays.com\/fr\/wp-json\/wp\/v2\/types\/post"}],"author":[{"embeddable":true,"href":"https:\/\/www.europesays.com\/fr\/wp-json\/wp\/v2\/users\/2"}],"replies":[{"embeddable":true,"href":"https:\/\/www.europesays.com\/fr\/wp-json\/wp\/v2\/comments?post=631731"}],"version-history":[{"count":0,"href":"https:\/\/www.europesays.com\/fr\/wp-json\/wp\/v2\/posts\/631731\/revisions"}],"wp:featuredmedia":[{"embeddable":true,"href":"https:\/\/www.europesays.com\/fr\/wp-json\/wp\/v2\/media\/631732"}],"wp:attachment":[{"href":"https:\/\/www.europesays.com\/fr\/wp-json\/wp\/v2\/media?parent=631731"}],"wp:term":[{"taxonomy":"category","embeddable":true,"href":"https:\/\/www.europesays.com\/fr\/wp-json\/wp\/v2\/categories?post=631731"},{"taxonomy":"post_tag","embeddable":true,"href":"https:\/\/www.europesays.com\/fr\/wp-json\/wp\/v2\/tags?post=631731"}],"curies":[{"name":"wp","href":"https:\/\/api.w.org\/{rel}","templated":true}]}}