{"id":631735,"date":"2025-12-31T08:53:10","date_gmt":"2025-12-31T08:53:10","guid":{"rendered":"https:\/\/www.europesays.com\/fr\/631735\/"},"modified":"2025-12-31T08:53:10","modified_gmt":"2025-12-31T08:53:10","slug":"avec-les-ecoutants-de-sos-amitie-bordeaux","status":"publish","type":"post","link":"https:\/\/www.europesays.com\/fr\/631735\/","title":{"rendered":"avec les \u00e9coutants de SOS Amiti\u00e9 Bordeaux"},"content":{"rendered":"<p>Il est 16\u00a0heures, ce lundi 29\u00a0d\u00e9cembre, l\u2019heure du passage de t\u00e9moin entre deux \u00ab\u00a0gardes\u00a0\u00bb. Les cinq \u00e9coutantes du jour se retrouvent dans la cuisine. Pas une simple pause mais un moment de partage essentiel entre celles qui ont fini et celles qui vont commencer. \u00ab\u00a0On a l\u2019habitude de prendre un caf\u00e9 ensemble pour se retrouver, se lib\u00e9rer, \u00e9vacuer et se rassurer, c\u2019est un \u00e9change d\u2019exp\u00e9rience\u00a0\u00bb, confie l\u2019une d\u2019elles. Ce jour-l\u00e0, elles ont eu besoin de parler d\u2019un appel. Elles n\u2019en disent pas plus.<\/p>\n<p>La dure p\u00e9riode des f\u00eates<\/p>\n<p>Car la r\u00e9alit\u00e9 du standard est brutale. En France, SOS\u00a0Amiti\u00e9 re\u00e7oit 3,7\u00a0millions d\u2019appels par an, soit un toutes les douze secondes. Ce nombre augmente de 10 \u00e0 12\u00a0% chaque ann\u00e9e. \u00c0 Bordeaux, ce sont 18\u00a0000\u00a0appels par an mais, faute d\u2019effectifs, l\u2019association ne peut r\u00e9pondre qu\u2019\u00e0 un appel sur quatre. \u00ab\u00a0Si nous avions le double d\u2019\u00e9coutants, nous prendrions le double d\u2019appels\u00a0\u00bb, d\u00e9plore <a href=\"https:\/\/www.sudouest.fr\/gironde\/bordeaux-sos-amitie-15990049.php\" target=\"_blank\" rel=\"follow noopener\">Bruno Teisseire, pr\u00e9sident de SOS Amiti\u00e9 Bordeaux<\/a> depuis trois ans, apr\u00e8s avoir \u00e9t\u00e9 lui-m\u00eame un \u00e9coutant durant ses ann\u00e9es d\u2019\u00e9tudiant et seul habilit\u00e9 \u00e0 se montrer \u00e0 visage d\u00e9couvert.<\/p>\n<blockquote><p>\u00ab\u00a0L\u2019association ne peut r\u00e9pondre qu\u2019\u00e0 un appel sur quatre. Si nous avions le double d\u2019\u00e9coutants, nous prendrions le double d\u2019appels\u00a0\u00bb<\/p><\/blockquote>\n<p>La d\u00e9tresse ne conna\u00eet pas de tr\u00eave\u00a0; au contraire, elle se cristallise pendant les f\u00eates. \u00ab\u00a0Ce sont des gens qui n\u2019ont rien \u00e0 acheter \u00e0 personne, qui voient les familles se r\u00e9unir alors qu\u2019ils sont isol\u00e9s, esseul\u00e9s\u00a0\u00bb, glisse le pr\u00e9sident.<\/p>\n<p>Une tendance plus inqui\u00e9tante \u00e9merge depuis trois ou quatre ans\u00a0: l\u2019augmentation des appels des 10-12\u00a0ans qui se confient (via le tchat qui compl\u00e8te le t\u00e9l\u00e9phone). \u00ab\u00a0Harc\u00e8lement scolaire ou sur les r\u00e9seaux sociaux, familles \u00e9clat\u00e9es\u00a0: les rapports sont finalement plus violents par \u00e9cran interpos\u00e9 qu\u2019en direct\u00a0\u00bb, fait remarquer Fran\u00e7oise (1), b\u00e9n\u00e9vole depuis seize\u00a0ans.<\/p>\n<p>Des mots sur les maux<\/p>\n<p>Qui \u00e9coute\u00a0? Statistiquement, deux tiers de femmes et autant de retrait\u00e9s.\u00a0\u00c0 Bordeaux, un lien unit celles que nous avons \u00e9cout\u00e9es\u00a0: l\u2019empathie, l\u2019envie de se rendre utiles. Elles sont venues \u00e0 SOS\u00a0Amiti\u00e9 par une annonce, ou par le site Internet <a href=\"https:\/\/www.jeveuxaider.gouv.fr\/\" target=\"_blank\" rel=\"nofollow noopener\">jeveuxaider.gouv.fr<\/a><\/p>\n<blockquote><p>\u00ab\u00a0Cela m\u2019a appris \u00e0 m\u2019\u00e9couter davantage, \u00e0 faire plus attention \u00e0 mes propres \u00e9motions. On enl\u00e8ve l\u2019armure\u00a0\u00bb<\/p><\/blockquote>\n<p>Devenir b\u00e9n\u00e9vole \u00e0 SOS\u00a0Amiti\u00e9 ne s\u2019improvise pas. Avant de prendre un premier appel, une formation de vingt-cinq semaines, \u00e0 raison de plusieurs heures hebdomadaires, est requise. En plus de cette \u00ab\u00a0bo\u00eete \u00e0 outils\u00a0\u00bb, des r\u00e9unions r\u00e9guli\u00e8res avec un psychologue ext\u00e9rieur \u00e0 l\u2019association font partie de l\u2019engagement. \u00ab\u00a0On se focalise sur l\u2019\u00e9coute, on met des mots sur les maux, on ne donne pas de conseils, on ne juge pas, on est \u00e0 c\u00f4t\u00e9 de la personne, d\u2019\u00e9gal \u00e0 \u00e9gal\u00a0\u00bb, dit Sylvie, formatrice et \u00e9coutante.<\/p>\n<p>\u00ab\u00a0Ce travail sur moi a \u00e9t\u00e9 hyper important, souligne Isabelle. Dans la vie quotidienne, on a tendance \u00e0 donner des conseils, il faut freiner ce penchant naturel, \u00e9viter la tentation de la consolation imm\u00e9diate et creuser le ressenti.\u00a0\u00bb<\/p>\n<p>\u00ab\u00a0Je ne me lamente plus\u00a0\u00bb<\/p>\n<p>On pourrait les croire plomb\u00e9es par ce qu\u2019elles entendent. Au contraire, chaque appel, aussi dur soit-il, les fait grandir. \u00ab\u00a0Cela m\u2019a appris \u00e0 m\u2019\u00e9couter davantage, \u00e0 faire plus attention \u00e0 mes propres \u00e9motions. On enl\u00e8ve l\u2019armure\u00a0\u00bb, souligne Laetitia, issue du monde de la communication. Pour Isabelle, qui dit savoir switcher d\u00e8s qu\u2019elle passe la porte de son domicile, c\u2019est sa \u00ab\u00a0fa\u00e7on de percevoir les autres qui a chang\u00e9. Je sais qu\u2019il peut y avoir des gens en difficult\u00e9 autour de moi, j\u2019ai plus de patience, j\u2019\u00e9coute davantage, je ne me lamente plus sur les petits bobos de la vie\u00a0\u00bb.<\/p>\n<p>Si elles peuvent avoir le sentiment de ne pas \u00eatre all\u00e9es au bout d\u2019une conversation, un appel n\u2019est jamais \u00ab\u00a0rat\u00e9\u00a0\u00bb car \u00ab\u00a0cela voudrait dire qu\u2019on s\u2019\u00e9tait fix\u00e9 un objectif, ce qui n\u2019est pas le cas\u00a0\u00bb, souffle Fran\u00e7oise.<\/p>\n<p>Et puis, parfois, du bout de la ligne, un peu de lumi\u00e8re revient vers elles. Une \u00e9coutante se souvient\u00a0: \u00ab\u00a0Une appelante a remerci\u00e9 l\u2019association en disant que cela lui avait sauv\u00e9 la vie. On touche du doigt notre valeur sociale et soci\u00e9tale.\u00a0\u00bb<\/p>\n<p>(1) Tous les pr\u00e9noms ont \u00e9t\u00e9 chang\u00e9s.<\/p>\n","protected":false},"excerpt":{"rendered":"Il est 16\u00a0heures, ce lundi 29\u00a0d\u00e9cembre, l\u2019heure du passage de t\u00e9moin entre deux \u00ab\u00a0gardes\u00a0\u00bb. Les cinq \u00e9coutantes du&hellip;\n","protected":false},"author":2,"featured_media":631736,"comment_status":"","ping_status":"","sticky":false,"template":"","format":"standard","meta":{"footnotes":""},"categories":[2817],"tags":[1111,11,1997,1777,674,1011,27,12,2219,25],"class_list":{"0":"post-631735","1":"post","2":"type-post","3":"status-publish","4":"format-standard","5":"has-post-thumbnail","7":"category-bordeaux","8":"tag-actu","9":"tag-actualites","10":"tag-bordeaux","11":"tag-eu","12":"tag-europe","13":"tag-fr","14":"tag-france","15":"tag-news","16":"tag-nouvelle-aquitaine","17":"tag-republique-francaise"},"share_on_mastodon":{"url":"https:\/\/pubeurope.com\/@fr\/115813338762277792","error":""},"_links":{"self":[{"href":"https:\/\/www.europesays.com\/fr\/wp-json\/wp\/v2\/posts\/631735","targetHints":{"allow":["GET"]}}],"collection":[{"href":"https:\/\/www.europesays.com\/fr\/wp-json\/wp\/v2\/posts"}],"about":[{"href":"https:\/\/www.europesays.com\/fr\/wp-json\/wp\/v2\/types\/post"}],"author":[{"embeddable":true,"href":"https:\/\/www.europesays.com\/fr\/wp-json\/wp\/v2\/users\/2"}],"replies":[{"embeddable":true,"href":"https:\/\/www.europesays.com\/fr\/wp-json\/wp\/v2\/comments?post=631735"}],"version-history":[{"count":0,"href":"https:\/\/www.europesays.com\/fr\/wp-json\/wp\/v2\/posts\/631735\/revisions"}],"wp:featuredmedia":[{"embeddable":true,"href":"https:\/\/www.europesays.com\/fr\/wp-json\/wp\/v2\/media\/631736"}],"wp:attachment":[{"href":"https:\/\/www.europesays.com\/fr\/wp-json\/wp\/v2\/media?parent=631735"}],"wp:term":[{"taxonomy":"category","embeddable":true,"href":"https:\/\/www.europesays.com\/fr\/wp-json\/wp\/v2\/categories?post=631735"},{"taxonomy":"post_tag","embeddable":true,"href":"https:\/\/www.europesays.com\/fr\/wp-json\/wp\/v2\/tags?post=631735"}],"curies":[{"name":"wp","href":"https:\/\/api.w.org\/{rel}","templated":true}]}}