{"id":631737,"date":"2025-12-31T08:54:10","date_gmt":"2025-12-31T08:54:10","guid":{"rendered":"https:\/\/www.europesays.com\/fr\/631737\/"},"modified":"2025-12-31T08:54:10","modified_gmt":"2025-12-31T08:54:10","slug":"deux-guyanais-mis-en-examen-apres-une-fusillade-mortelle-a-bordeaux","status":"publish","type":"post","link":"https:\/\/www.europesays.com\/fr\/631737\/","title":{"rendered":"deux Guyanais mis en examen apr\u00e8s une fusillade mortelle \u00e0 Bordeaux"},"content":{"rendered":"<p class=\"svelte-qfpp5o first-paragraph\">Trois jeunes hommes ont \u00e9t\u00e9 mis en examen pour tentative de meurtre \u00e0 Bordeaux, apr\u00e8s une fusillade le soir de No\u00ebl dans laquelle un de leur complice pr\u00e9sum\u00e9 avait \u00e9t\u00e9 bless\u00e9 mortellement, a annonc\u00e9 mardi le parquet.<\/p>\n<p>Tentative de meurtre<\/p>\n<p class=\"svelte-qfpp5o\">\u00c2g\u00e9s de 19, 20 et 24 ans et plac\u00e9s en d\u00e9tention provisoire, ils sont suspect\u00e9s de \u00ab\u00a0tentative de meurtre en bande organis\u00e9e au pr\u00e9judice de personnes non identifi\u00e9es \u00e0 ce stade\u00a0\u00bb, \u00ab\u00a0association de malfaiteurs\u00a0\u00bb et \u00ab\u00a0d\u00e9tention d&rsquo;armes en bande organis\u00e9e\u00a0\u00bb, a pr\u00e9cis\u00e9 devant la presse le procureur de la R\u00e9publique, Renaud Gaudeul. Deux d&rsquo;entre eux sont des fr\u00e8res originaires de Guyane et l&rsquo;un des trois a d\u00e9j\u00e0 \u00e9t\u00e9 condamn\u00e9 pour des infractions sur les armes.<\/p>\n<p class=\"svelte-qfpp5o\">Condamn\u00e9e, pour sa part, \u00e0 plusieurs reprises pour des infractions \u00e0 la l\u00e9gislation sur les stup\u00e9fiants et sortie fin novembre de prison, la victime, \u00e2g\u00e9e de 19 ans et domicili\u00e9e \u00e0 Trappes (Yvelines), avait rejoint ses comparses, arriv\u00e9s en train de Reims, dans un logement de l&rsquo;agglom\u00e9ration bordelaise.<\/p>\n<p class=\"svelte-qfpp5o\">Tous les quatre avaient \u00ab\u00a0r\u00e9pondu \u00e0 un appel d&rsquo;un individu (recherch\u00e9 par la police, NDLR) leur demandant de se rendre \u00e0 Bordeaux\u00a0\u00bb, o\u00f9 il leur a fourni une voiture vol\u00e9e pour se d\u00e9placer, a pr\u00e9cis\u00e9 le magistrat. Le 25 d\u00e9cembre au soir, ils se sont rendus sur une place du quartier populaire des Aubiers, o\u00f9 des coups de feu ont alors \u00e9clat\u00e9.<\/p>\n<p>Un probable lien avec le trafic de drogue<\/p>\n<p class=\"svelte-qfpp5o\">La victime qui portait un gilet pare-balles, des gants et une cagoule, a \u00e9t\u00e9 touch\u00e9e \u00e0 trois reprises \u00e0 la t\u00eate, au niveau de l&rsquo;abdomen et \u00e0 une cuisse. \u00ab\u00a0Le ou les auteurs\u00a0\u00bb de ces tirs mortels ne sont \u00ab\u00a0pas encore identifi\u00e9s\u00a0\u00bb, a soulign\u00e9 M. Gaudeul.<\/p>\n<p class=\"svelte-qfpp5o\">Un fusil automatique a \u00e9t\u00e9 retrouv\u00e9 \u00e0 proximit\u00e9 de la voiture abandonn\u00e9e dans leur fuite par les mis en cause, interpell\u00e9s le soir-m\u00eame, tandis qu&rsquo;un fusil \u00e0 pompe et des munitions ont \u00e9t\u00e9 saisis dans un immeuble du quartier.<\/p>\n<p class=\"svelte-qfpp5o\">\u00ab\u00a0La piste largement privil\u00e9gi\u00e9e est celle d&rsquo;un lien avec le trafic de produits stup\u00e9fiants, compte tenu du mode op\u00e9ratoire\u00a0\u00bb et du lieu des faits, \u00ab\u00a0connu comme \u00e9tant un point de deal qu&rsquo;il est particuli\u00e8rement difficile d&rsquo;\u00e9radiquer\u00a0\u00bb, a point\u00e9 le procureur, ajoutant que l&rsquo;implication de personnes venues d&rsquo;autres r\u00e9gions \u00e9tant un ph\u00e9nom\u00e8ne r\u00e9cemment observ\u00e9 \u00e0 Bordeaux.<\/p>\n","protected":false},"excerpt":{"rendered":"Trois jeunes hommes ont \u00e9t\u00e9 mis en examen pour tentative de meurtre \u00e0 Bordeaux, apr\u00e8s une fusillade le&hellip;\n","protected":false},"author":2,"featured_media":631738,"comment_status":"","ping_status":"","sticky":false,"template":"","format":"standard","meta":{"footnotes":""},"categories":[2817],"tags":[1111,11,1997,1777,674,1011,27,12,2219,25],"class_list":{"0":"post-631737","1":"post","2":"type-post","3":"status-publish","4":"format-standard","5":"has-post-thumbnail","7":"category-bordeaux","8":"tag-actu","9":"tag-actualites","10":"tag-bordeaux","11":"tag-eu","12":"tag-europe","13":"tag-fr","14":"tag-france","15":"tag-news","16":"tag-nouvelle-aquitaine","17":"tag-republique-francaise"},"share_on_mastodon":{"url":"https:\/\/pubeurope.com\/@fr\/115813342733833937","error":""},"_links":{"self":[{"href":"https:\/\/www.europesays.com\/fr\/wp-json\/wp\/v2\/posts\/631737","targetHints":{"allow":["GET"]}}],"collection":[{"href":"https:\/\/www.europesays.com\/fr\/wp-json\/wp\/v2\/posts"}],"about":[{"href":"https:\/\/www.europesays.com\/fr\/wp-json\/wp\/v2\/types\/post"}],"author":[{"embeddable":true,"href":"https:\/\/www.europesays.com\/fr\/wp-json\/wp\/v2\/users\/2"}],"replies":[{"embeddable":true,"href":"https:\/\/www.europesays.com\/fr\/wp-json\/wp\/v2\/comments?post=631737"}],"version-history":[{"count":0,"href":"https:\/\/www.europesays.com\/fr\/wp-json\/wp\/v2\/posts\/631737\/revisions"}],"wp:featuredmedia":[{"embeddable":true,"href":"https:\/\/www.europesays.com\/fr\/wp-json\/wp\/v2\/media\/631738"}],"wp:attachment":[{"href":"https:\/\/www.europesays.com\/fr\/wp-json\/wp\/v2\/media?parent=631737"}],"wp:term":[{"taxonomy":"category","embeddable":true,"href":"https:\/\/www.europesays.com\/fr\/wp-json\/wp\/v2\/categories?post=631737"},{"taxonomy":"post_tag","embeddable":true,"href":"https:\/\/www.europesays.com\/fr\/wp-json\/wp\/v2\/tags?post=631737"}],"curies":[{"name":"wp","href":"https:\/\/api.w.org\/{rel}","templated":true}]}}